{"id":99,"date":"2020-08-21T15:25:35","date_gmt":"2020-08-21T13:25:35","guid":{"rendered":"https:\/\/www.elecyt.org\/blog\/?p=99"},"modified":"2020-10-01T15:43:14","modified_gmt":"2020-10-01T13:43:14","slug":"une-vision-oui-mais-sans-hallucinogene","status":"publish","type":"post","link":"https:\/\/www.elecyt.org\/blog\/2020\/08\/21\/une-vision-oui-mais-sans-hallucinogene\/","title":{"rendered":"Une vision ? Oui, mais sans hallucinog\u00e8ne !"},"content":{"rendered":"<h5><strong>B\u00e2tir et communiquer la vision de son projet au moyen d\u2019un \u201cpitch\u201d est de premi\u00e8re importance pour l\u2019entrepreneur. La m\u00e9thode Toastmasters est parfaitement adapt\u00e9e pour s\u2019am\u00e9liorer \u00e0 cet exercice.<\/strong><\/h5>\n<p><img loading=\"lazy\" decoding=\"async\" class=\"aligncenter wp-image-105\" src=\"https:\/\/www.elecyt.org\/blog\/wp-content\/uploads\/2020\/08\/Post_3_photo_1-400x256.png\" alt=\"\" width=\"600\" height=\"384\" srcset=\"https:\/\/www.elecyt.org\/blog\/wp-content\/uploads\/2020\/08\/Post_3_photo_1-400x256.png 400w, https:\/\/www.elecyt.org\/blog\/wp-content\/uploads\/2020\/08\/Post_3_photo_1-1024x656.png 1024w, https:\/\/www.elecyt.org\/blog\/wp-content\/uploads\/2020\/08\/Post_3_photo_1-768x492.png 768w, https:\/\/www.elecyt.org\/blog\/wp-content\/uploads\/2020\/08\/Post_3_photo_1-1200x768.png 1200w, https:\/\/www.elecyt.org\/blog\/wp-content\/uploads\/2020\/08\/Post_3_photo_1.png 1437w\" sizes=\"auto, (max-width: 600px) 100vw, 600px\" \/><\/p>\n<p class=\"has-drop-cap\">Tout bon manuel sur le leadership consacre au moins un chapitre \u00e0 la vision du leader comme source d\u2019inspiration et d\u2019entra\u00eenement des collaborateurs pour atteindre des niveaux de performance \u00e9lev\u00e9s.<\/p>\n<p>Lieu commun\u00a0? Affirmation non d\u00e9montrable\u00a0? Voire\u00a0!<\/p>\n<p>Plus de 50 \u00e9tudes ont mis en \u00e9vidence le lien entre la vision communiqu\u00e9e \u00e0 un auditoire et l\u2019impact sur les r\u00e9sultats attendus par l\u2019orateur, que ce soit dans le monde de l\u2019entreprise, de l\u2019universit\u00e9 ou de la politique. L\u2019expert en entrepreneuriat Robert Baum a notamment montr\u00e9<a href=\"#_ftn1\" name=\"_ftnref1\">[1]<\/a> qu\u2019une vision poss\u00e9dant les bonnes caract\u00e9ristiques avait un impact significatif sur le taux de croissance de l\u2019entreprise. Il a m\u00eame r\u00e9ussi \u00e0 quantifier son impact, qui expliquerait 20% des diff\u00e9rences de croissance entre jeunes pousses.<\/p>\n<p>Quelles sont les caract\u00e9ristiques d\u2019une bonne vision\u00a0? Il faut qu\u2019elle soit <u>br\u00e8ve<\/u> (une trentaine de mots tout au plus) pour \u00eatre facilement communiqu\u00e9e et retenue, <u>claire<\/u> en \u00e9vitant le jargon, suffisamment <u>abstraite<\/u> pour servir de guide aux collaborateurs dans les situations nouvelles, <u>stable<\/u> pour \u00eatre utile suffisamment longtemps, <u>pas trop facile<\/u> \u00e0 atteindre, orient\u00e9e vers le <u>futur lointain<\/u>, <u>inspirante<\/u>, et permettant d\u2019identifier l&rsquo;offre, les march\u00e9s et la strat\u00e9gie cible de l&rsquo;organisation. En outre, son contenu doit \u00eatre ax\u00e9 sur la croissance.<\/p>\n<p>Voici un exemple de vision efficace donn\u00e9 par R. Baum dans le domaine de la menuiserie industrielle: \u201cJe veux que notre entreprise fasse, dans les deux ans qui viennent, les gros titres de la section Industrie du Wall Street Journal mettant en valeur, \u00e0 l\u2019issue d\u2019un projet d\u2019envergure nationale, son savoir-faire artistique\u201d.<\/p>\n<p>Pour un entrepreneur, le \u201cpitch\u201d est un excellent v\u00e9hicule de la vision, car Il peut la d\u00e9cliner en des messages de forme et de longueur diverses destin\u00e9s \u00e0 des auditoires diff\u00e9rents (investisseurs, clients, employ\u00e9s).<\/p>\n<p>Un mod\u00e8le de pitch est fourni par Guy Kawasaki<a href=\"#_ftn2\" name=\"_ftnref2\">[2]<\/a>, selon la s\u00e9quence\u00a0:<\/p>\n<ul>\n<li>Probl\u00e8me\/Opportunit\u00e9\u00a0: Quelle est la souffrance que l&rsquo;on veut diminuer ou le plaisir que l&rsquo;on veut accro\u00eetre?<\/li>\n<li>Proposition de valeur\u00a0: Quelle est l\u2019offre? Quelle est la valeur de la souffrance \u00e9pargn\u00e9e ou du plaisir procur\u00e9?<\/li>\n<li>La pinc\u00e9e de magie\u00a0: Qu\u2019est-ce qui est diff\u00e9rent?<\/li>\n<li>Mod\u00e8le d&rsquo;affaire\u00a0: Comment va-t-on faire de l&rsquo;argent?<\/li>\n<li>Analyse de la concurrence\u00a0: Qui sont-ils\u00a0?<\/li>\n<li>Go-to-market\u00a0: Quelle strat\u00e9gie marketing?<\/li>\n<li>Equipe\u00a0: Quels sont nos talents\u00a0?<\/li>\n<li>Projection financi\u00e8re et m\u00e9triques cl\u00e9s\u00a0: En chiffres, qu\u2019est-ce que cela veut dire\u00a0?<\/li>\n<li>R\u00e9alisations \u00e0 date\u00a0: O\u00f9 en est-on\u00a0?<\/li>\n<\/ul>\n<p>La m\u00e9thode Toastmasters est parfaitement adapt\u00e9e pour permettre \u00e0 chacun d\u2019am\u00e9liorer ses pitchs. Nos deux clubs (lien vers le site) peuvent vous permettre de pratiquer cet exercice. Elles sont organis\u00e9es en trois parties\u00a0: discours non pr\u00e9par\u00e9s (improvisation de 1\u2019 \u00e0 2\u2019), discours pr\u00e9par\u00e9s (par ex. des pitchs de 3\u2019), \u00e9valuations des discours. Pour ces derni\u00e8res, une formation sp\u00e9ciale des membres aux pitchs est organis\u00e9e r\u00e9guli\u00e8rement.<\/p>\n<p>Venez donc faire des \u00e9tincelles, entra\u00eenez-vous \u00e0 partager vos visions, mais sans hallucinog\u00e8ne\u00a0! Nous vous invitons \u00e0 assister gratuitement \u00e0 l\u2019une de nos prochaines r\u00e9unions.<\/p>\n<p><a href=\"#_ftnref1\" name=\"_ftn1\">[1]<\/a> J.R. Baum et al. (1998). A longitudinal study of the relation of vision and vision communication to venture growth in entrepreneurial firms<\/p>\n<p><a href=\"#_ftnref2\" name=\"_ftn2\">[2]<\/a> G. Kawasaki. The Only 10 Slides You Need in Your Pitch<\/p>\n","protected":false},"excerpt":{"rendered":"<p>B\u00e2tir et communiquer la vision de son projet au moyen d\u2019un \u201cpitch\u201d est de premi\u00e8re importance pour l\u2019entrepreneur. La m\u00e9thode Toastmasters est parfaitement adapt\u00e9e pour s\u2019am\u00e9liorer \u00e0 cet exercice. Tout bon manuel sur le leadership consacre au moins un chapitre \u00e0 la vision du leader comme source d\u2019inspiration et d\u2019entra\u00eenement des collaborateurs pour atteindre des [&hellip;]<\/p>\n","protected":false},"author":2,"featured_media":0,"comment_status":"open","ping_status":"open","sticky":false,"template":"","format":"standard","meta":{"_monsterinsights_skip_tracking":false,"_monsterinsights_sitenote_active":false,"_monsterinsights_sitenote_note":"","_monsterinsights_sitenote_category":0,"footnotes":""},"categories":[7,2],"tags":[],"class_list":["post-99","post","type-post","status-publish","format-standard","hentry","category-entrepreneuriat","category-toastmasters"],"yoast_head":"<!-- This site is optimized with the Yoast SEO plugin v27.4 - https:\/\/yoast.com\/product\/yoast-seo-wordpress\/ -->\n<title>Une vision ? Oui, mais sans hallucinog\u00e8ne ! - Fa\u00e7ons de parler<\/title>\n<meta name=\"robots\" content=\"index, follow, max-snippet:-1, max-image-preview:large, max-video-preview:-1\" \/>\n<link rel=\"canonical\" href=\"https:\/\/www.elecyt.org\/blog\/2020\/08\/21\/une-vision-oui-mais-sans-hallucinogene\/\" \/>\n<meta property=\"og:locale\" content=\"fr_FR\" \/>\n<meta property=\"og:type\" content=\"article\" \/>\n<meta property=\"og:title\" content=\"Une vision ? Oui, mais sans hallucinog\u00e8ne ! - Fa\u00e7ons de parler\" \/>\n<meta property=\"og:description\" content=\"B\u00e2tir et communiquer la vision de son projet au moyen d\u2019un \u201cpitch\u201d est de premi\u00e8re importance pour l\u2019entrepreneur. La m\u00e9thode Toastmasters est parfaitement adapt\u00e9e pour s\u2019am\u00e9liorer \u00e0 cet exercice. Tout bon manuel sur le leadership consacre au moins un chapitre \u00e0 la vision du leader comme source d\u2019inspiration et d\u2019entra\u00eenement des collaborateurs pour atteindre des [&hellip;]\" \/>\n<meta property=\"og:url\" content=\"https:\/\/www.elecyt.org\/blog\/2020\/08\/21\/une-vision-oui-mais-sans-hallucinogene\/\" \/>\n<meta property=\"og:site_name\" content=\"Fa\u00e7ons de parler\" \/>\n<meta property=\"article:published_time\" content=\"2020-08-21T13:25:35+00:00\" \/>\n<meta property=\"article:modified_time\" content=\"2020-10-01T13:43:14+00:00\" \/>\n<meta property=\"og:image\" content=\"https:\/\/www.elecyt.org\/blog\/wp-content\/uploads\/2020\/08\/Post_3_photo_1-400x256.png\" \/>\n<meta name=\"author\" content=\"Stephane Gantzer\" \/>\n<meta name=\"twitter:card\" content=\"summary_large_image\" \/>\n<meta name=\"twitter:label1\" content=\"\u00c9crit par\" \/>\n\t<meta name=\"twitter:data1\" content=\"Stephane Gantzer\" \/>\n\t<meta name=\"twitter:label2\" content=\"Dur\u00e9e de lecture estim\u00e9e\" \/>\n\t<meta name=\"twitter:data2\" content=\"3 minutes\" \/>\n<script type=\"application\/ld+json\" class=\"yoast-schema-graph\">{\"@context\":\"https:\\\/\\\/schema.org\",\"@graph\":[{\"@type\":\"Article\",\"@id\":\"https:\\\/\\\/www.elecyt.org\\\/blog\\\/2020\\\/08\\\/21\\\/une-vision-oui-mais-sans-hallucinogene\\\/#article\",\"isPartOf\":{\"@id\":\"https:\\\/\\\/www.elecyt.org\\\/blog\\\/2020\\\/08\\\/21\\\/une-vision-oui-mais-sans-hallucinogene\\\/\"},\"author\":{\"name\":\"Stephane Gantzer\",\"@id\":\"https:\\\/\\\/www.elecyt.org\\\/blog\\\/#\\\/schema\\\/person\\\/cd7dc81253b2db33748afb7355378e8b\"},\"headline\":\"Une vision ? Oui, mais sans hallucinog\u00e8ne !\",\"datePublished\":\"2020-08-21T13:25:35+00:00\",\"dateModified\":\"2020-10-01T13:43:14+00:00\",\"mainEntityOfPage\":{\"@id\":\"https:\\\/\\\/www.elecyt.org\\\/blog\\\/2020\\\/08\\\/21\\\/une-vision-oui-mais-sans-hallucinogene\\\/\"},\"wordCount\":598,\"commentCount\":0,\"publisher\":{\"@id\":\"https:\\\/\\\/www.elecyt.org\\\/blog\\\/#organization\"},\"image\":{\"@id\":\"https:\\\/\\\/www.elecyt.org\\\/blog\\\/2020\\\/08\\\/21\\\/une-vision-oui-mais-sans-hallucinogene\\\/#primaryimage\"},\"thumbnailUrl\":\"https:\\\/\\\/www.elecyt.org\\\/blog\\\/wp-content\\\/uploads\\\/2020\\\/08\\\/Post_3_photo_1-400x256.png\",\"articleSection\":[\"Entrepreneuriat\",\"Toastmasters\"],\"inLanguage\":\"fr-FR\",\"potentialAction\":[{\"@type\":\"CommentAction\",\"name\":\"Comment\",\"target\":[\"https:\\\/\\\/www.elecyt.org\\\/blog\\\/2020\\\/08\\\/21\\\/une-vision-oui-mais-sans-hallucinogene\\\/#respond\"]}]},{\"@type\":\"WebPage\",\"@id\":\"https:\\\/\\\/www.elecyt.org\\\/blog\\\/2020\\\/08\\\/21\\\/une-vision-oui-mais-sans-hallucinogene\\\/\",\"url\":\"https:\\\/\\\/www.elecyt.org\\\/blog\\\/2020\\\/08\\\/21\\\/une-vision-oui-mais-sans-hallucinogene\\\/\",\"name\":\"Une vision ? Oui, mais sans hallucinog\u00e8ne ! - Fa\u00e7ons de parler\",\"isPartOf\":{\"@id\":\"https:\\\/\\\/www.elecyt.org\\\/blog\\\/#website\"},\"primaryImageOfPage\":{\"@id\":\"https:\\\/\\\/www.elecyt.org\\\/blog\\\/2020\\\/08\\\/21\\\/une-vision-oui-mais-sans-hallucinogene\\\/#primaryimage\"},\"image\":{\"@id\":\"https:\\\/\\\/www.elecyt.org\\\/blog\\\/2020\\\/08\\\/21\\\/une-vision-oui-mais-sans-hallucinogene\\\/#primaryimage\"},\"thumbnailUrl\":\"https:\\\/\\\/www.elecyt.org\\\/blog\\\/wp-content\\\/uploads\\\/2020\\\/08\\\/Post_3_photo_1-400x256.png\",\"datePublished\":\"2020-08-21T13:25:35+00:00\",\"dateModified\":\"2020-10-01T13:43:14+00:00\",\"breadcrumb\":{\"@id\":\"https:\\\/\\\/www.elecyt.org\\\/blog\\\/2020\\\/08\\\/21\\\/une-vision-oui-mais-sans-hallucinogene\\\/#breadcrumb\"},\"inLanguage\":\"fr-FR\",\"potentialAction\":[{\"@type\":\"ReadAction\",\"target\":[\"https:\\\/\\\/www.elecyt.org\\\/blog\\\/2020\\\/08\\\/21\\\/une-vision-oui-mais-sans-hallucinogene\\\/\"]}]},{\"@type\":\"ImageObject\",\"inLanguage\":\"fr-FR\",\"@id\":\"https:\\\/\\\/www.elecyt.org\\\/blog\\\/2020\\\/08\\\/21\\\/une-vision-oui-mais-sans-hallucinogene\\\/#primaryimage\",\"url\":\"https:\\\/\\\/www.elecyt.org\\\/blog\\\/wp-content\\\/uploads\\\/2020\\\/08\\\/Post_3_photo_1.png\",\"contentUrl\":\"https:\\\/\\\/www.elecyt.org\\\/blog\\\/wp-content\\\/uploads\\\/2020\\\/08\\\/Post_3_photo_1.png\",\"width\":1437,\"height\":920},{\"@type\":\"BreadcrumbList\",\"@id\":\"https:\\\/\\\/www.elecyt.org\\\/blog\\\/2020\\\/08\\\/21\\\/une-vision-oui-mais-sans-hallucinogene\\\/#breadcrumb\",\"itemListElement\":[{\"@type\":\"ListItem\",\"position\":1,\"name\":\"Accueil\",\"item\":\"https:\\\/\\\/www.elecyt.org\\\/blog\\\/\"},{\"@type\":\"ListItem\",\"position\":2,\"name\":\"Une vision ? Oui, mais sans hallucinog\u00e8ne !\"}]},{\"@type\":\"WebSite\",\"@id\":\"https:\\\/\\\/www.elecyt.org\\\/blog\\\/#website\",\"url\":\"https:\\\/\\\/www.elecyt.org\\\/blog\\\/\",\"name\":\"Fa\u00e7ons de parler\",\"description\":\"La communication par la pratique\",\"publisher\":{\"@id\":\"https:\\\/\\\/www.elecyt.org\\\/blog\\\/#organization\"},\"potentialAction\":[{\"@type\":\"SearchAction\",\"target\":{\"@type\":\"EntryPoint\",\"urlTemplate\":\"https:\\\/\\\/www.elecyt.org\\\/blog\\\/?s={search_term_string}\"},\"query-input\":{\"@type\":\"PropertyValueSpecification\",\"valueRequired\":true,\"valueName\":\"search_term_string\"}}],\"inLanguage\":\"fr-FR\"},{\"@type\":\"Organization\",\"@id\":\"https:\\\/\\\/www.elecyt.org\\\/blog\\\/#organization\",\"name\":\"Fa\u00e7ons de parler\",\"url\":\"https:\\\/\\\/www.elecyt.org\\\/blog\\\/\",\"logo\":{\"@type\":\"ImageObject\",\"inLanguage\":\"fr-FR\",\"@id\":\"https:\\\/\\\/www.elecyt.org\\\/blog\\\/#\\\/schema\\\/logo\\\/image\\\/\",\"url\":\"https:\\\/\\\/www.elecyt.org\\\/blog\\\/wp-content\\\/uploads\\\/2021\\\/10\\\/cropped-Logo-ELECYT-CMJN.jpg\",\"contentUrl\":\"https:\\\/\\\/www.elecyt.org\\\/blog\\\/wp-content\\\/uploads\\\/2021\\\/10\\\/cropped-Logo-ELECYT-CMJN.jpg\",\"width\":966,\"height\":369,\"caption\":\"Fa\u00e7ons de parler\"},\"image\":{\"@id\":\"https:\\\/\\\/www.elecyt.org\\\/blog\\\/#\\\/schema\\\/logo\\\/image\\\/\"}},{\"@type\":\"Person\",\"@id\":\"https:\\\/\\\/www.elecyt.org\\\/blog\\\/#\\\/schema\\\/person\\\/cd7dc81253b2db33748afb7355378e8b\",\"name\":\"Stephane Gantzer\",\"image\":{\"@type\":\"ImageObject\",\"inLanguage\":\"fr-FR\",\"@id\":\"https:\\\/\\\/secure.gravatar.com\\\/avatar\\\/a026a9ac79640a4084e74bf3c5273fdf14b3d26d08f476fcfd36c1d77261b730?s=96&d=mm&r=g\",\"url\":\"https:\\\/\\\/secure.gravatar.com\\\/avatar\\\/a026a9ac79640a4084e74bf3c5273fdf14b3d26d08f476fcfd36c1d77261b730?s=96&d=mm&r=g\",\"contentUrl\":\"https:\\\/\\\/secure.gravatar.com\\\/avatar\\\/a026a9ac79640a4084e74bf3c5273fdf14b3d26d08f476fcfd36c1d77261b730?s=96&d=mm&r=g\",\"caption\":\"Stephane Gantzer\"},\"url\":\"https:\\\/\\\/www.elecyt.org\\\/blog\\\/author\\\/stephane-gantzer\\\/\"}]}<\/script>\n<!-- \/ Yoast SEO plugin. -->","yoast_head_json":{"title":"Une vision ? Oui, mais sans hallucinog\u00e8ne ! - Fa\u00e7ons de parler","robots":{"index":"index","follow":"follow","max-snippet":"max-snippet:-1","max-image-preview":"max-image-preview:large","max-video-preview":"max-video-preview:-1"},"canonical":"https:\/\/www.elecyt.org\/blog\/2020\/08\/21\/une-vision-oui-mais-sans-hallucinogene\/","og_locale":"fr_FR","og_type":"article","og_title":"Une vision ? Oui, mais sans hallucinog\u00e8ne ! - Fa\u00e7ons de parler","og_description":"B\u00e2tir et communiquer la vision de son projet au moyen d\u2019un \u201cpitch\u201d est de premi\u00e8re importance pour l\u2019entrepreneur. La m\u00e9thode Toastmasters est parfaitement adapt\u00e9e pour s\u2019am\u00e9liorer \u00e0 cet exercice. Tout bon manuel sur le leadership consacre au moins un chapitre \u00e0 la vision du leader comme source d\u2019inspiration et d\u2019entra\u00eenement des collaborateurs pour atteindre des [&hellip;]","og_url":"https:\/\/www.elecyt.org\/blog\/2020\/08\/21\/une-vision-oui-mais-sans-hallucinogene\/","og_site_name":"Fa\u00e7ons de parler","article_published_time":"2020-08-21T13:25:35+00:00","article_modified_time":"2020-10-01T13:43:14+00:00","og_image":[{"url":"https:\/\/www.elecyt.org\/blog\/wp-content\/uploads\/2020\/08\/Post_3_photo_1-400x256.png","type":"","width":"","height":""}],"author":"Stephane Gantzer","twitter_card":"summary_large_image","twitter_misc":{"\u00c9crit par":"Stephane Gantzer","Dur\u00e9e de lecture estim\u00e9e":"3 minutes"},"schema":{"@context":"https:\/\/schema.org","@graph":[{"@type":"Article","@id":"https:\/\/www.elecyt.org\/blog\/2020\/08\/21\/une-vision-oui-mais-sans-hallucinogene\/#article","isPartOf":{"@id":"https:\/\/www.elecyt.org\/blog\/2020\/08\/21\/une-vision-oui-mais-sans-hallucinogene\/"},"author":{"name":"Stephane Gantzer","@id":"https:\/\/www.elecyt.org\/blog\/#\/schema\/person\/cd7dc81253b2db33748afb7355378e8b"},"headline":"Une vision ? Oui, mais sans hallucinog\u00e8ne !","datePublished":"2020-08-21T13:25:35+00:00","dateModified":"2020-10-01T13:43:14+00:00","mainEntityOfPage":{"@id":"https:\/\/www.elecyt.org\/blog\/2020\/08\/21\/une-vision-oui-mais-sans-hallucinogene\/"},"wordCount":598,"commentCount":0,"publisher":{"@id":"https:\/\/www.elecyt.org\/blog\/#organization"},"image":{"@id":"https:\/\/www.elecyt.org\/blog\/2020\/08\/21\/une-vision-oui-mais-sans-hallucinogene\/#primaryimage"},"thumbnailUrl":"https:\/\/www.elecyt.org\/blog\/wp-content\/uploads\/2020\/08\/Post_3_photo_1-400x256.png","articleSection":["Entrepreneuriat","Toastmasters"],"inLanguage":"fr-FR","potentialAction":[{"@type":"CommentAction","name":"Comment","target":["https:\/\/www.elecyt.org\/blog\/2020\/08\/21\/une-vision-oui-mais-sans-hallucinogene\/#respond"]}]},{"@type":"WebPage","@id":"https:\/\/www.elecyt.org\/blog\/2020\/08\/21\/une-vision-oui-mais-sans-hallucinogene\/","url":"https:\/\/www.elecyt.org\/blog\/2020\/08\/21\/une-vision-oui-mais-sans-hallucinogene\/","name":"Une vision ? Oui, mais sans hallucinog\u00e8ne ! - Fa\u00e7ons de parler","isPartOf":{"@id":"https:\/\/www.elecyt.org\/blog\/#website"},"primaryImageOfPage":{"@id":"https:\/\/www.elecyt.org\/blog\/2020\/08\/21\/une-vision-oui-mais-sans-hallucinogene\/#primaryimage"},"image":{"@id":"https:\/\/www.elecyt.org\/blog\/2020\/08\/21\/une-vision-oui-mais-sans-hallucinogene\/#primaryimage"},"thumbnailUrl":"https:\/\/www.elecyt.org\/blog\/wp-content\/uploads\/2020\/08\/Post_3_photo_1-400x256.png","datePublished":"2020-08-21T13:25:35+00:00","dateModified":"2020-10-01T13:43:14+00:00","breadcrumb":{"@id":"https:\/\/www.elecyt.org\/blog\/2020\/08\/21\/une-vision-oui-mais-sans-hallucinogene\/#breadcrumb"},"inLanguage":"fr-FR","potentialAction":[{"@type":"ReadAction","target":["https:\/\/www.elecyt.org\/blog\/2020\/08\/21\/une-vision-oui-mais-sans-hallucinogene\/"]}]},{"@type":"ImageObject","inLanguage":"fr-FR","@id":"https:\/\/www.elecyt.org\/blog\/2020\/08\/21\/une-vision-oui-mais-sans-hallucinogene\/#primaryimage","url":"https:\/\/www.elecyt.org\/blog\/wp-content\/uploads\/2020\/08\/Post_3_photo_1.png","contentUrl":"https:\/\/www.elecyt.org\/blog\/wp-content\/uploads\/2020\/08\/Post_3_photo_1.png","width":1437,"height":920},{"@type":"BreadcrumbList","@id":"https:\/\/www.elecyt.org\/blog\/2020\/08\/21\/une-vision-oui-mais-sans-hallucinogene\/#breadcrumb","itemListElement":[{"@type":"ListItem","position":1,"name":"Accueil","item":"https:\/\/www.elecyt.org\/blog\/"},{"@type":"ListItem","position":2,"name":"Une vision ? Oui, mais sans hallucinog\u00e8ne !"}]},{"@type":"WebSite","@id":"https:\/\/www.elecyt.org\/blog\/#website","url":"https:\/\/www.elecyt.org\/blog\/","name":"Fa\u00e7ons de parler","description":"La communication par la pratique","publisher":{"@id":"https:\/\/www.elecyt.org\/blog\/#organization"},"potentialAction":[{"@type":"SearchAction","target":{"@type":"EntryPoint","urlTemplate":"https:\/\/www.elecyt.org\/blog\/?s={search_term_string}"},"query-input":{"@type":"PropertyValueSpecification","valueRequired":true,"valueName":"search_term_string"}}],"inLanguage":"fr-FR"},{"@type":"Organization","@id":"https:\/\/www.elecyt.org\/blog\/#organization","name":"Fa\u00e7ons de parler","url":"https:\/\/www.elecyt.org\/blog\/","logo":{"@type":"ImageObject","inLanguage":"fr-FR","@id":"https:\/\/www.elecyt.org\/blog\/#\/schema\/logo\/image\/","url":"https:\/\/www.elecyt.org\/blog\/wp-content\/uploads\/2021\/10\/cropped-Logo-ELECYT-CMJN.jpg","contentUrl":"https:\/\/www.elecyt.org\/blog\/wp-content\/uploads\/2021\/10\/cropped-Logo-ELECYT-CMJN.jpg","width":966,"height":369,"caption":"Fa\u00e7ons de parler"},"image":{"@id":"https:\/\/www.elecyt.org\/blog\/#\/schema\/logo\/image\/"}},{"@type":"Person","@id":"https:\/\/www.elecyt.org\/blog\/#\/schema\/person\/cd7dc81253b2db33748afb7355378e8b","name":"Stephane Gantzer","image":{"@type":"ImageObject","inLanguage":"fr-FR","@id":"https:\/\/secure.gravatar.com\/avatar\/a026a9ac79640a4084e74bf3c5273fdf14b3d26d08f476fcfd36c1d77261b730?s=96&d=mm&r=g","url":"https:\/\/secure.gravatar.com\/avatar\/a026a9ac79640a4084e74bf3c5273fdf14b3d26d08f476fcfd36c1d77261b730?s=96&d=mm&r=g","contentUrl":"https:\/\/secure.gravatar.com\/avatar\/a026a9ac79640a4084e74bf3c5273fdf14b3d26d08f476fcfd36c1d77261b730?s=96&d=mm&r=g","caption":"Stephane Gantzer"},"url":"https:\/\/www.elecyt.org\/blog\/author\/stephane-gantzer\/"}]}},"_links":{"self":[{"href":"https:\/\/www.elecyt.org\/blog\/wp-json\/wp\/v2\/posts\/99","targetHints":{"allow":["GET"]}}],"collection":[{"href":"https:\/\/www.elecyt.org\/blog\/wp-json\/wp\/v2\/posts"}],"about":[{"href":"https:\/\/www.elecyt.org\/blog\/wp-json\/wp\/v2\/types\/post"}],"author":[{"embeddable":true,"href":"https:\/\/www.elecyt.org\/blog\/wp-json\/wp\/v2\/users\/2"}],"replies":[{"embeddable":true,"href":"https:\/\/www.elecyt.org\/blog\/wp-json\/wp\/v2\/comments?post=99"}],"version-history":[{"count":6,"href":"https:\/\/www.elecyt.org\/blog\/wp-json\/wp\/v2\/posts\/99\/revisions"}],"predecessor-version":[{"id":106,"href":"https:\/\/www.elecyt.org\/blog\/wp-json\/wp\/v2\/posts\/99\/revisions\/106"}],"wp:attachment":[{"href":"https:\/\/www.elecyt.org\/blog\/wp-json\/wp\/v2\/media?parent=99"}],"wp:term":[{"taxonomy":"category","embeddable":true,"href":"https:\/\/www.elecyt.org\/blog\/wp-json\/wp\/v2\/categories?post=99"},{"taxonomy":"post_tag","embeddable":true,"href":"https:\/\/www.elecyt.org\/blog\/wp-json\/wp\/v2\/tags?post=99"}],"curies":[{"name":"wp","href":"https:\/\/api.w.org\/{rel}","templated":true}]}}