{"id":891,"date":"2025-06-20T10:52:19","date_gmt":"2025-06-20T08:52:19","guid":{"rendered":"https:\/\/www.elecyt.org\/blog\/?p=891"},"modified":"2025-06-20T11:25:03","modified_gmt":"2025-06-20T09:25:03","slug":"la-posture-daccompagnement-liberer-la-motivation-avec-lentretien-motivationnel","status":"publish","type":"post","link":"https:\/\/www.elecyt.org\/blog\/2025\/06\/20\/la-posture-daccompagnement-liberer-la-motivation-avec-lentretien-motivationnel\/","title":{"rendered":"La Posture d\u2019Accompagnement : Lib\u00e9rer la Motivation avec l\u2019Entretien Motivationnel"},"content":{"rendered":"<h5 style=\"text-align: center;\"><strong>Et si la cl\u00e9 pour aider un jeune \u00e0 trouver sa voie professionnelle r\u00e9sidait dans l\u2019\u00e9coute active et la motivation plut\u00f4t que dans les conseils directifs ?<\/strong><\/h5>\n<p><img loading=\"lazy\" decoding=\"async\" class=\"aligncenter wp-image-894 size-large\" src=\"https:\/\/www.elecyt.org\/blog\/wp-content\/uploads\/2025\/06\/Post_117_photo_1-1-1024x683.png\" alt=\"\" width=\"580\" height=\"387\" srcset=\"https:\/\/www.elecyt.org\/blog\/wp-content\/uploads\/2025\/06\/Post_117_photo_1-1-1024x683.png 1024w, https:\/\/www.elecyt.org\/blog\/wp-content\/uploads\/2025\/06\/Post_117_photo_1-1-400x267.png 400w, https:\/\/www.elecyt.org\/blog\/wp-content\/uploads\/2025\/06\/Post_117_photo_1-1-768x512.png 768w, https:\/\/www.elecyt.org\/blog\/wp-content\/uploads\/2025\/06\/Post_117_photo_1-1-1200x800.png 1200w, https:\/\/www.elecyt.org\/blog\/wp-content\/uploads\/2025\/06\/Post_117_photo_1-1.png 1536w\" sizes=\"auto, (max-width: 580px) 100vw, 580px\" \/><\/p>\n<p class=\"has-drop-cap\">Initialement d\u00e9velopp\u00e9 dans le champ de la sant\u00e9 pour le traitement des addictions par William R. Miller et Stephen Rollnick, l&rsquo;entretien motivationnel (EM) a d\u00e9montr\u00e9 son efficacit\u00e9 dans de nombreux domaines d&rsquo;accompagnement. En effet, son adoption croissante s&rsquo;explique par sa capacit\u00e9 unique \u00e0 g\u00e9n\u00e9rer ce qu&rsquo;on appelle le \u00ab\u00a0discours-changement\u00a0\u00bb. Il s&rsquo;agit des arguments exprim\u00e9s spontan\u00e9ment par la personne elle-m\u00eame en faveur d&rsquo;une transformation.<\/p>\n<p class=\"ds-markdown-paragraph\">Contrairement aux approches traditionnelles souvent directives, l&rsquo;EM repose sur un principe fondamental : c&rsquo;est lorsque la personne formule elle-m\u00eame ses raisons de changer qu&rsquo;elle est le plus susceptible de passer \u00e0 l&rsquo;action. De ce fait, cette m\u00e9thode transforme radicalement la relation d&rsquo;accompagnement, faisant du mentor non plus un prescripteur de solutions mais un facilitateur de prise de conscience.<\/p>\n<p class=\"ds-markdown-paragraph\">Par ailleurs, plusieurs \u00e9tudes longitudinales ont mesur\u00e9 l&rsquo;impact de cette approche. Plus pr\u00e9cis\u00e9ment, dans le domaine de la sant\u00e9, o\u00f9 elle est appliqu\u00e9e depuis plus de 30 ans, les r\u00e9sultats montrent une am\u00e9lioration significative de l&rsquo;observance th\u00e9rapeutique et des changements de comportement durables. Par cons\u00e9quent, ces succ\u00e8s ont naturellement conduit \u00e0 son adaptation dans le champ de l&rsquo;insertion professionnelle, avec des r\u00e9sultats tout aussi prometteurs.<\/p>\n<h6 class=\"ds-markdown-paragraph\"><strong>P<\/strong>ourquoi l&rsquo;EM est-il particuli\u00e8rement adapt\u00e9 \u00e0 l&rsquo;accompagnement vers l&#8217;emploi ?<\/h6>\n<p class=\"ds-markdown-paragraph\">La recherche d&#8217;emploi ou de formation constitue un parcours sem\u00e9 d&#8217;emb\u00fbches psychologiques souvent sous-estim\u00e9es. En r\u00e9alit\u00e9, de nombreux jeunes en insertion doivent simultan\u00e9ment faire face \u00e0 des d\u00e9fis multiples : manque de confiance en soi, peur du rejet, sentiment d&rsquo;ill\u00e9gitimit\u00e9, ou encore difficult\u00e9 \u00e0 se projeter dans un avenir professionnel d\u00e9sirable. C&rsquo;est pourquoi les approches purement techniques (r\u00e9daction de CV, pr\u00e9paration aux entretiens) montrent parfois leurs limites.<\/p>\n<p class=\"ds-markdown-paragraph\">Dans ce contexte, l&rsquo;EM apporte une r\u00e9ponse \u00e0 ces d\u00e9fis en s&rsquo;attaquant aux racines m\u00eames de la motivation. En premier lieu, il permet de d\u00e9passer l&rsquo;ambivalence naturelle face au changement. Ensuite, il aide la personne \u00e0 connecter ses aspirations professionnelles avec ses valeurs profondes. Enfin, il transforme la perception des obstacles en d\u00e9fis surmontables.<\/p>\n<p class=\"ds-markdown-paragraph\">Pour illustrer cela, les <a href=\"https:\/\/www.elecyt.org\/blog\/2022\/12\/19\/lentretien-motivationnel-pour-accompagner-les-chomeurs-quelle-efficacite\/\" target=\"_blank\" rel=\"noopener\">recherches men\u00e9es<\/a> par Eileen Britt en Nouvelle-Z\u00e9lande ont d\u00e9montr\u00e9 l&rsquo;efficacit\u00e9 concr\u00e8te de cette approche. Concr\u00e8tement, sur un \u00e9chantillon significatif de demandeurs d&#8217;emploi, ceux b\u00e9n\u00e9ficiant d&rsquo;un accompagnement en EM ont montr\u00e9 non seulement une plus grande pers\u00e9v\u00e9rance dans leur recherche, mais surtout un taux de retour \u00e0 l&#8217;emploi sup\u00e9rieur de 25% par rapport aux m\u00e9thodes traditionnelles.<\/p>\n<h6 class=\"ds-markdown-paragraph\"><strong>Les fondements scientifiques de l&rsquo;efficacit\u00e9 de l&rsquo;EM<\/strong><\/h6>\n<p class=\"ds-markdown-paragraph\">La puissance de l&rsquo;EM repose sur des bases scientifiques solides. En effet, la psychologie motivationnelle a identifi\u00e9 plusieurs m\u00e9canismes cl\u00e9s que cette approche active de mani\u00e8re particuli\u00e8rement efficace.<\/p>\n<p class=\"ds-markdown-paragraph\">Premi\u00e8rement, l&rsquo;effet de dissonance cognitive : Lorsqu&rsquo;une personne per\u00e7oit un \u00e9cart entre ses valeurs et ses actions, elle \u00e9prouve un inconfort psychologique qui peut devenir un puissant moteur de changement. Ainsi, l&rsquo;EM amplifie d\u00e9lib\u00e9r\u00e9ment cette prise de conscience.<\/p>\n<p class=\"ds-markdown-paragraph\">Deuxi\u00e8mement, l&rsquo;auto-persuasion : Comme le soulignent les recherches, les arguments que nous formulons nous-m\u00eames ont beaucoup plus de poids que ceux qui nous sont impos\u00e9s. D&rsquo;ailleurs, comme l&rsquo;\u00e9crivait Pascal : \u00ab On se persuade mieux, pour l&rsquo;ordinaire, par les raisons qu&rsquo;on a soi-m\u00eame trouv\u00e9es, que par celles qui sont venues dans l&rsquo;esprit des autres \u00bb. En r\u00e9alit\u00e9, c&rsquo;est tout l&rsquo;art de l&rsquo;EM que de faire \u00e9merger ces arguments personnels.<\/p>\n<p class=\"ds-markdown-paragraph\">Enfin, la th\u00e9orie de l&rsquo;autod\u00e9termination : cette approche d\u00e9montre clairement que la motivation intrins\u00e8que (faire les choses par int\u00e9r\u00eat personnel) est bien plus puissante que la motivation extrins\u00e8que (faire les choses pour obtenir une r\u00e9compense ou \u00e9viter une punition). Par cons\u00e9quent, l&rsquo;EM capitalise sur ce principe fondamental.<\/p>\n<h6><strong>Mettre en \u0153uvre l&rsquo;EM en insertion professionnelle : une d\u00e9marche rigoureuse en quatre phases<\/strong><\/h6>\n<h5 class=\"ds-markdown-paragraph\"><span style=\"font-size: 14pt;\"><strong>Tout d&rsquo;abord, \u00e9tablir une alliance de qualit\u00e9<\/strong><\/span><\/h5>\n<p class=\"ds-markdown-paragraph\">Au d\u00e9marrage de la relation, cette phase cruciale consiste \u00e0 cr\u00e9er un climat de s\u00e9curit\u00e9 psychologique o\u00f9 le jeune se sent \u00e9cout\u00e9 sans jugement. Concr\u00e8tement, le mentor adopte une posture d&rsquo;ouverture, manifestant une curiosit\u00e9 authentique pour le v\u00e9cu et les perspectives de la personne. Il est essentiel de noter qu&rsquo;il \u00e9vite soigneusement les pi\u00e8ges classiques : donner des conseils pr\u00e9matur\u00e9s, minimiser les difficult\u00e9s ou imposer son propre agenda.<\/p>\n<p class=\"ds-markdown-paragraph\">Pour y parvenir, des techniques sp\u00e9cifiques favorisent cet engagement. Il s&rsquo;agit notamment de la reformulation en miroir (\u00ab\u00a0Si je comprends bien, tu te sens&#8230;\u00a0\u00bb), mais aussi les questions ouvertes (\u00ab\u00a0Qu&rsquo;est-ce qui est important pour toi dans un travail ?\u00a0\u00bb). Sans oublier la valorisation des efforts (\u00ab Tu as montr\u00e9 beaucoup de d\u00e9termination dans ta recherche d&rsquo;une alternance \u00bb) et enfin, les r\u00e9sum\u00e9s (\u00ab Pour r\u00e9sumer, tu as l&rsquo;intention de rechercher un emploi dans le marketing digital&#8230; \u00bb)<\/p>\n<h5 class=\"ds-markdown-paragraph\"><span style=\"font-size: 14pt;\"><strong>Ensuite, clarifier les objectifs et les priorit\u00e9s<\/strong><\/span><\/h5>\n<p class=\"ds-markdown-paragraph\">Fr\u00e9quemment, beaucoup de jeunes en insertion sont confront\u00e9s \u00e0 une multitude de d\u00e9fis entrem\u00eal\u00e9s. Face \u00e0 cette complexit\u00e9, le r\u00f4le du mentor est d&rsquo;aider \u00e0 mettre de l&rsquo;ordre dans ces pr\u00e9occupations pour identifier un objectif mobilisateur.<\/p>\n<p class=\"ds-markdown-paragraph\">Pour ce faire, cette phase peut s&rsquo;appuyer sur, d&rsquo;une part, la technique de l&rsquo;\u00e9ventail (\u00ab\u00a0Parmi toutes ces pr\u00e9occupations, laquelle te semble la plus urgente \u00e0 r\u00e9gler ?\u00a0\u00bb). Et d&rsquo;autre part, la projection positive (\u00ab\u00a0Si un probl\u00e8me \u00e9tait r\u00e9solu, lequel aurait le plus d&rsquo;impact positif ?\u00a0\u00bb)<\/p>\n<h5 class=\"ds-markdown-paragraph\"><span style=\"font-size: 14pt;\"><strong>Puis, faire \u00e9merger et amplifier le discours-changement<\/strong><\/span><\/h5>\n<p class=\"ds-markdown-paragraph\">Soulignons que c&rsquo;est le c\u0153ur strat\u00e9gique de l&rsquo;EM. Effectivement, le mentor utilise diverses techniques pour aider le jeune \u00e0 formuler ses propres motivations au changement. Plus pr\u00e9cis\u00e9ment, plus ce \u00ab\u00a0discours-changement\u00a0\u00bb est riche et personnel, plus les chances de passage \u00e0 l&rsquo;action sont \u00e9lev\u00e9es. C&rsquo;est pourquoi cette \u00e9tape demande une attention particuli\u00e8re<\/p>\n<p>Parmi les outils les plus efficaces :<\/p>\n<ul>\n<li>La projection dans le futur :<br \/>\n\u00ab\u00a0Imagine que nous nous retrouvons dans 5 ans et que tout s&rsquo;est merveilleusement bien pass\u00e9. Qu&rsquo;est-ce qui serait diff\u00e9rent dans ta vie professionnelle ?\u00a0\u00bb<\/li>\n<\/ul>\n<ul>\n<li>L&rsquo;\u00e9chelle de motivation :<br \/>\n\u00ab\u00a0Sur une \u00e9chelle de 0 \u00e0 10, \u00e0 quel point es-tu motiv\u00e9 pour suivre cette formation ? Pourquoi as-tu mis 6 et pas 4 ? Qu&rsquo;est-ce qui te ferait passer \u00e0 7 ?\u00a0\u00bb<\/li>\n<li>L&rsquo;exploration des valeurs :<br \/>\n\u00ab\u00a0Qu&rsquo;est-ce qui est vraiment important pour toi dans la vie ? Comment ton projet professionnel s&rsquo;aligne-t-il avec ces valeurs ?\u00a0\u00bb<\/li>\n<li>Le bilan d\u00e9cisionnel :<br \/>\n\u00ab\u00a0Quels seraient les avantages \u00e0 te lancer dans cette formation ? Quels pourraient \u00eatre les inconv\u00e9nients ? Et si tu ne faisais rien, quelles en seraient les cons\u00e9quences ?\u00a0\u00bb<\/li>\n<\/ul>\n<h5><span style=\"font-size: 14pt;\"><strong>Enfin, consolider l&rsquo;engagement et planifier l&rsquo;action<\/strong><\/span><\/h5>\n<p>Lorsque le discours-changement atteint une intensit\u00e9 suffisante, le mentor aide le jeune \u00e0 traduire cette motivation en plan d&rsquo;action concret. Cette phase combine plusieurs \u00e9l\u00e9ments cl\u00e9s :<\/p>\n<ul>\n<li>La formulation d&rsquo;un engagement clair : \u00ab\u00a0Qu&rsquo;est-ce que tu d\u00e9cides de faire, concr\u00e8tement ?\u00a0\u00bb<\/li>\n<li>L&rsquo;anticipation des obstacles : \u00ab\u00a0Qu&rsquo;est-ce qui pourrait t&#8217;emp\u00eacher de r\u00e9aliser cette action ? Comment pourrais-tu contourner ces difficult\u00e9s ?\u00a0\u00bb<\/li>\n<li>La planification d\u00e9taill\u00e9e : \u00ab\u00a0Quand exactement vas-tu faire cette d\u00e9marche ? De quels ressources as-tu besoin ?\u00a0\u00bb<\/li>\n<\/ul>\n<h6><strong>Cas pratique : le parcours de transformation de Karim<\/strong><\/h6>\n<p>Karim, 24 ans, b\u00e9n\u00e9ficiaire du contrat d\u2019engagement jeunes, consulte sa conseill\u00e8re en mission locale. Son discours initial est marqu\u00e9 par la r\u00e9signation : \u00ab\u00a0De toute fa\u00e7on, avec mon parcours, personne ne veut me donner ma chance.\u00a0\u00bb<\/p>\n<p>Plut\u00f4t que de contredire directement cette croyance, la conseill\u00e8re form\u00e9e \u00e0 l&rsquo;EM engage la conversation diff\u00e9remment :<\/p>\n<p>\u00ab\u00a0Karim, dis-moi, s&rsquo;il existait un emploi parfait pour toi, \u00e0 quoi ressemblerait-il ?\u00a0\u00bb<\/p>\n<p>Peu \u00e0 peu, Karim \u00e9voque son int\u00e9r\u00eat pour le travail manuel et son plaisir \u00e0 \u00ab\u00a0r\u00e9parer des objets\u00a0\u00bb. La conseill\u00e8re amplifie ce discours-changement : \u00ab\u00a0Tu as donc d\u00e9j\u00e0 une id\u00e9e assez pr\u00e9cise de ce qui te plairait. Et quand tu r\u00e9ussis \u00e0 r\u00e9parer quelque chose, qu&rsquo;est-ce que \u00e7a te fait ?\u00a0\u00bb<\/p>\n<p>Au fil des entretiens, Karim prend conscience que son projet de devenir r\u00e9parateur d&rsquo;\u00e9lectrom\u00e9nager correspond \u00e0 ses valeurs d&rsquo;autonomie et d&rsquo;utilit\u00e9 sociale. Il formule lui-m\u00eame l&rsquo;id\u00e9e de suivre une formation en alternance. Un an plus tard, non seulement il a obtenu son dipl\u00f4me, mais il a cr\u00e9\u00e9 sa petite entreprise de d\u00e9pannage.<\/p>\n<h6><strong>Les pi\u00e8ges \u00e0 \u00e9viter dans la pratique de l&rsquo;EM<\/strong><\/h6>\n<p>Si l&rsquo;EM est puissant, sa mise en \u0153uvre requiert une vigilance constante. Certains \u00e9cueils guettent les praticiens :<\/p>\n<ul>\n<li><strong>Le syndrome de l&rsquo;expert<\/strong> : La tentation de donner des solutions toutes faites est forte, surtout face \u00e0 l&rsquo;urgence sociale. Mais c&rsquo;est pr\u00e9cis\u00e9ment cette posture qui r\u00e9duit l&rsquo;efficacit\u00e9 de l&rsquo;accompagnement.<\/li>\n<li><strong>La focalisation excessive sur les freins<\/strong> : Explorer les difficult\u00e9s est n\u00e9cessaire, mais sans syst\u00e9matiquement chercher \u00e0 les r\u00e9soudre \u00e0 la place de la personne. \u00ab\u00a0Au fond du trou, il vaut mieux montrer l\u2019\u00e9chelle que la pelle\u00a0\u00bb est une des devises de l\u2019Association Francophone pour le D\u00e9veloppement de l\u2019Entretien Motivationnel (AFDEM).<\/li>\n<li><strong>L&rsquo;impatience<\/strong> : Le rythme du changement appartient au jeune. Respecter ce tempo est essentiel, m\u00eame lorsqu&rsquo;il semble trop lent aux yeux du professionnel.<\/li>\n<li><strong>La n\u00e9gligence du contexte<\/strong> : Les obstacles mat\u00e9riels (transport, garde d&rsquo;enfants) doivent \u00eatre pris en compte sans pour autant servir de pr\u00e9texte \u00e0 l&rsquo;inaction.<\/li>\n<\/ul>\n<h6><strong>Formation et mise en pratique : comment devenir un mentor efficace en EM<\/strong><\/h6>\n<p>Adopter pleinement l&rsquo;EM n\u00e9cessite un apprentissage sp\u00e9cifique. Plusieurs \u00e9l\u00e9ments sont indispensables :<\/p>\n<ul>\n<li><strong>Une formation initiale solide<\/strong> : Comprendre les principes th\u00e9oriques et s&rsquo;exercer aux techniques de base requiert au minimum 2-3 jours de formation. A ce titre, l\u2019AFDEM organise des formations de base et avanc\u00e9es qui s\u2019adressent \u00e0 tous les publics.<\/li>\n<li><strong>Une supervision r\u00e9guli\u00e8re<\/strong> : L&rsquo;analyse de pratique entre pairs ou avec un expert permet d&rsquo;affiner sa posture et de corriger les d\u00e9rives naturelles.<\/li>\n<li><strong>Des outils d&rsquo;\u00e9valuation<\/strong> : Enregistrer (avec accord) des s\u00e9ances pour les analyser, utiliser des grilles d&rsquo;observation du discours-changement.<\/li>\n<li><strong>Un ajustement organisationnel<\/strong> : Les structures d&rsquo;insertion doivent adapter leurs modalit\u00e9s d&rsquo;accompagnement (dur\u00e9e et fr\u00e9quence des entretiens) pour permettre une v\u00e9ritable pratique de l&rsquo;EM.<\/li>\n<\/ul>\n<h6><strong>Conclusion : vers une nouvelle culture de l&rsquo;accompagnement<\/strong><\/h6>\n<p>L&rsquo;entretien motivationnel repr\u00e9sente bien plus qu&rsquo;une simple bo\u00eete \u00e0 outils techniques. Il incarne une philosophie de l&rsquo;accompagnement qui redonne toute sa place \u00e0 l&rsquo;autonomie et \u00e0 la dignit\u00e9 des personnes. Dans un contexte o\u00f9 les approches purement gestionnaires montrent leurs limites, l&rsquo;EM offre une alternative \u00e0 la fois humaine et efficace.<\/p>\n<p>Les professionnels qui adoptent cette posture t\u00e9moignent souvent d&rsquo;une transformation profonde de leur pratique. Cela se traduit par moins d&rsquo;\u00e9puisement, plus de satisfaction, et surtout des r\u00e9sultats tangibles dans les parcours d&rsquo;insertion.<\/p>\n<p>Et vous, quelle exp\u00e9rience avez-vous de l&rsquo;entretien motivationnel ? Partagez vos r\u00e9ussites et vos questionnements dans les commentaires.<\/p>\n","protected":false},"excerpt":{"rendered":"<p>Et si la cl\u00e9 pour aider un jeune \u00e0 trouver sa voie professionnelle r\u00e9sidait dans l\u2019\u00e9coute active et la motivation plut\u00f4t que dans les conseils directifs ? Initialement d\u00e9velopp\u00e9 dans le champ de la sant\u00e9 pour le traitement des addictions par William R. Miller et Stephen Rollnick, l&rsquo;entretien motivationnel (EM) a d\u00e9montr\u00e9 son efficacit\u00e9 dans [&hellip;]<\/p>\n","protected":false},"author":2,"featured_media":0,"comment_status":"open","ping_status":"open","sticky":false,"template":"","format":"standard","meta":{"_monsterinsights_skip_tracking":false,"_monsterinsights_sitenote_active":false,"_monsterinsights_sitenote_note":"","_monsterinsights_sitenote_category":0,"footnotes":""},"categories":[13,12,1],"tags":[],"class_list":["post-891","post","type-post","status-publish","format-standard","hentry","category-insertion-professionnelle","category-mentorat","category-non-classe"],"yoast_head":"<!-- This site is optimized with the Yoast SEO plugin v27.4 - https:\/\/yoast.com\/product\/yoast-seo-wordpress\/ -->\n<title>La Posture d\u2019Accompagnement : Lib\u00e9rer la Motivation avec l\u2019Entretien Motivationnel - Fa\u00e7ons de parler<\/title>\n<meta name=\"robots\" content=\"index, follow, max-snippet:-1, max-image-preview:large, max-video-preview:-1\" \/>\n<link rel=\"canonical\" href=\"https:\/\/www.elecyt.org\/blog\/2025\/06\/20\/la-posture-daccompagnement-liberer-la-motivation-avec-lentretien-motivationnel\/\" \/>\n<meta property=\"og:locale\" content=\"fr_FR\" \/>\n<meta property=\"og:type\" content=\"article\" \/>\n<meta property=\"og:title\" content=\"La Posture d\u2019Accompagnement : Lib\u00e9rer la Motivation avec l\u2019Entretien Motivationnel - Fa\u00e7ons de parler\" \/>\n<meta property=\"og:description\" content=\"Et si la cl\u00e9 pour aider un jeune \u00e0 trouver sa voie professionnelle r\u00e9sidait dans l\u2019\u00e9coute active et la motivation plut\u00f4t que dans les conseils directifs ? Initialement d\u00e9velopp\u00e9 dans le champ de la sant\u00e9 pour le traitement des addictions par William R. Miller et Stephen Rollnick, l&rsquo;entretien motivationnel (EM) a d\u00e9montr\u00e9 son efficacit\u00e9 dans [&hellip;]\" \/>\n<meta property=\"og:url\" content=\"https:\/\/www.elecyt.org\/blog\/2025\/06\/20\/la-posture-daccompagnement-liberer-la-motivation-avec-lentretien-motivationnel\/\" \/>\n<meta property=\"og:site_name\" content=\"Fa\u00e7ons de parler\" \/>\n<meta property=\"article:published_time\" content=\"2025-06-20T08:52:19+00:00\" \/>\n<meta property=\"article:modified_time\" content=\"2025-06-20T09:25:03+00:00\" \/>\n<meta property=\"og:image\" content=\"https:\/\/www.elecyt.org\/blog\/wp-content\/uploads\/2025\/06\/Post_117_photo_1-1-1024x683.png\" \/>\n\t<meta property=\"og:image:width\" content=\"1024\" \/>\n\t<meta property=\"og:image:height\" content=\"683\" \/>\n\t<meta property=\"og:image:type\" content=\"image\/png\" \/>\n<meta name=\"author\" content=\"Stephane Gantzer\" \/>\n<meta name=\"twitter:card\" content=\"summary_large_image\" \/>\n<meta name=\"twitter:label1\" content=\"\u00c9crit par\" \/>\n\t<meta name=\"twitter:data1\" content=\"Stephane Gantzer\" \/>\n\t<meta name=\"twitter:label2\" content=\"Dur\u00e9e de lecture estim\u00e9e\" \/>\n\t<meta name=\"twitter:data2\" content=\"9 minutes\" \/>\n<script type=\"application\/ld+json\" class=\"yoast-schema-graph\">{\"@context\":\"https:\\\/\\\/schema.org\",\"@graph\":[{\"@type\":\"Article\",\"@id\":\"https:\\\/\\\/www.elecyt.org\\\/blog\\\/2025\\\/06\\\/20\\\/la-posture-daccompagnement-liberer-la-motivation-avec-lentretien-motivationnel\\\/#article\",\"isPartOf\":{\"@id\":\"https:\\\/\\\/www.elecyt.org\\\/blog\\\/2025\\\/06\\\/20\\\/la-posture-daccompagnement-liberer-la-motivation-avec-lentretien-motivationnel\\\/\"},\"author\":{\"name\":\"Stephane Gantzer\",\"@id\":\"https:\\\/\\\/www.elecyt.org\\\/blog\\\/#\\\/schema\\\/person\\\/cd7dc81253b2db33748afb7355378e8b\"},\"headline\":\"La Posture d\u2019Accompagnement : Lib\u00e9rer la Motivation avec l\u2019Entretien Motivationnel\",\"datePublished\":\"2025-06-20T08:52:19+00:00\",\"dateModified\":\"2025-06-20T09:25:03+00:00\",\"mainEntityOfPage\":{\"@id\":\"https:\\\/\\\/www.elecyt.org\\\/blog\\\/2025\\\/06\\\/20\\\/la-posture-daccompagnement-liberer-la-motivation-avec-lentretien-motivationnel\\\/\"},\"wordCount\":1779,\"commentCount\":0,\"publisher\":{\"@id\":\"https:\\\/\\\/www.elecyt.org\\\/blog\\\/#organization\"},\"image\":{\"@id\":\"https:\\\/\\\/www.elecyt.org\\\/blog\\\/2025\\\/06\\\/20\\\/la-posture-daccompagnement-liberer-la-motivation-avec-lentretien-motivationnel\\\/#primaryimage\"},\"thumbnailUrl\":\"https:\\\/\\\/www.elecyt.org\\\/blog\\\/wp-content\\\/uploads\\\/2025\\\/06\\\/Post_117_photo_1-1-1024x683.png\",\"articleSection\":[\"Insertion professionnelle\",\"Mentorat\"],\"inLanguage\":\"fr-FR\",\"potentialAction\":[{\"@type\":\"CommentAction\",\"name\":\"Comment\",\"target\":[\"https:\\\/\\\/www.elecyt.org\\\/blog\\\/2025\\\/06\\\/20\\\/la-posture-daccompagnement-liberer-la-motivation-avec-lentretien-motivationnel\\\/#respond\"]}]},{\"@type\":\"WebPage\",\"@id\":\"https:\\\/\\\/www.elecyt.org\\\/blog\\\/2025\\\/06\\\/20\\\/la-posture-daccompagnement-liberer-la-motivation-avec-lentretien-motivationnel\\\/\",\"url\":\"https:\\\/\\\/www.elecyt.org\\\/blog\\\/2025\\\/06\\\/20\\\/la-posture-daccompagnement-liberer-la-motivation-avec-lentretien-motivationnel\\\/\",\"name\":\"La Posture d\u2019Accompagnement : Lib\u00e9rer la Motivation avec l\u2019Entretien Motivationnel - Fa\u00e7ons de parler\",\"isPartOf\":{\"@id\":\"https:\\\/\\\/www.elecyt.org\\\/blog\\\/#website\"},\"primaryImageOfPage\":{\"@id\":\"https:\\\/\\\/www.elecyt.org\\\/blog\\\/2025\\\/06\\\/20\\\/la-posture-daccompagnement-liberer-la-motivation-avec-lentretien-motivationnel\\\/#primaryimage\"},\"image\":{\"@id\":\"https:\\\/\\\/www.elecyt.org\\\/blog\\\/2025\\\/06\\\/20\\\/la-posture-daccompagnement-liberer-la-motivation-avec-lentretien-motivationnel\\\/#primaryimage\"},\"thumbnailUrl\":\"https:\\\/\\\/www.elecyt.org\\\/blog\\\/wp-content\\\/uploads\\\/2025\\\/06\\\/Post_117_photo_1-1-1024x683.png\",\"datePublished\":\"2025-06-20T08:52:19+00:00\",\"dateModified\":\"2025-06-20T09:25:03+00:00\",\"breadcrumb\":{\"@id\":\"https:\\\/\\\/www.elecyt.org\\\/blog\\\/2025\\\/06\\\/20\\\/la-posture-daccompagnement-liberer-la-motivation-avec-lentretien-motivationnel\\\/#breadcrumb\"},\"inLanguage\":\"fr-FR\",\"potentialAction\":[{\"@type\":\"ReadAction\",\"target\":[\"https:\\\/\\\/www.elecyt.org\\\/blog\\\/2025\\\/06\\\/20\\\/la-posture-daccompagnement-liberer-la-motivation-avec-lentretien-motivationnel\\\/\"]}]},{\"@type\":\"ImageObject\",\"inLanguage\":\"fr-FR\",\"@id\":\"https:\\\/\\\/www.elecyt.org\\\/blog\\\/2025\\\/06\\\/20\\\/la-posture-daccompagnement-liberer-la-motivation-avec-lentretien-motivationnel\\\/#primaryimage\",\"url\":\"https:\\\/\\\/www.elecyt.org\\\/blog\\\/wp-content\\\/uploads\\\/2025\\\/06\\\/Post_117_photo_1-1.png\",\"contentUrl\":\"https:\\\/\\\/www.elecyt.org\\\/blog\\\/wp-content\\\/uploads\\\/2025\\\/06\\\/Post_117_photo_1-1.png\",\"width\":1536,\"height\":1024},{\"@type\":\"BreadcrumbList\",\"@id\":\"https:\\\/\\\/www.elecyt.org\\\/blog\\\/2025\\\/06\\\/20\\\/la-posture-daccompagnement-liberer-la-motivation-avec-lentretien-motivationnel\\\/#breadcrumb\",\"itemListElement\":[{\"@type\":\"ListItem\",\"position\":1,\"name\":\"Accueil\",\"item\":\"https:\\\/\\\/www.elecyt.org\\\/blog\\\/\"},{\"@type\":\"ListItem\",\"position\":2,\"name\":\"La Posture d\u2019Accompagnement : Lib\u00e9rer la Motivation avec l\u2019Entretien Motivationnel\"}]},{\"@type\":\"WebSite\",\"@id\":\"https:\\\/\\\/www.elecyt.org\\\/blog\\\/#website\",\"url\":\"https:\\\/\\\/www.elecyt.org\\\/blog\\\/\",\"name\":\"Fa\u00e7ons de parler\",\"description\":\"La communication par la pratique\",\"publisher\":{\"@id\":\"https:\\\/\\\/www.elecyt.org\\\/blog\\\/#organization\"},\"potentialAction\":[{\"@type\":\"SearchAction\",\"target\":{\"@type\":\"EntryPoint\",\"urlTemplate\":\"https:\\\/\\\/www.elecyt.org\\\/blog\\\/?s={search_term_string}\"},\"query-input\":{\"@type\":\"PropertyValueSpecification\",\"valueRequired\":true,\"valueName\":\"search_term_string\"}}],\"inLanguage\":\"fr-FR\"},{\"@type\":\"Organization\",\"@id\":\"https:\\\/\\\/www.elecyt.org\\\/blog\\\/#organization\",\"name\":\"Fa\u00e7ons de parler\",\"url\":\"https:\\\/\\\/www.elecyt.org\\\/blog\\\/\",\"logo\":{\"@type\":\"ImageObject\",\"inLanguage\":\"fr-FR\",\"@id\":\"https:\\\/\\\/www.elecyt.org\\\/blog\\\/#\\\/schema\\\/logo\\\/image\\\/\",\"url\":\"https:\\\/\\\/www.elecyt.org\\\/blog\\\/wp-content\\\/uploads\\\/2021\\\/10\\\/cropped-Logo-ELECYT-CMJN.jpg\",\"contentUrl\":\"https:\\\/\\\/www.elecyt.org\\\/blog\\\/wp-content\\\/uploads\\\/2021\\\/10\\\/cropped-Logo-ELECYT-CMJN.jpg\",\"width\":966,\"height\":369,\"caption\":\"Fa\u00e7ons de parler\"},\"image\":{\"@id\":\"https:\\\/\\\/www.elecyt.org\\\/blog\\\/#\\\/schema\\\/logo\\\/image\\\/\"}},{\"@type\":\"Person\",\"@id\":\"https:\\\/\\\/www.elecyt.org\\\/blog\\\/#\\\/schema\\\/person\\\/cd7dc81253b2db33748afb7355378e8b\",\"name\":\"Stephane Gantzer\",\"image\":{\"@type\":\"ImageObject\",\"inLanguage\":\"fr-FR\",\"@id\":\"https:\\\/\\\/secure.gravatar.com\\\/avatar\\\/a026a9ac79640a4084e74bf3c5273fdf14b3d26d08f476fcfd36c1d77261b730?s=96&d=mm&r=g\",\"url\":\"https:\\\/\\\/secure.gravatar.com\\\/avatar\\\/a026a9ac79640a4084e74bf3c5273fdf14b3d26d08f476fcfd36c1d77261b730?s=96&d=mm&r=g\",\"contentUrl\":\"https:\\\/\\\/secure.gravatar.com\\\/avatar\\\/a026a9ac79640a4084e74bf3c5273fdf14b3d26d08f476fcfd36c1d77261b730?s=96&d=mm&r=g\",\"caption\":\"Stephane Gantzer\"},\"url\":\"https:\\\/\\\/www.elecyt.org\\\/blog\\\/author\\\/stephane-gantzer\\\/\"}]}<\/script>\n<!-- \/ Yoast SEO plugin. -->","yoast_head_json":{"title":"La Posture d\u2019Accompagnement : Lib\u00e9rer la Motivation avec l\u2019Entretien Motivationnel - Fa\u00e7ons de parler","robots":{"index":"index","follow":"follow","max-snippet":"max-snippet:-1","max-image-preview":"max-image-preview:large","max-video-preview":"max-video-preview:-1"},"canonical":"https:\/\/www.elecyt.org\/blog\/2025\/06\/20\/la-posture-daccompagnement-liberer-la-motivation-avec-lentretien-motivationnel\/","og_locale":"fr_FR","og_type":"article","og_title":"La Posture d\u2019Accompagnement : Lib\u00e9rer la Motivation avec l\u2019Entretien Motivationnel - Fa\u00e7ons de parler","og_description":"Et si la cl\u00e9 pour aider un jeune \u00e0 trouver sa voie professionnelle r\u00e9sidait dans l\u2019\u00e9coute active et la motivation plut\u00f4t que dans les conseils directifs ? Initialement d\u00e9velopp\u00e9 dans le champ de la sant\u00e9 pour le traitement des addictions par William R. Miller et Stephen Rollnick, l&rsquo;entretien motivationnel (EM) a d\u00e9montr\u00e9 son efficacit\u00e9 dans [&hellip;]","og_url":"https:\/\/www.elecyt.org\/blog\/2025\/06\/20\/la-posture-daccompagnement-liberer-la-motivation-avec-lentretien-motivationnel\/","og_site_name":"Fa\u00e7ons de parler","article_published_time":"2025-06-20T08:52:19+00:00","article_modified_time":"2025-06-20T09:25:03+00:00","og_image":[{"width":1024,"height":683,"url":"https:\/\/www.elecyt.org\/blog\/wp-content\/uploads\/2025\/06\/Post_117_photo_1-1-1024x683.png","type":"image\/png"}],"author":"Stephane Gantzer","twitter_card":"summary_large_image","twitter_misc":{"\u00c9crit par":"Stephane Gantzer","Dur\u00e9e de lecture estim\u00e9e":"9 minutes"},"schema":{"@context":"https:\/\/schema.org","@graph":[{"@type":"Article","@id":"https:\/\/www.elecyt.org\/blog\/2025\/06\/20\/la-posture-daccompagnement-liberer-la-motivation-avec-lentretien-motivationnel\/#article","isPartOf":{"@id":"https:\/\/www.elecyt.org\/blog\/2025\/06\/20\/la-posture-daccompagnement-liberer-la-motivation-avec-lentretien-motivationnel\/"},"author":{"name":"Stephane Gantzer","@id":"https:\/\/www.elecyt.org\/blog\/#\/schema\/person\/cd7dc81253b2db33748afb7355378e8b"},"headline":"La Posture d\u2019Accompagnement : Lib\u00e9rer la Motivation avec l\u2019Entretien Motivationnel","datePublished":"2025-06-20T08:52:19+00:00","dateModified":"2025-06-20T09:25:03+00:00","mainEntityOfPage":{"@id":"https:\/\/www.elecyt.org\/blog\/2025\/06\/20\/la-posture-daccompagnement-liberer-la-motivation-avec-lentretien-motivationnel\/"},"wordCount":1779,"commentCount":0,"publisher":{"@id":"https:\/\/www.elecyt.org\/blog\/#organization"},"image":{"@id":"https:\/\/www.elecyt.org\/blog\/2025\/06\/20\/la-posture-daccompagnement-liberer-la-motivation-avec-lentretien-motivationnel\/#primaryimage"},"thumbnailUrl":"https:\/\/www.elecyt.org\/blog\/wp-content\/uploads\/2025\/06\/Post_117_photo_1-1-1024x683.png","articleSection":["Insertion professionnelle","Mentorat"],"inLanguage":"fr-FR","potentialAction":[{"@type":"CommentAction","name":"Comment","target":["https:\/\/www.elecyt.org\/blog\/2025\/06\/20\/la-posture-daccompagnement-liberer-la-motivation-avec-lentretien-motivationnel\/#respond"]}]},{"@type":"WebPage","@id":"https:\/\/www.elecyt.org\/blog\/2025\/06\/20\/la-posture-daccompagnement-liberer-la-motivation-avec-lentretien-motivationnel\/","url":"https:\/\/www.elecyt.org\/blog\/2025\/06\/20\/la-posture-daccompagnement-liberer-la-motivation-avec-lentretien-motivationnel\/","name":"La Posture d\u2019Accompagnement : Lib\u00e9rer la Motivation avec l\u2019Entretien Motivationnel - Fa\u00e7ons de parler","isPartOf":{"@id":"https:\/\/www.elecyt.org\/blog\/#website"},"primaryImageOfPage":{"@id":"https:\/\/www.elecyt.org\/blog\/2025\/06\/20\/la-posture-daccompagnement-liberer-la-motivation-avec-lentretien-motivationnel\/#primaryimage"},"image":{"@id":"https:\/\/www.elecyt.org\/blog\/2025\/06\/20\/la-posture-daccompagnement-liberer-la-motivation-avec-lentretien-motivationnel\/#primaryimage"},"thumbnailUrl":"https:\/\/www.elecyt.org\/blog\/wp-content\/uploads\/2025\/06\/Post_117_photo_1-1-1024x683.png","datePublished":"2025-06-20T08:52:19+00:00","dateModified":"2025-06-20T09:25:03+00:00","breadcrumb":{"@id":"https:\/\/www.elecyt.org\/blog\/2025\/06\/20\/la-posture-daccompagnement-liberer-la-motivation-avec-lentretien-motivationnel\/#breadcrumb"},"inLanguage":"fr-FR","potentialAction":[{"@type":"ReadAction","target":["https:\/\/www.elecyt.org\/blog\/2025\/06\/20\/la-posture-daccompagnement-liberer-la-motivation-avec-lentretien-motivationnel\/"]}]},{"@type":"ImageObject","inLanguage":"fr-FR","@id":"https:\/\/www.elecyt.org\/blog\/2025\/06\/20\/la-posture-daccompagnement-liberer-la-motivation-avec-lentretien-motivationnel\/#primaryimage","url":"https:\/\/www.elecyt.org\/blog\/wp-content\/uploads\/2025\/06\/Post_117_photo_1-1.png","contentUrl":"https:\/\/www.elecyt.org\/blog\/wp-content\/uploads\/2025\/06\/Post_117_photo_1-1.png","width":1536,"height":1024},{"@type":"BreadcrumbList","@id":"https:\/\/www.elecyt.org\/blog\/2025\/06\/20\/la-posture-daccompagnement-liberer-la-motivation-avec-lentretien-motivationnel\/#breadcrumb","itemListElement":[{"@type":"ListItem","position":1,"name":"Accueil","item":"https:\/\/www.elecyt.org\/blog\/"},{"@type":"ListItem","position":2,"name":"La Posture d\u2019Accompagnement : Lib\u00e9rer la Motivation avec l\u2019Entretien Motivationnel"}]},{"@type":"WebSite","@id":"https:\/\/www.elecyt.org\/blog\/#website","url":"https:\/\/www.elecyt.org\/blog\/","name":"Fa\u00e7ons de parler","description":"La communication par la pratique","publisher":{"@id":"https:\/\/www.elecyt.org\/blog\/#organization"},"potentialAction":[{"@type":"SearchAction","target":{"@type":"EntryPoint","urlTemplate":"https:\/\/www.elecyt.org\/blog\/?s={search_term_string}"},"query-input":{"@type":"PropertyValueSpecification","valueRequired":true,"valueName":"search_term_string"}}],"inLanguage":"fr-FR"},{"@type":"Organization","@id":"https:\/\/www.elecyt.org\/blog\/#organization","name":"Fa\u00e7ons de parler","url":"https:\/\/www.elecyt.org\/blog\/","logo":{"@type":"ImageObject","inLanguage":"fr-FR","@id":"https:\/\/www.elecyt.org\/blog\/#\/schema\/logo\/image\/","url":"https:\/\/www.elecyt.org\/blog\/wp-content\/uploads\/2021\/10\/cropped-Logo-ELECYT-CMJN.jpg","contentUrl":"https:\/\/www.elecyt.org\/blog\/wp-content\/uploads\/2021\/10\/cropped-Logo-ELECYT-CMJN.jpg","width":966,"height":369,"caption":"Fa\u00e7ons de parler"},"image":{"@id":"https:\/\/www.elecyt.org\/blog\/#\/schema\/logo\/image\/"}},{"@type":"Person","@id":"https:\/\/www.elecyt.org\/blog\/#\/schema\/person\/cd7dc81253b2db33748afb7355378e8b","name":"Stephane Gantzer","image":{"@type":"ImageObject","inLanguage":"fr-FR","@id":"https:\/\/secure.gravatar.com\/avatar\/a026a9ac79640a4084e74bf3c5273fdf14b3d26d08f476fcfd36c1d77261b730?s=96&d=mm&r=g","url":"https:\/\/secure.gravatar.com\/avatar\/a026a9ac79640a4084e74bf3c5273fdf14b3d26d08f476fcfd36c1d77261b730?s=96&d=mm&r=g","contentUrl":"https:\/\/secure.gravatar.com\/avatar\/a026a9ac79640a4084e74bf3c5273fdf14b3d26d08f476fcfd36c1d77261b730?s=96&d=mm&r=g","caption":"Stephane Gantzer"},"url":"https:\/\/www.elecyt.org\/blog\/author\/stephane-gantzer\/"}]}},"_links":{"self":[{"href":"https:\/\/www.elecyt.org\/blog\/wp-json\/wp\/v2\/posts\/891","targetHints":{"allow":["GET"]}}],"collection":[{"href":"https:\/\/www.elecyt.org\/blog\/wp-json\/wp\/v2\/posts"}],"about":[{"href":"https:\/\/www.elecyt.org\/blog\/wp-json\/wp\/v2\/types\/post"}],"author":[{"embeddable":true,"href":"https:\/\/www.elecyt.org\/blog\/wp-json\/wp\/v2\/users\/2"}],"replies":[{"embeddable":true,"href":"https:\/\/www.elecyt.org\/blog\/wp-json\/wp\/v2\/comments?post=891"}],"version-history":[{"count":4,"href":"https:\/\/www.elecyt.org\/blog\/wp-json\/wp\/v2\/posts\/891\/revisions"}],"predecessor-version":[{"id":897,"href":"https:\/\/www.elecyt.org\/blog\/wp-json\/wp\/v2\/posts\/891\/revisions\/897"}],"wp:attachment":[{"href":"https:\/\/www.elecyt.org\/blog\/wp-json\/wp\/v2\/media?parent=891"}],"wp:term":[{"taxonomy":"category","embeddable":true,"href":"https:\/\/www.elecyt.org\/blog\/wp-json\/wp\/v2\/categories?post=891"},{"taxonomy":"post_tag","embeddable":true,"href":"https:\/\/www.elecyt.org\/blog\/wp-json\/wp\/v2\/tags?post=891"}],"curies":[{"name":"wp","href":"https:\/\/api.w.org\/{rel}","templated":true}]}}