{"id":872,"date":"2025-05-05T12:39:14","date_gmt":"2025-05-05T10:39:14","guid":{"rendered":"https:\/\/www.elecyt.org\/blog\/?p=872"},"modified":"2025-05-06T13:29:36","modified_gmt":"2025-05-06T11:29:36","slug":"loffre-de-service-votre-passeport-pour-lemploi","status":"publish","type":"post","link":"https:\/\/www.elecyt.org\/blog\/2025\/05\/05\/loffre-de-service-votre-passeport-pour-lemploi\/","title":{"rendered":"L\u2019Offre de Service, votre passeport pour l\u2019emploi"},"content":{"rendered":"<h5 style=\"text-align: center;\"><strong>Postuler sans Offre de Service, c&rsquo;est comme p\u00eacher sans app\u00e2t : vous aurez beau lancer votre ligne, les poissons ne mordront pas. Charles a trouv\u00e9 l&rsquo;app\u00e2t magique pour attirer les recruteurs<\/strong><\/h5>\n<p><img loading=\"lazy\" decoding=\"async\" class=\"aligncenter wp-image-873 size-full\" src=\"https:\/\/www.elecyt.org\/blog\/wp-content\/uploads\/2025\/05\/Post_115_photo_1.png\" alt=\"\" width=\"1024\" height=\"1024\" srcset=\"https:\/\/www.elecyt.org\/blog\/wp-content\/uploads\/2025\/05\/Post_115_photo_1.png 1024w, https:\/\/www.elecyt.org\/blog\/wp-content\/uploads\/2025\/05\/Post_115_photo_1-400x400.png 400w, https:\/\/www.elecyt.org\/blog\/wp-content\/uploads\/2025\/05\/Post_115_photo_1-150x150.png 150w, https:\/\/www.elecyt.org\/blog\/wp-content\/uploads\/2025\/05\/Post_115_photo_1-768x768.png 768w\" sizes=\"auto, (max-width: 1024px) 100vw, 1024px\" \/><\/p>\n<p class=\"ds-markdown-paragraph\">Charles a 25 ans. Fra\u00eechement dipl\u00f4m\u00e9, il envoyait candidature sur candidature mais sans jamais obtenir de r\u00e9ponse. Pourtant, son parcours \u00e9tait solide : non seulement un Master en intelligence artificielle, mais aussi plusieurs stages en transformation digitale, sans oublier cette double comp\u00e9tence technique et analytique si pris\u00e9e. Le probl\u00e8me ? Ses candidatures restaient trop g\u00e9n\u00e9rales, si bien qu&rsquo;elles se noyaient dans la masse.<\/p>\n<p class=\"ds-markdown-paragraph\">Tout a chang\u00e9 lorsqu&rsquo;il a d\u00e9couvert l&rsquo;Offre de Service. Gr\u00e2ce \u00e0 cet outil strat\u00e9gique, il a pu transformer radicalement son approche et, surtout, d\u00e9crocher un entretien dans une grande banque en seulement deux semaines. Alors, comment cette m\u00e9thode peut-elle faire la diff\u00e9rence ? Examinons cela de plus pr\u00e8s.<\/p>\n<h6><strong>Qu&rsquo;est-ce qu&rsquo;une Offre de Service ?<\/strong><\/h6>\n<p>Imaginez un argumentaire sur-mesure qui fait le lien entre vos comp\u00e9tences et les besoins pr\u00e9cis d&rsquo;un employeur. En effet, contrairement au CV qui dresse simplement un inventaire de vos exp\u00e9riences, l&rsquo;Offre de Service se concentre quant \u00e0 elle sur la <strong>valeur<\/strong> que vous pouvez apporter. Pour Charles, ce fut pr\u00e9cis\u00e9ment une r\u00e9v\u00e9lation : \u00ab\u00a0<em>Les banques ne cherchent pas simplement un dipl\u00f4m\u00e9, mais bien quelqu&rsquo;un capable de r\u00e9soudre leurs probl\u00e8mes concrets de gestion des risques et d&rsquo;analyse de donn\u00e9es.<\/em>\u00a0\u00bb Ainsi, cette approche cibl\u00e9e fait toute la diff\u00e9rence.<\/p>\n<h6><strong>L&rsquo;Offre de Service, un outil indispensable pour convaincre un futur employeur<\/strong><\/h6>\n<p>Dans un march\u00e9 du travail satur\u00e9, se diff\u00e9rencier est crucial. Prenons l&rsquo;exemple des banques : elles re\u00e7oivent quotidiennement des dizaines de CV pour des postes de data analyst. Charles a compris qu&rsquo;il devait sortir du lot. Son Offre de Service (cf. annexe 1) mettait en lumi\u00e8re ses comp\u00e9tences cl\u00e9s &#8211; ma\u00eetrise de Python pour la d\u00e9tection de fraude, expertise en Power BI pour le reporting &#8211; mais surtout, elle d\u00e9montrait concr\u00e8tement ce qu&rsquo;il savait faire. En pr\u00e9sentant son tableau de bord d\u00e9velopp\u00e9 chez Europ Assistance, qui avait permis de gagner 30% de temps sur le traitement des sinistres, il offrait une preuve tangible de ses capacit\u00e9s.<\/p>\n<p>L&rsquo;Offre de Service sert \u00e9galement de fil conducteur pendant les entretiens. En pratique, Charles s&rsquo;en est servi comme colonne vert\u00e9brale pour structurer son discours. Par exemple, lorsqu&rsquo;on lui a demand\u00e9 comment il g\u00e9rerait un risque de cr\u00e9dit, il a imm\u00e9diatement pu citer son projet acad\u00e9mique en d\u00e9tection d&rsquo;anomalies, avec ses impressionnants 92% de pr\u00e9cision. Gr\u00e2ce \u00e0 cette pr\u00e9paration minutieuse, il a pu r\u00e9pondre non seulement avec assurance, mais aussi avec une pertinence remarquable.<\/p>\n<h6><strong>Construire une Offre de Service efficace<\/strong><\/h6>\n<p class=\"ds-markdown-paragraph\">La premi\u00e8re \u00e9tape, cruciale, consiste \u00e0 bien cibler l&rsquo;entreprise et ses besoins. Pour commencer, Charles a m\u00e9thodiquement analys\u00e9 les offres d&#8217;emploi du secteur bancaire, identifiant ainsi trois besoins majeurs : automatiser la d\u00e9tection des fraudes, centraliser les donn\u00e9es risques, et am\u00e9liorer l&rsquo;exp\u00e9rience client digitale. Par cons\u00e9quent, son Offre de Service a \u00e9t\u00e9 b\u00e2tie autour de ces trois axes, avec \u00e0 chaque fois des exemples concrets tir\u00e9s de son exp\u00e9rience.<\/p>\n<p class=\"ds-markdown-paragraph\">De plus, la technique des <a href=\"https:\/\/www.elecyt.org\/blog\/2024\/09\/24\/les-realisations-probantes-un-outil-cle-pour-valoriser-vos-competences\/\" target=\"_blank\" rel=\"noopener\">r\u00e9alisations probantes<\/a> s&rsquo;est r\u00e9v\u00e9l\u00e9e particuli\u00e8rement utile. \u00c0 titre d&rsquo;exemple, prenons son stage chez Europ Assistance : d&rsquo;abord la situation de d\u00e9part (traitement manuel des sinistres), ensuite les t\u00e2ches identifi\u00e9es, puis les actions mises en \u0153uvre (d\u00e9veloppement d&rsquo;un outil Python coupl\u00e9 \u00e0 Power BI), et enfin le r\u00e9sultat tangible : 30% de temps gagn\u00e9 pour les \u00e9quipes. En d\u00e9finitive, ce genre de r\u00e9cit structur\u00e9 fait toute la diff\u00e9rence.<\/p>\n<p class=\"ds-markdown-paragraph\">Pour terminer, Charles a pr\u00e9par\u00e9 un pitch percutant de 400 mots (voir annexe 2). \u00ab\u00a0<em>Mon dashboard a permis de r\u00e9duire de 30% le temps de traitement des sinistres &#8211; je peux faire de m\u00eame pour votre gestion des risques cr\u00e9dit<\/em>\u00ab\u00a0, expliquait-il. Et pour compl\u00e9ter son argument : \u00ab\u00a0<em>Mon double dipl\u00f4me en IA et commerce me permet de comprendre \u00e0 la fois les aspects techniques et les enjeux m\u00e9tiers.<\/em>\u00a0\u00bb En r\u00e9sum\u00e9, des phrases courtes, mais charg\u00e9es de sens.<\/p>\n<h6><strong>Des r\u00e9sultats concrets<\/strong><\/h6>\n<p>L&rsquo;efficacit\u00e9 de cette approche ne s&rsquo;est pas fait attendre. En effet, deux semaines apr\u00e8s avoir envoy\u00e9 ses premi\u00e8res Offres de Service cibl\u00e9es, Charles \u00e9tait d\u00e9j\u00e0 convoqu\u00e9 \u00e0 un entretien dans une grande banque fran\u00e7aise. Plus pr\u00e9cis\u00e9ment, les recruteurs ont particuli\u00e8rement appr\u00e9ci\u00e9 la clart\u00e9 de son propos ainsi que la mani\u00e8re dont il reliait syst\u00e9matiquement ses comp\u00e9tences \u00e0 leurs besoins sp\u00e9cifiques. Finalement, cette m\u00e9thode cibl\u00e9e a prouv\u00e9 son utilit\u00e9 concr\u00e8te dans sa recherche d&#8217;emploi.<\/p>\n<p>L&rsquo;un d&rsquo;eux lui a m\u00eame fait ce retour : \u00ab\u00a0<em>Votre candidature se distingue parce que vous montrez exactement comment vous pourriez nous aider, au lieu de simplement lister vos dipl\u00f4mes.<\/em>\u00a0\u00bb Un compliment qui r\u00e9sume parfaitement l&rsquo;int\u00e9r\u00eat de l&rsquo;Offre de Service.<\/p>\n<h6><strong>A votre tour de jouer<\/strong><\/h6>\n<p class=\"ds-markdown-paragraph\">L&rsquo;histoire de Charles montre bien que l&rsquo;Offre de Service n&rsquo;est pas un simple exercice de style, mais un v\u00e9ritable outil strat\u00e9gique. En effet, dans un contexte o\u00f9 les recruteurs sont submerg\u00e9s de candidatures, elle permet justement de faire la diff\u00e9rence en d\u00e9montrant concr\u00e8tement la valeur que vous pouvez apporter.<\/p>\n<p class=\"ds-markdown-paragraph\">Par cons\u00e9quent, \u00e0 votre tour : commencez par analyser les besoins de vos entreprises cibles, puis structurez vos r\u00e9alisations probantes, et enfin pr\u00e9parez un pitch percutant. Ainsi, comme Charles, vous pourriez bien transformer radicalement votre recherche d&#8217;emploi.<\/p>\n<h6><strong>Annexe 1 : L&rsquo;Offre de Service compl\u00e8te de Charles<\/strong><\/h6>\n<p><strong>Data Analyst Risk \u2013 Secteur Bancaire<\/strong><\/p>\n<h6><strong>Votre entreprise<\/strong><\/h6>\n<p>Vous \u00eates une banque leader ou en pleine transformation digitale, confront\u00e9e \u00e0 des enjeux majeurs de <strong>gestion des risques<\/strong>, de <strong>conformit\u00e9 r\u00e9glementaire<\/strong>, et d\u2019optimisation des d\u00e9cisions data-driven. Donc vous recherchez un profil capable d\u2019exploiter la donn\u00e9e pour anticiper les risques financiers, am\u00e9liorer l\u2019exp\u00e9rience client, et s\u00e9curiser vos processus.<\/p>\n<h6><strong>Ma mission<\/strong><\/h6>\n<p>En tant que <strong>Data Analyst Risk<\/strong>, je mettrai en \u0153uvre mes comp\u00e9tences pour :<\/p>\n<ul>\n<li><strong>Analyser et mod\u00e9liser les donn\u00e9es<\/strong> pour identifier des patterns de risques (fraudes, cr\u00e9dits, march\u00e9).<\/li>\n<li><strong>D\u00e9velopper des tableaux de bord<\/strong> (Power BI, Tableau) pour visualiser les expositions aux risques en temps r\u00e9el.<\/li>\n<li><strong>Automatiser les processus<\/strong> de reporting r\u00e9glementaire (ex : GDPR, CRS) via des outils comme Power Automate.<\/li>\n<li><strong>Collaborer avec les \u00e9quipes m\u00e9tiers<\/strong> (compliance, cr\u00e9dit) pour traduire les besoins en solutions techniques.<\/li>\n<\/ul>\n<p><em>Exemple concret<\/em> : Chez Europ Assistance, j\u2019ai cr\u00e9\u00e9 un tableau de bord centralis\u00e9 pour suivre les sinistres, r\u00e9duisant de 30 % le temps de traitement.<\/p>\n<h6><strong>Mon profil<\/strong><\/h6>\n<h6><strong>Formation<\/strong><\/h6>\n<ul>\n<li><strong>MSc Intelligence Artificielle pour la Strat\u00e9gie Marketing<\/strong> (EPITA\/EM Normandie) \u2192 Expertise en analyse pr\u00e9dictive.<\/li>\n<li><strong>Licence en Computer Science<\/strong> (LAU) \u2192 Fondations solides en algorithmes et gestion de donn\u00e9es.<\/li>\n<\/ul>\n<h6><strong>Exp\u00e9rience<\/strong><\/h6>\n<ul>\n<li><strong>Consultant en Transformation Digitale<\/strong> (Europ Assistance) :\n<ul>\n<li>Benchmarking, am\u00e9lioration UX\/UI, et cr\u00e9ation d\u2019outils data (Python, SQL).<\/li>\n<\/ul>\n<\/li>\n<li><strong>D\u00e9veloppeur Mobile\/Web<\/strong> (stages) :\n<ul>\n<li>Ma\u00eetrise des cycles de d\u00e9veloppement et gestion de projets agiles.<\/li>\n<\/ul>\n<\/li>\n<\/ul>\n<h6><strong>Comp\u00e9tences cl\u00e9s<\/strong><\/h6>\n<ol>\n<li><strong>Analyse de risques<\/strong> :\n<ul>\n<li>Ma\u00eetrise de Python (SKlearn), SQL, BigQuery pour mod\u00e9liser des sc\u00e9narios.<\/li>\n<li><em>Preuve<\/em> : Projet acad\u00e9mique de d\u00e9tection d\u2019anomalies financi\u00e8res via ML.<\/li>\n<\/ul>\n<\/li>\n<li><strong>Visualisation &amp; Reporting<\/strong> :\n<ul>\n<li>Power BI, Tableau pour des rapports actionnables.<\/li>\n<li><em>Preuve<\/em> : Dashboard de suivi des sinistres chez Europ Assistance.<\/li>\n<\/ul>\n<\/li>\n<li><strong>Automatisation<\/strong> :\n<ul>\n<li>Power Automate, Power Apps pour optimiser les workflows.<\/li>\n<\/ul>\n<\/li>\n<\/ol>\n<h6><strong>Langues<\/strong><\/h6>\n<ul>\n<li>Fran\u00e7ais, Anglais, Arabe (courants) \u2192 Atout pour des r\u00f4les internationaux.<\/li>\n<\/ul>\n<h6><strong>Mes motivations<\/strong><\/h6>\n<ul>\n<li><strong>Impact concret<\/strong> : Contribuer \u00e0 la s\u00e9curit\u00e9 financi\u00e8re et \u00e0 l\u2019innovation dans un secteur r\u00e9gul\u00e9.<\/li>\n<li><strong>Apprentissage continu<\/strong> : Mettre \u00e0 profit ma curiosit\u00e9 pour les nouvelles technologies (ex : IA g\u00e9n\u00e9rative en risk management).<\/li>\n<\/ul>\n<h6><strong>Ma valeur ajout\u00e9e<\/strong><\/h6>\n<ul>\n<li><strong>Double comp\u00e9tence<\/strong> : Alliage rare entre technique (Python, SQL) et strat\u00e9gie (marketing data-driven).<\/li>\n<li><strong>Approche client-centr\u00e9e<\/strong> : Exp\u00e9rience en UX\/UI pour des outils internes ergonomiques.<\/li>\n<li><strong>Agilit\u00e9<\/strong> : Capacit\u00e9 \u00e0 m\u2019adapter aux enjeux sp\u00e9cifiques des banques (ex : r\u00e9gulation, confidentialit\u00e9)<\/li>\n<\/ul>\n<p>&nbsp;<\/p>\n<h6><strong>Annexe 2 : Le pitch de 400 mots de Charles<\/strong><\/h6>\n<h6 class=\"ds-markdown-paragraph\"><strong>INTRODUCTION :<\/strong><\/h6>\n<p class=\"ds-markdown-paragraph\">\u00ab\u00a0Bonjour, je m\u2019appelle Charles <span class=\"ds-markdown-html\">&lt;Nom&gt;<\/span>, et je suis un Data Analyst sp\u00e9cialis\u00e9 dans la gestion des risques, avec une passion pour la transformation digitale. Mon atout majeur ? En effet, transformer des donn\u00e9es complexes en solutions strat\u00e9giques pour s\u00e9curiser et optimiser les d\u00e9cisions des banques.\u00a0\u00bb<\/p>\n<h6 class=\"ds-markdown-paragraph\"><strong>PARCOURS (30 SECONDES) :<\/strong><\/h6>\n<p class=\"ds-markdown-paragraph\">\u00ab\u00a0Dipl\u00f4m\u00e9 d\u2019un MSc en Intelligence Artificielle appliqu\u00e9e au marketing (EPITA\/EM Normandie) et d\u2019une licence en Computer Science, j\u2019allie expertise technique et vision m\u00e9tier. Par exemple, chez Europ Assistance, j\u2019ai con\u00e7u un tableau de bord Python pour suivre les sinistres, r\u00e9duisant de 30 % leur temps de traitement. De plus, auparavant, en tant que d\u00e9veloppeur web et mobile, j\u2019ai acquis une solide agilit\u00e9 projet et une sensibilit\u00e9 UX\/UI \u2013 des comp\u00e9tences cl\u00e9s pour des outils bancaires ergonomiques.\u00a0\u00bb<\/p>\n<h6 class=\"ds-markdown-paragraph\"><strong>MON PROJET POUR VOTRE BANQUE :<\/strong><\/h6>\n<p class=\"ds-markdown-paragraph\">\u00ab\u00a0Aujourd\u2019hui, je veux mettre mes comp\u00e9tences au service des enjeux risques et conformit\u00e9 de votre \u00e9tablissement. En pratique, les banques font face \u00e0 une double pression : anticiper les fraudes, optimiser les scoring de cr\u00e9dit, et r\u00e9pondre aux exigences r\u00e9glementaires (GDPR, CRS). Ma mission serait de :<\/p>\n<p class=\"ds-markdown-paragraph\">Tout d\u2019abord, mod\u00e9liser les risques via des algorithmes (Python, SKlearn) pour d\u00e9tecter des patterns anormaux.<br \/>\nEnsuite, automatiser les reporting avec Power BI ou Power Automate, gagnant du temps pour vos \u00e9quipes.<br \/>\nEnfin, am\u00e9liorer l\u2019exp\u00e9rience client en analysant les parcours digitaux pour r\u00e9duire les abandons.<br \/>\nConcr\u00e8tement, chez Europ Assistance, j\u2019ai benchmark\u00e9 30 webapps pour identifier des axes d\u2019am\u00e9lioration UX \u2013 une m\u00e9thode adaptable aux applications bancaires.\u00a0\u00bb<\/p>\n<h6 class=\"ds-markdown-paragraph\"><strong>MES 3 COMP\u00c9TENCES CL\u00c9S AVEC DES R\u00c9ALISATIONS PROBANTES :<\/strong><\/h6>\n<p class=\"ds-markdown-paragraph\"><strong>1. Analyse pr\u00e9dictive :<\/strong><br \/>\n\u00ab\u00a0<em>J\u2019ai d\u00e9velopp\u00e9 un mod\u00e8le de d\u00e9tection d\u2019anomalies financi\u00e8res lors de mon MSc, avec 92 % de pr\u00e9cision.<\/em>\u00a0\u00bb<br \/>\n<strong>2. Visualisation data :<\/strong><br \/>\n\u00ab\u00a0<em>Mon dashboard Power BI chez Europ Assistance a centralis\u00e9 les retours clients, permettant des d\u00e9cisions plus rapides.<\/em>\u00a0\u00bb<br \/>\n<strong>3. Automatisation :<\/strong><br \/>\n\u00ab\u00a0<em>J\u2019ai optimis\u00e9 des workflows avec Power Apps lors de mon service civique \u00e0 P\u00f4le Emploi, simplifiant l\u2019acc\u00e8s aux services en ligne. <\/em>\u00ab\u00a0<\/p>\n<h6 class=\"ds-markdown-paragraph\"><strong>CONCLUSION :<\/strong><\/h6>\n<p class=\"ds-markdown-paragraph\">\u00ab\u00a0Ce qui m\u2019anime ? En somme, allier innovation et impact concret. Votre banque cherche \u00e0 la fois \u00e0 s\u00e9curiser ses processus et \u00e0 innover \u2013 c\u2019est exactement l\u00e0 o\u00f9 je peux apporter ma valeur ajout\u00e9e. D\u2019une part, mon profil hybride (technique + strat\u00e9gie) et d\u2019autre part, mes langues (anglais\/arabe) sont des atouts pour des projets internationaux. En d\u00e9finitive, je suis convaincu qu\u2019un \u00e9change nous permettrait d\u2019identifier des synergies. Merci de votre attention \u2013 \u00e0 tr\u00e8s vite, je l\u2019esp\u00e8re !\u00a0\u00bb<\/p>\n<p>&nbsp;<\/p>\n","protected":false},"excerpt":{"rendered":"<p>Postuler sans Offre de Service, c&rsquo;est comme p\u00eacher sans app\u00e2t : vous aurez beau lancer votre ligne, les poissons ne mordront pas. Charles a trouv\u00e9 l&rsquo;app\u00e2t magique pour attirer les recruteurs Charles a 25 ans. Fra\u00eechement dipl\u00f4m\u00e9, il envoyait candidature sur candidature mais sans jamais obtenir de r\u00e9ponse. Pourtant, son parcours \u00e9tait solide : non [&hellip;]<\/p>\n","protected":false},"author":2,"featured_media":0,"comment_status":"open","ping_status":"open","sticky":false,"template":"","format":"standard","meta":{"_monsterinsights_skip_tracking":false,"_monsterinsights_sitenote_active":false,"_monsterinsights_sitenote_note":"","_monsterinsights_sitenote_category":0,"footnotes":""},"categories":[13],"tags":[],"class_list":["post-872","post","type-post","status-publish","format-standard","hentry","category-insertion-professionnelle"],"yoast_head":"<!-- This site is optimized with the Yoast SEO plugin v27.4 - https:\/\/yoast.com\/product\/yoast-seo-wordpress\/ -->\n<title>L\u2019Offre de Service, votre passeport pour l\u2019emploi - Fa\u00e7ons de parler<\/title>\n<meta name=\"robots\" content=\"index, follow, max-snippet:-1, max-image-preview:large, max-video-preview:-1\" \/>\n<link rel=\"canonical\" href=\"https:\/\/www.elecyt.org\/blog\/2025\/05\/05\/loffre-de-service-votre-passeport-pour-lemploi\/\" \/>\n<meta property=\"og:locale\" content=\"fr_FR\" \/>\n<meta property=\"og:type\" content=\"article\" \/>\n<meta property=\"og:title\" content=\"L\u2019Offre de Service, votre passeport pour l\u2019emploi - Fa\u00e7ons de parler\" \/>\n<meta property=\"og:description\" content=\"Postuler sans Offre de Service, c&rsquo;est comme p\u00eacher sans app\u00e2t : vous aurez beau lancer votre ligne, les poissons ne mordront pas. Charles a trouv\u00e9 l&rsquo;app\u00e2t magique pour attirer les recruteurs Charles a 25 ans. Fra\u00eechement dipl\u00f4m\u00e9, il envoyait candidature sur candidature mais sans jamais obtenir de r\u00e9ponse. Pourtant, son parcours \u00e9tait solide : non [&hellip;]\" \/>\n<meta property=\"og:url\" content=\"https:\/\/www.elecyt.org\/blog\/2025\/05\/05\/loffre-de-service-votre-passeport-pour-lemploi\/\" \/>\n<meta property=\"og:site_name\" content=\"Fa\u00e7ons de parler\" \/>\n<meta property=\"article:published_time\" content=\"2025-05-05T10:39:14+00:00\" \/>\n<meta property=\"article:modified_time\" content=\"2025-05-06T11:29:36+00:00\" \/>\n<meta property=\"og:image\" content=\"https:\/\/www.elecyt.org\/blog\/wp-content\/uploads\/2025\/05\/Post_115_photo_1.png\" \/>\n\t<meta property=\"og:image:width\" content=\"1024\" \/>\n\t<meta property=\"og:image:height\" content=\"1024\" \/>\n\t<meta property=\"og:image:type\" content=\"image\/png\" \/>\n<meta name=\"author\" content=\"Stephane Gantzer\" \/>\n<meta name=\"twitter:card\" content=\"summary_large_image\" \/>\n<meta name=\"twitter:label1\" content=\"\u00c9crit par\" \/>\n\t<meta name=\"twitter:data1\" content=\"Stephane Gantzer\" \/>\n\t<meta name=\"twitter:label2\" content=\"Dur\u00e9e de lecture estim\u00e9e\" \/>\n\t<meta name=\"twitter:data2\" content=\"9 minutes\" \/>\n<script type=\"application\/ld+json\" class=\"yoast-schema-graph\">{\"@context\":\"https:\\\/\\\/schema.org\",\"@graph\":[{\"@type\":\"Article\",\"@id\":\"https:\\\/\\\/www.elecyt.org\\\/blog\\\/2025\\\/05\\\/05\\\/loffre-de-service-votre-passeport-pour-lemploi\\\/#article\",\"isPartOf\":{\"@id\":\"https:\\\/\\\/www.elecyt.org\\\/blog\\\/2025\\\/05\\\/05\\\/loffre-de-service-votre-passeport-pour-lemploi\\\/\"},\"author\":{\"name\":\"Stephane Gantzer\",\"@id\":\"https:\\\/\\\/www.elecyt.org\\\/blog\\\/#\\\/schema\\\/person\\\/cd7dc81253b2db33748afb7355378e8b\"},\"headline\":\"L\u2019Offre de Service, votre passeport pour l\u2019emploi\",\"datePublished\":\"2025-05-05T10:39:14+00:00\",\"dateModified\":\"2025-05-06T11:29:36+00:00\",\"mainEntityOfPage\":{\"@id\":\"https:\\\/\\\/www.elecyt.org\\\/blog\\\/2025\\\/05\\\/05\\\/loffre-de-service-votre-passeport-pour-lemploi\\\/\"},\"wordCount\":1799,\"commentCount\":0,\"publisher\":{\"@id\":\"https:\\\/\\\/www.elecyt.org\\\/blog\\\/#organization\"},\"image\":{\"@id\":\"https:\\\/\\\/www.elecyt.org\\\/blog\\\/2025\\\/05\\\/05\\\/loffre-de-service-votre-passeport-pour-lemploi\\\/#primaryimage\"},\"thumbnailUrl\":\"https:\\\/\\\/www.elecyt.org\\\/blog\\\/wp-content\\\/uploads\\\/2025\\\/05\\\/Post_115_photo_1.png\",\"articleSection\":[\"Insertion professionnelle\"],\"inLanguage\":\"fr-FR\",\"potentialAction\":[{\"@type\":\"CommentAction\",\"name\":\"Comment\",\"target\":[\"https:\\\/\\\/www.elecyt.org\\\/blog\\\/2025\\\/05\\\/05\\\/loffre-de-service-votre-passeport-pour-lemploi\\\/#respond\"]}]},{\"@type\":\"WebPage\",\"@id\":\"https:\\\/\\\/www.elecyt.org\\\/blog\\\/2025\\\/05\\\/05\\\/loffre-de-service-votre-passeport-pour-lemploi\\\/\",\"url\":\"https:\\\/\\\/www.elecyt.org\\\/blog\\\/2025\\\/05\\\/05\\\/loffre-de-service-votre-passeport-pour-lemploi\\\/\",\"name\":\"L\u2019Offre de Service, votre passeport pour l\u2019emploi - Fa\u00e7ons de parler\",\"isPartOf\":{\"@id\":\"https:\\\/\\\/www.elecyt.org\\\/blog\\\/#website\"},\"primaryImageOfPage\":{\"@id\":\"https:\\\/\\\/www.elecyt.org\\\/blog\\\/2025\\\/05\\\/05\\\/loffre-de-service-votre-passeport-pour-lemploi\\\/#primaryimage\"},\"image\":{\"@id\":\"https:\\\/\\\/www.elecyt.org\\\/blog\\\/2025\\\/05\\\/05\\\/loffre-de-service-votre-passeport-pour-lemploi\\\/#primaryimage\"},\"thumbnailUrl\":\"https:\\\/\\\/www.elecyt.org\\\/blog\\\/wp-content\\\/uploads\\\/2025\\\/05\\\/Post_115_photo_1.png\",\"datePublished\":\"2025-05-05T10:39:14+00:00\",\"dateModified\":\"2025-05-06T11:29:36+00:00\",\"breadcrumb\":{\"@id\":\"https:\\\/\\\/www.elecyt.org\\\/blog\\\/2025\\\/05\\\/05\\\/loffre-de-service-votre-passeport-pour-lemploi\\\/#breadcrumb\"},\"inLanguage\":\"fr-FR\",\"potentialAction\":[{\"@type\":\"ReadAction\",\"target\":[\"https:\\\/\\\/www.elecyt.org\\\/blog\\\/2025\\\/05\\\/05\\\/loffre-de-service-votre-passeport-pour-lemploi\\\/\"]}]},{\"@type\":\"ImageObject\",\"inLanguage\":\"fr-FR\",\"@id\":\"https:\\\/\\\/www.elecyt.org\\\/blog\\\/2025\\\/05\\\/05\\\/loffre-de-service-votre-passeport-pour-lemploi\\\/#primaryimage\",\"url\":\"https:\\\/\\\/www.elecyt.org\\\/blog\\\/wp-content\\\/uploads\\\/2025\\\/05\\\/Post_115_photo_1.png\",\"contentUrl\":\"https:\\\/\\\/www.elecyt.org\\\/blog\\\/wp-content\\\/uploads\\\/2025\\\/05\\\/Post_115_photo_1.png\",\"width\":1024,\"height\":1024},{\"@type\":\"BreadcrumbList\",\"@id\":\"https:\\\/\\\/www.elecyt.org\\\/blog\\\/2025\\\/05\\\/05\\\/loffre-de-service-votre-passeport-pour-lemploi\\\/#breadcrumb\",\"itemListElement\":[{\"@type\":\"ListItem\",\"position\":1,\"name\":\"Accueil\",\"item\":\"https:\\\/\\\/www.elecyt.org\\\/blog\\\/\"},{\"@type\":\"ListItem\",\"position\":2,\"name\":\"L\u2019Offre de Service, votre passeport pour l\u2019emploi\"}]},{\"@type\":\"WebSite\",\"@id\":\"https:\\\/\\\/www.elecyt.org\\\/blog\\\/#website\",\"url\":\"https:\\\/\\\/www.elecyt.org\\\/blog\\\/\",\"name\":\"Fa\u00e7ons de parler\",\"description\":\"La communication par la pratique\",\"publisher\":{\"@id\":\"https:\\\/\\\/www.elecyt.org\\\/blog\\\/#organization\"},\"potentialAction\":[{\"@type\":\"SearchAction\",\"target\":{\"@type\":\"EntryPoint\",\"urlTemplate\":\"https:\\\/\\\/www.elecyt.org\\\/blog\\\/?s={search_term_string}\"},\"query-input\":{\"@type\":\"PropertyValueSpecification\",\"valueRequired\":true,\"valueName\":\"search_term_string\"}}],\"inLanguage\":\"fr-FR\"},{\"@type\":\"Organization\",\"@id\":\"https:\\\/\\\/www.elecyt.org\\\/blog\\\/#organization\",\"name\":\"Fa\u00e7ons de parler\",\"url\":\"https:\\\/\\\/www.elecyt.org\\\/blog\\\/\",\"logo\":{\"@type\":\"ImageObject\",\"inLanguage\":\"fr-FR\",\"@id\":\"https:\\\/\\\/www.elecyt.org\\\/blog\\\/#\\\/schema\\\/logo\\\/image\\\/\",\"url\":\"https:\\\/\\\/www.elecyt.org\\\/blog\\\/wp-content\\\/uploads\\\/2021\\\/10\\\/cropped-Logo-ELECYT-CMJN.jpg\",\"contentUrl\":\"https:\\\/\\\/www.elecyt.org\\\/blog\\\/wp-content\\\/uploads\\\/2021\\\/10\\\/cropped-Logo-ELECYT-CMJN.jpg\",\"width\":966,\"height\":369,\"caption\":\"Fa\u00e7ons de parler\"},\"image\":{\"@id\":\"https:\\\/\\\/www.elecyt.org\\\/blog\\\/#\\\/schema\\\/logo\\\/image\\\/\"}},{\"@type\":\"Person\",\"@id\":\"https:\\\/\\\/www.elecyt.org\\\/blog\\\/#\\\/schema\\\/person\\\/cd7dc81253b2db33748afb7355378e8b\",\"name\":\"Stephane Gantzer\",\"image\":{\"@type\":\"ImageObject\",\"inLanguage\":\"fr-FR\",\"@id\":\"https:\\\/\\\/secure.gravatar.com\\\/avatar\\\/a026a9ac79640a4084e74bf3c5273fdf14b3d26d08f476fcfd36c1d77261b730?s=96&d=mm&r=g\",\"url\":\"https:\\\/\\\/secure.gravatar.com\\\/avatar\\\/a026a9ac79640a4084e74bf3c5273fdf14b3d26d08f476fcfd36c1d77261b730?s=96&d=mm&r=g\",\"contentUrl\":\"https:\\\/\\\/secure.gravatar.com\\\/avatar\\\/a026a9ac79640a4084e74bf3c5273fdf14b3d26d08f476fcfd36c1d77261b730?s=96&d=mm&r=g\",\"caption\":\"Stephane Gantzer\"},\"url\":\"https:\\\/\\\/www.elecyt.org\\\/blog\\\/author\\\/stephane-gantzer\\\/\"}]}<\/script>\n<!-- \/ Yoast SEO plugin. -->","yoast_head_json":{"title":"L\u2019Offre de Service, votre passeport pour l\u2019emploi - Fa\u00e7ons de parler","robots":{"index":"index","follow":"follow","max-snippet":"max-snippet:-1","max-image-preview":"max-image-preview:large","max-video-preview":"max-video-preview:-1"},"canonical":"https:\/\/www.elecyt.org\/blog\/2025\/05\/05\/loffre-de-service-votre-passeport-pour-lemploi\/","og_locale":"fr_FR","og_type":"article","og_title":"L\u2019Offre de Service, votre passeport pour l\u2019emploi - Fa\u00e7ons de parler","og_description":"Postuler sans Offre de Service, c&rsquo;est comme p\u00eacher sans app\u00e2t : vous aurez beau lancer votre ligne, les poissons ne mordront pas. Charles a trouv\u00e9 l&rsquo;app\u00e2t magique pour attirer les recruteurs Charles a 25 ans. Fra\u00eechement dipl\u00f4m\u00e9, il envoyait candidature sur candidature mais sans jamais obtenir de r\u00e9ponse. Pourtant, son parcours \u00e9tait solide : non [&hellip;]","og_url":"https:\/\/www.elecyt.org\/blog\/2025\/05\/05\/loffre-de-service-votre-passeport-pour-lemploi\/","og_site_name":"Fa\u00e7ons de parler","article_published_time":"2025-05-05T10:39:14+00:00","article_modified_time":"2025-05-06T11:29:36+00:00","og_image":[{"width":1024,"height":1024,"url":"https:\/\/www.elecyt.org\/blog\/wp-content\/uploads\/2025\/05\/Post_115_photo_1.png","type":"image\/png"}],"author":"Stephane Gantzer","twitter_card":"summary_large_image","twitter_misc":{"\u00c9crit par":"Stephane Gantzer","Dur\u00e9e de lecture estim\u00e9e":"9 minutes"},"schema":{"@context":"https:\/\/schema.org","@graph":[{"@type":"Article","@id":"https:\/\/www.elecyt.org\/blog\/2025\/05\/05\/loffre-de-service-votre-passeport-pour-lemploi\/#article","isPartOf":{"@id":"https:\/\/www.elecyt.org\/blog\/2025\/05\/05\/loffre-de-service-votre-passeport-pour-lemploi\/"},"author":{"name":"Stephane Gantzer","@id":"https:\/\/www.elecyt.org\/blog\/#\/schema\/person\/cd7dc81253b2db33748afb7355378e8b"},"headline":"L\u2019Offre de Service, votre passeport pour l\u2019emploi","datePublished":"2025-05-05T10:39:14+00:00","dateModified":"2025-05-06T11:29:36+00:00","mainEntityOfPage":{"@id":"https:\/\/www.elecyt.org\/blog\/2025\/05\/05\/loffre-de-service-votre-passeport-pour-lemploi\/"},"wordCount":1799,"commentCount":0,"publisher":{"@id":"https:\/\/www.elecyt.org\/blog\/#organization"},"image":{"@id":"https:\/\/www.elecyt.org\/blog\/2025\/05\/05\/loffre-de-service-votre-passeport-pour-lemploi\/#primaryimage"},"thumbnailUrl":"https:\/\/www.elecyt.org\/blog\/wp-content\/uploads\/2025\/05\/Post_115_photo_1.png","articleSection":["Insertion professionnelle"],"inLanguage":"fr-FR","potentialAction":[{"@type":"CommentAction","name":"Comment","target":["https:\/\/www.elecyt.org\/blog\/2025\/05\/05\/loffre-de-service-votre-passeport-pour-lemploi\/#respond"]}]},{"@type":"WebPage","@id":"https:\/\/www.elecyt.org\/blog\/2025\/05\/05\/loffre-de-service-votre-passeport-pour-lemploi\/","url":"https:\/\/www.elecyt.org\/blog\/2025\/05\/05\/loffre-de-service-votre-passeport-pour-lemploi\/","name":"L\u2019Offre de Service, votre passeport pour l\u2019emploi - Fa\u00e7ons de parler","isPartOf":{"@id":"https:\/\/www.elecyt.org\/blog\/#website"},"primaryImageOfPage":{"@id":"https:\/\/www.elecyt.org\/blog\/2025\/05\/05\/loffre-de-service-votre-passeport-pour-lemploi\/#primaryimage"},"image":{"@id":"https:\/\/www.elecyt.org\/blog\/2025\/05\/05\/loffre-de-service-votre-passeport-pour-lemploi\/#primaryimage"},"thumbnailUrl":"https:\/\/www.elecyt.org\/blog\/wp-content\/uploads\/2025\/05\/Post_115_photo_1.png","datePublished":"2025-05-05T10:39:14+00:00","dateModified":"2025-05-06T11:29:36+00:00","breadcrumb":{"@id":"https:\/\/www.elecyt.org\/blog\/2025\/05\/05\/loffre-de-service-votre-passeport-pour-lemploi\/#breadcrumb"},"inLanguage":"fr-FR","potentialAction":[{"@type":"ReadAction","target":["https:\/\/www.elecyt.org\/blog\/2025\/05\/05\/loffre-de-service-votre-passeport-pour-lemploi\/"]}]},{"@type":"ImageObject","inLanguage":"fr-FR","@id":"https:\/\/www.elecyt.org\/blog\/2025\/05\/05\/loffre-de-service-votre-passeport-pour-lemploi\/#primaryimage","url":"https:\/\/www.elecyt.org\/blog\/wp-content\/uploads\/2025\/05\/Post_115_photo_1.png","contentUrl":"https:\/\/www.elecyt.org\/blog\/wp-content\/uploads\/2025\/05\/Post_115_photo_1.png","width":1024,"height":1024},{"@type":"BreadcrumbList","@id":"https:\/\/www.elecyt.org\/blog\/2025\/05\/05\/loffre-de-service-votre-passeport-pour-lemploi\/#breadcrumb","itemListElement":[{"@type":"ListItem","position":1,"name":"Accueil","item":"https:\/\/www.elecyt.org\/blog\/"},{"@type":"ListItem","position":2,"name":"L\u2019Offre de Service, votre passeport pour l\u2019emploi"}]},{"@type":"WebSite","@id":"https:\/\/www.elecyt.org\/blog\/#website","url":"https:\/\/www.elecyt.org\/blog\/","name":"Fa\u00e7ons de parler","description":"La communication par la pratique","publisher":{"@id":"https:\/\/www.elecyt.org\/blog\/#organization"},"potentialAction":[{"@type":"SearchAction","target":{"@type":"EntryPoint","urlTemplate":"https:\/\/www.elecyt.org\/blog\/?s={search_term_string}"},"query-input":{"@type":"PropertyValueSpecification","valueRequired":true,"valueName":"search_term_string"}}],"inLanguage":"fr-FR"},{"@type":"Organization","@id":"https:\/\/www.elecyt.org\/blog\/#organization","name":"Fa\u00e7ons de parler","url":"https:\/\/www.elecyt.org\/blog\/","logo":{"@type":"ImageObject","inLanguage":"fr-FR","@id":"https:\/\/www.elecyt.org\/blog\/#\/schema\/logo\/image\/","url":"https:\/\/www.elecyt.org\/blog\/wp-content\/uploads\/2021\/10\/cropped-Logo-ELECYT-CMJN.jpg","contentUrl":"https:\/\/www.elecyt.org\/blog\/wp-content\/uploads\/2021\/10\/cropped-Logo-ELECYT-CMJN.jpg","width":966,"height":369,"caption":"Fa\u00e7ons de parler"},"image":{"@id":"https:\/\/www.elecyt.org\/blog\/#\/schema\/logo\/image\/"}},{"@type":"Person","@id":"https:\/\/www.elecyt.org\/blog\/#\/schema\/person\/cd7dc81253b2db33748afb7355378e8b","name":"Stephane Gantzer","image":{"@type":"ImageObject","inLanguage":"fr-FR","@id":"https:\/\/secure.gravatar.com\/avatar\/a026a9ac79640a4084e74bf3c5273fdf14b3d26d08f476fcfd36c1d77261b730?s=96&d=mm&r=g","url":"https:\/\/secure.gravatar.com\/avatar\/a026a9ac79640a4084e74bf3c5273fdf14b3d26d08f476fcfd36c1d77261b730?s=96&d=mm&r=g","contentUrl":"https:\/\/secure.gravatar.com\/avatar\/a026a9ac79640a4084e74bf3c5273fdf14b3d26d08f476fcfd36c1d77261b730?s=96&d=mm&r=g","caption":"Stephane Gantzer"},"url":"https:\/\/www.elecyt.org\/blog\/author\/stephane-gantzer\/"}]}},"_links":{"self":[{"href":"https:\/\/www.elecyt.org\/blog\/wp-json\/wp\/v2\/posts\/872","targetHints":{"allow":["GET"]}}],"collection":[{"href":"https:\/\/www.elecyt.org\/blog\/wp-json\/wp\/v2\/posts"}],"about":[{"href":"https:\/\/www.elecyt.org\/blog\/wp-json\/wp\/v2\/types\/post"}],"author":[{"embeddable":true,"href":"https:\/\/www.elecyt.org\/blog\/wp-json\/wp\/v2\/users\/2"}],"replies":[{"embeddable":true,"href":"https:\/\/www.elecyt.org\/blog\/wp-json\/wp\/v2\/comments?post=872"}],"version-history":[{"count":5,"href":"https:\/\/www.elecyt.org\/blog\/wp-json\/wp\/v2\/posts\/872\/revisions"}],"predecessor-version":[{"id":875,"href":"https:\/\/www.elecyt.org\/blog\/wp-json\/wp\/v2\/posts\/872\/revisions\/875"}],"wp:attachment":[{"href":"https:\/\/www.elecyt.org\/blog\/wp-json\/wp\/v2\/media?parent=872"}],"wp:term":[{"taxonomy":"category","embeddable":true,"href":"https:\/\/www.elecyt.org\/blog\/wp-json\/wp\/v2\/categories?post=872"},{"taxonomy":"post_tag","embeddable":true,"href":"https:\/\/www.elecyt.org\/blog\/wp-json\/wp\/v2\/tags?post=872"}],"curies":[{"name":"wp","href":"https:\/\/api.w.org\/{rel}","templated":true}]}}