{"id":847,"date":"2025-03-17T16:10:08","date_gmt":"2025-03-17T15:10:08","guid":{"rendered":"https:\/\/www.elecyt.org\/blog\/?p=847"},"modified":"2025-03-18T17:00:03","modified_gmt":"2025-03-18T16:00:03","slug":"jeunes-et-emploi-defis-et-solutions-pour-une-insertion-reussie","status":"publish","type":"post","link":"https:\/\/www.elecyt.org\/blog\/2025\/03\/17\/jeunes-et-emploi-defis-et-solutions-pour-une-insertion-reussie\/","title":{"rendered":"Jeunes et emploi : D\u00e9fis et solutions pour une insertion r\u00e9ussie"},"content":{"rendered":"<h5 style=\"text-align: center;\"><strong>En France, l\u2019insertion professionnelle des jeunes reste un parcours sem\u00e9 d\u2019emb\u00fbches. Entre taux d\u2019emploi pr\u00e9occupants et obstacles multiples, quelles solutions existent pour transformer l\u2019essai ?<\/strong><\/h5>\n<p><img loading=\"lazy\" decoding=\"async\" class=\"aligncenter wp-image-850 size-full\" src=\"https:\/\/www.elecyt.org\/blog\/wp-content\/uploads\/2025\/03\/Post_112_image_1.png\" alt=\"\" width=\"1024\" height=\"1024\" srcset=\"https:\/\/www.elecyt.org\/blog\/wp-content\/uploads\/2025\/03\/Post_112_image_1.png 1024w, https:\/\/www.elecyt.org\/blog\/wp-content\/uploads\/2025\/03\/Post_112_image_1-400x400.png 400w, https:\/\/www.elecyt.org\/blog\/wp-content\/uploads\/2025\/03\/Post_112_image_1-150x150.png 150w, https:\/\/www.elecyt.org\/blog\/wp-content\/uploads\/2025\/03\/Post_112_image_1-768x768.png 768w\" sizes=\"auto, (max-width: 1024px) 100vw, 1024px\" \/><\/p>\n<h6><strong>L&rsquo;insertion professionnelle des jeunes: un enjeu \u00e9conomique et humain<\/strong><\/h6>\n<p>En comparaison avec l&rsquo;Allemagne et le Royaume-Uni, l&rsquo;insertion professionnelle des jeunes est beaucoup plus lente en France. Ainsi, deux ans apr\u00e8s la fin de leur scolarit\u00e9, les jeunes sortant d\u2019\u00e9tudes \u00e0 18 ans ont un taux d\u2019emploi plus faible de 15 points de pourcentage par rapport \u00e0 l\u2019Allemagne et de 30 points par rapport au Royaume-Uni.<\/p>\n<p>En plus, l\u2019emploi des non-qualifi\u00e9s, jeunes et moins jeunes, s\u2019effondre, r\u00e9v\u00e9lant l\u2019extr\u00eame difficult\u00e9 de ceux qui sortent sans qualification du syst\u00e8me \u00e9ducatif \u00e0 s\u2019int\u00e9grer sur le march\u00e9 du travail.<\/p>\n<p>De fait, cette r\u00e9alit\u00e9 impacte leur autonomie financi\u00e8re et creuse les in\u00e9galit\u00e9s sociales. En plus, le pays voit ses recettes fiscales diminuer et ses d\u00e9penses sociales augmenter.<\/p>\n<h6><strong>Les jeunes NEET : Un public vuln\u00e9rable face \u00e0 des obstacles multiples<\/strong><\/h6>\n<p>Pr\u00e8s d\u2019un jeune sur cinq \u00e2g\u00e9 de 15 \u00e0 29 ans est en France consid\u00e9r\u00e9 comme NEET (ni en emploi, ni en formation, ni en \u00e9tudes). Ce chiffre est sup\u00e9rieur \u00e0 la moyenne europ\u00e9enne. Il y a donc urgence \u00e0 agir.<\/p>\n<p>De fait, ces jeunes cumulent plusieurs difficult\u00e9s :<\/p>\n<ul>\n<li><strong>Manque de r\u00e9seaux et de capital culturel<\/strong> : Sans contacts dans les secteurs qui les attirent (par exemple num\u00e9rique, spectacle), ils peinent \u00e0 acc\u00e9der aux bonnes sources d&rsquo;information. Ils ont aussi du mal \u00e0 bien valoriser leurs comp\u00e9tences dans les entretiens d&#8217;embauche.<\/li>\n<li><strong>Probl\u00e8mes de confiance et de motivation<\/strong> : Syndrome de l\u2019imposteur ou difficult\u00e9s \u00e0 s\u2019adapter au monde professionnel freinent leurs d\u00e9marches.<\/li>\n<li><strong>Formations inadapt\u00e9es<\/strong> : Beaucoup subissent des orientations non choisies ou suivent des cursus trop g\u00e9n\u00e9ralistes.<\/li>\n<li><strong>Sant\u00e9 fragilis\u00e9e<\/strong> : Troubles psychiques ou handicaps physiques amplifient les discriminations.<\/li>\n<\/ul>\n<p>Un cercle vicieux alors s&rsquo;enclenche : Sans exp\u00e9rience, pas de premier emploi ; sans emploi, pas d\u2019exp\u00e9rience.<\/p>\n<h6><strong>Des solutions concr\u00e8tes pour booster l\u2019insertion<\/strong><\/h6>\n<p>Notre s\u00e9rie d&rsquo;articles sur l&rsquo;insertion professionnelle d\u00e9crit plusieurs approches pour aider les jeunes \u00e0 surmonter ces d\u00e9fis :<\/p>\n<ol>\n<li><strong> La th\u00e9orie socio-cognitive : Apprendre en observant<\/strong><\/li>\n<\/ol>\n<p>D\u00e9velopp\u00e9e par Albert Bandura, cette <a href=\"https:\/\/www.elecyt.org\/blog\/2024\/01\/22\/comment-utiliser-la-theorie-socio-cognitive-pour-le-mentorat\/\" target=\"_blank\" rel=\"noopener\">m\u00e9thode<\/a> mise sur l\u2019observation de mod\u00e8les (par exemple des mentors) et les retours constructifs. En reproduisant des comportements r\u00e9ussis, les jeunes gagnent en comp\u00e9tences et en confiance.<\/p>\n<ol start=\"2\">\n<li><strong> L\u2019entretien motivationnel : Clarifier les objectifs<\/strong><\/li>\n<\/ol>\n<p><a href=\"https:\/\/www.elecyt.org\/blog\/2022\/10\/19\/lentretien-motivationnel-et-le-mentorat-en-insertion-professionnelle\/\" target=\"_blank\" rel=\"noopener\">Approche structur\u00e9e<\/a>, cet outil aide \u00e0 surmonter l\u2019ambivalence des jeunes vis-\u00e0-vis de l&#8217;emploi. Il renforce la motivation et l\u2019autonomie, comme le confirment des \u00e9tudes r\u00e9centes. Il lib\u00e8re la parole et r\u00e9v\u00e8le les aspirations cach\u00e9es.<\/p>\n<ol start=\"3\">\n<li><strong> Le r\u00e9seautage : Construire un carnet d\u2019adresses<\/strong><\/li>\n<\/ol>\n<p><a href=\"https:\/\/www.elecyt.org\/blog\/2024\/11\/02\/lart-subtil-du-reseautage-professionnel\/\" target=\"_blank\" rel=\"noopener\">Acc\u00e9der \u00e0 des r\u00e9seaux professionnels<\/a> permet de cr\u00e9er des opportunit\u00e9s dans des domaines cibl\u00e9s. C&rsquo;est un atout cl\u00e9 pour compenser le manque de capital social.<\/p>\n<ol start=\"4\">\n<li><strong> Valoriser les comp\u00e9tences transf\u00e9rables<\/strong><\/li>\n<\/ol>\n<p>Face aux erreurs d\u2019orientation, <a href=\"https:\/\/www.elecyt.org\/blog\/2025\/01\/06\/les-competences-un-atout-inestimable-dans-la-recherche-demploi\/\" target=\"_blank\" rel=\"noopener\">identifier des savoir-faire r\u00e9utilisables<\/a> (par exemple communication, gestion de projet) offre une seconde chance.<\/p>\n<ol start=\"5\">\n<li><strong> Pr\u00e9parer l\u2019oral et les entretiens<\/strong><\/li>\n<\/ol>\n<p>Travailler l\u2019expression orale et <a href=\"https:\/\/www.elecyt.org\/blog\/2025\/02\/10\/etre-pret-pour-lentretien-les-cles-dune-preparation-reussie\/\" target=\"_blank\" rel=\"noopener\">simuler des entretiens d\u2019embauche<\/a> permet de mieux se vendre aux employeurs.<\/p>\n<h6><strong>Conclusion : Un accompagnement sur-mesure pour redonner espoir<\/strong><\/h6>\n<p>L\u2019insertion professionnelle des jeunes ne se r\u00e9sume pas \u00e0 des statistiques. Elle demande des m\u00e9thodes adapt\u00e9es, combinant soutien psychologique, formations cibl\u00e9es et mentorat. En agissant sur ces leviers, les jeunes peuvent reprendre contr\u00f4le de leur avenir \u2013 et la soci\u00e9t\u00e9 y gagner en coh\u00e9sion.<\/p>\n","protected":false},"excerpt":{"rendered":"<p>En France, l\u2019insertion professionnelle des jeunes reste un parcours sem\u00e9 d\u2019emb\u00fbches. Entre taux d\u2019emploi pr\u00e9occupants et obstacles multiples, quelles solutions existent pour transformer l\u2019essai ? L&rsquo;insertion professionnelle des jeunes: un enjeu \u00e9conomique et humain En comparaison avec l&rsquo;Allemagne et le Royaume-Uni, l&rsquo;insertion professionnelle des jeunes est beaucoup plus lente en France. Ainsi, deux ans apr\u00e8s [&hellip;]<\/p>\n","protected":false},"author":2,"featured_media":0,"comment_status":"open","ping_status":"open","sticky":false,"template":"","format":"standard","meta":{"_monsterinsights_skip_tracking":false,"_monsterinsights_sitenote_active":false,"_monsterinsights_sitenote_note":"","_monsterinsights_sitenote_category":0,"footnotes":""},"categories":[13],"tags":[],"class_list":["post-847","post","type-post","status-publish","format-standard","hentry","category-insertion-professionnelle"],"yoast_head":"<!-- This site is optimized with the Yoast SEO plugin v27.4 - https:\/\/yoast.com\/product\/yoast-seo-wordpress\/ -->\n<title>Jeunes et emploi : D\u00e9fis et solutions pour une insertion r\u00e9ussie - Fa\u00e7ons de parler<\/title>\n<meta name=\"robots\" content=\"index, follow, max-snippet:-1, max-image-preview:large, max-video-preview:-1\" \/>\n<link rel=\"canonical\" href=\"https:\/\/www.elecyt.org\/blog\/2025\/03\/17\/jeunes-et-emploi-defis-et-solutions-pour-une-insertion-reussie\/\" \/>\n<meta property=\"og:locale\" content=\"fr_FR\" \/>\n<meta property=\"og:type\" content=\"article\" \/>\n<meta property=\"og:title\" content=\"Jeunes et emploi : D\u00e9fis et solutions pour une insertion r\u00e9ussie - Fa\u00e7ons de parler\" \/>\n<meta property=\"og:description\" content=\"En France, l\u2019insertion professionnelle des jeunes reste un parcours sem\u00e9 d\u2019emb\u00fbches. Entre taux d\u2019emploi pr\u00e9occupants et obstacles multiples, quelles solutions existent pour transformer l\u2019essai ? L&rsquo;insertion professionnelle des jeunes: un enjeu \u00e9conomique et humain En comparaison avec l&rsquo;Allemagne et le Royaume-Uni, l&rsquo;insertion professionnelle des jeunes est beaucoup plus lente en France. Ainsi, deux ans apr\u00e8s [&hellip;]\" \/>\n<meta property=\"og:url\" content=\"https:\/\/www.elecyt.org\/blog\/2025\/03\/17\/jeunes-et-emploi-defis-et-solutions-pour-une-insertion-reussie\/\" \/>\n<meta property=\"og:site_name\" content=\"Fa\u00e7ons de parler\" \/>\n<meta property=\"article:published_time\" content=\"2025-03-17T15:10:08+00:00\" \/>\n<meta property=\"article:modified_time\" content=\"2025-03-18T16:00:03+00:00\" \/>\n<meta property=\"og:image\" content=\"https:\/\/www.elecyt.org\/blog\/wp-content\/uploads\/2025\/03\/Post_112_image_1.png\" \/>\n\t<meta property=\"og:image:width\" content=\"580\" \/>\n\t<meta property=\"og:image:height\" content=\"580\" \/>\n\t<meta property=\"og:image:type\" content=\"image\/png\" \/>\n<meta name=\"author\" content=\"Stephane Gantzer\" \/>\n<meta name=\"twitter:card\" content=\"summary_large_image\" \/>\n<meta name=\"twitter:label1\" content=\"\u00c9crit par\" \/>\n\t<meta name=\"twitter:data1\" content=\"Stephane Gantzer\" \/>\n\t<meta name=\"twitter:label2\" content=\"Dur\u00e9e de lecture estim\u00e9e\" \/>\n\t<meta name=\"twitter:data2\" content=\"3 minutes\" \/>\n<script type=\"application\/ld+json\" class=\"yoast-schema-graph\">{\"@context\":\"https:\\\/\\\/schema.org\",\"@graph\":[{\"@type\":\"Article\",\"@id\":\"https:\\\/\\\/www.elecyt.org\\\/blog\\\/2025\\\/03\\\/17\\\/jeunes-et-emploi-defis-et-solutions-pour-une-insertion-reussie\\\/#article\",\"isPartOf\":{\"@id\":\"https:\\\/\\\/www.elecyt.org\\\/blog\\\/2025\\\/03\\\/17\\\/jeunes-et-emploi-defis-et-solutions-pour-une-insertion-reussie\\\/\"},\"author\":{\"name\":\"Stephane Gantzer\",\"@id\":\"https:\\\/\\\/www.elecyt.org\\\/blog\\\/#\\\/schema\\\/person\\\/cd7dc81253b2db33748afb7355378e8b\"},\"headline\":\"Jeunes et emploi : D\u00e9fis et solutions pour une insertion r\u00e9ussie\",\"datePublished\":\"2025-03-17T15:10:08+00:00\",\"dateModified\":\"2025-03-18T16:00:03+00:00\",\"mainEntityOfPage\":{\"@id\":\"https:\\\/\\\/www.elecyt.org\\\/blog\\\/2025\\\/03\\\/17\\\/jeunes-et-emploi-defis-et-solutions-pour-une-insertion-reussie\\\/\"},\"wordCount\":613,\"commentCount\":0,\"publisher\":{\"@id\":\"https:\\\/\\\/www.elecyt.org\\\/blog\\\/#organization\"},\"image\":{\"@id\":\"https:\\\/\\\/www.elecyt.org\\\/blog\\\/2025\\\/03\\\/17\\\/jeunes-et-emploi-defis-et-solutions-pour-une-insertion-reussie\\\/#primaryimage\"},\"thumbnailUrl\":\"https:\\\/\\\/www.elecyt.org\\\/blog\\\/wp-content\\\/uploads\\\/2025\\\/03\\\/Post_112_image_1.png\",\"articleSection\":[\"Insertion professionnelle\"],\"inLanguage\":\"fr-FR\",\"potentialAction\":[{\"@type\":\"CommentAction\",\"name\":\"Comment\",\"target\":[\"https:\\\/\\\/www.elecyt.org\\\/blog\\\/2025\\\/03\\\/17\\\/jeunes-et-emploi-defis-et-solutions-pour-une-insertion-reussie\\\/#respond\"]}]},{\"@type\":\"WebPage\",\"@id\":\"https:\\\/\\\/www.elecyt.org\\\/blog\\\/2025\\\/03\\\/17\\\/jeunes-et-emploi-defis-et-solutions-pour-une-insertion-reussie\\\/\",\"url\":\"https:\\\/\\\/www.elecyt.org\\\/blog\\\/2025\\\/03\\\/17\\\/jeunes-et-emploi-defis-et-solutions-pour-une-insertion-reussie\\\/\",\"name\":\"Jeunes et emploi : D\u00e9fis et solutions pour une insertion r\u00e9ussie - Fa\u00e7ons de parler\",\"isPartOf\":{\"@id\":\"https:\\\/\\\/www.elecyt.org\\\/blog\\\/#website\"},\"primaryImageOfPage\":{\"@id\":\"https:\\\/\\\/www.elecyt.org\\\/blog\\\/2025\\\/03\\\/17\\\/jeunes-et-emploi-defis-et-solutions-pour-une-insertion-reussie\\\/#primaryimage\"},\"image\":{\"@id\":\"https:\\\/\\\/www.elecyt.org\\\/blog\\\/2025\\\/03\\\/17\\\/jeunes-et-emploi-defis-et-solutions-pour-une-insertion-reussie\\\/#primaryimage\"},\"thumbnailUrl\":\"https:\\\/\\\/www.elecyt.org\\\/blog\\\/wp-content\\\/uploads\\\/2025\\\/03\\\/Post_112_image_1.png\",\"datePublished\":\"2025-03-17T15:10:08+00:00\",\"dateModified\":\"2025-03-18T16:00:03+00:00\",\"breadcrumb\":{\"@id\":\"https:\\\/\\\/www.elecyt.org\\\/blog\\\/2025\\\/03\\\/17\\\/jeunes-et-emploi-defis-et-solutions-pour-une-insertion-reussie\\\/#breadcrumb\"},\"inLanguage\":\"fr-FR\",\"potentialAction\":[{\"@type\":\"ReadAction\",\"target\":[\"https:\\\/\\\/www.elecyt.org\\\/blog\\\/2025\\\/03\\\/17\\\/jeunes-et-emploi-defis-et-solutions-pour-une-insertion-reussie\\\/\"]}]},{\"@type\":\"ImageObject\",\"inLanguage\":\"fr-FR\",\"@id\":\"https:\\\/\\\/www.elecyt.org\\\/blog\\\/2025\\\/03\\\/17\\\/jeunes-et-emploi-defis-et-solutions-pour-une-insertion-reussie\\\/#primaryimage\",\"url\":\"https:\\\/\\\/www.elecyt.org\\\/blog\\\/wp-content\\\/uploads\\\/2025\\\/03\\\/Post_112_image_1.png\",\"contentUrl\":\"https:\\\/\\\/www.elecyt.org\\\/blog\\\/wp-content\\\/uploads\\\/2025\\\/03\\\/Post_112_image_1.png\",\"width\":1024,\"height\":1024},{\"@type\":\"BreadcrumbList\",\"@id\":\"https:\\\/\\\/www.elecyt.org\\\/blog\\\/2025\\\/03\\\/17\\\/jeunes-et-emploi-defis-et-solutions-pour-une-insertion-reussie\\\/#breadcrumb\",\"itemListElement\":[{\"@type\":\"ListItem\",\"position\":1,\"name\":\"Accueil\",\"item\":\"https:\\\/\\\/www.elecyt.org\\\/blog\\\/\"},{\"@type\":\"ListItem\",\"position\":2,\"name\":\"Jeunes et emploi : D\u00e9fis et solutions pour une insertion r\u00e9ussie\"}]},{\"@type\":\"WebSite\",\"@id\":\"https:\\\/\\\/www.elecyt.org\\\/blog\\\/#website\",\"url\":\"https:\\\/\\\/www.elecyt.org\\\/blog\\\/\",\"name\":\"Fa\u00e7ons de parler\",\"description\":\"La communication par la pratique\",\"publisher\":{\"@id\":\"https:\\\/\\\/www.elecyt.org\\\/blog\\\/#organization\"},\"potentialAction\":[{\"@type\":\"SearchAction\",\"target\":{\"@type\":\"EntryPoint\",\"urlTemplate\":\"https:\\\/\\\/www.elecyt.org\\\/blog\\\/?s={search_term_string}\"},\"query-input\":{\"@type\":\"PropertyValueSpecification\",\"valueRequired\":true,\"valueName\":\"search_term_string\"}}],\"inLanguage\":\"fr-FR\"},{\"@type\":\"Organization\",\"@id\":\"https:\\\/\\\/www.elecyt.org\\\/blog\\\/#organization\",\"name\":\"Fa\u00e7ons de parler\",\"url\":\"https:\\\/\\\/www.elecyt.org\\\/blog\\\/\",\"logo\":{\"@type\":\"ImageObject\",\"inLanguage\":\"fr-FR\",\"@id\":\"https:\\\/\\\/www.elecyt.org\\\/blog\\\/#\\\/schema\\\/logo\\\/image\\\/\",\"url\":\"https:\\\/\\\/www.elecyt.org\\\/blog\\\/wp-content\\\/uploads\\\/2021\\\/10\\\/cropped-Logo-ELECYT-CMJN.jpg\",\"contentUrl\":\"https:\\\/\\\/www.elecyt.org\\\/blog\\\/wp-content\\\/uploads\\\/2021\\\/10\\\/cropped-Logo-ELECYT-CMJN.jpg\",\"width\":966,\"height\":369,\"caption\":\"Fa\u00e7ons de parler\"},\"image\":{\"@id\":\"https:\\\/\\\/www.elecyt.org\\\/blog\\\/#\\\/schema\\\/logo\\\/image\\\/\"}},{\"@type\":\"Person\",\"@id\":\"https:\\\/\\\/www.elecyt.org\\\/blog\\\/#\\\/schema\\\/person\\\/cd7dc81253b2db33748afb7355378e8b\",\"name\":\"Stephane Gantzer\",\"image\":{\"@type\":\"ImageObject\",\"inLanguage\":\"fr-FR\",\"@id\":\"https:\\\/\\\/secure.gravatar.com\\\/avatar\\\/a026a9ac79640a4084e74bf3c5273fdf14b3d26d08f476fcfd36c1d77261b730?s=96&d=mm&r=g\",\"url\":\"https:\\\/\\\/secure.gravatar.com\\\/avatar\\\/a026a9ac79640a4084e74bf3c5273fdf14b3d26d08f476fcfd36c1d77261b730?s=96&d=mm&r=g\",\"contentUrl\":\"https:\\\/\\\/secure.gravatar.com\\\/avatar\\\/a026a9ac79640a4084e74bf3c5273fdf14b3d26d08f476fcfd36c1d77261b730?s=96&d=mm&r=g\",\"caption\":\"Stephane Gantzer\"},\"url\":\"https:\\\/\\\/www.elecyt.org\\\/blog\\\/author\\\/stephane-gantzer\\\/\"}]}<\/script>\n<!-- \/ Yoast SEO plugin. -->","yoast_head_json":{"title":"Jeunes et emploi : D\u00e9fis et solutions pour une insertion r\u00e9ussie - Fa\u00e7ons de parler","robots":{"index":"index","follow":"follow","max-snippet":"max-snippet:-1","max-image-preview":"max-image-preview:large","max-video-preview":"max-video-preview:-1"},"canonical":"https:\/\/www.elecyt.org\/blog\/2025\/03\/17\/jeunes-et-emploi-defis-et-solutions-pour-une-insertion-reussie\/","og_locale":"fr_FR","og_type":"article","og_title":"Jeunes et emploi : D\u00e9fis et solutions pour une insertion r\u00e9ussie - Fa\u00e7ons de parler","og_description":"En France, l\u2019insertion professionnelle des jeunes reste un parcours sem\u00e9 d\u2019emb\u00fbches. Entre taux d\u2019emploi pr\u00e9occupants et obstacles multiples, quelles solutions existent pour transformer l\u2019essai ? L&rsquo;insertion professionnelle des jeunes: un enjeu \u00e9conomique et humain En comparaison avec l&rsquo;Allemagne et le Royaume-Uni, l&rsquo;insertion professionnelle des jeunes est beaucoup plus lente en France. Ainsi, deux ans apr\u00e8s [&hellip;]","og_url":"https:\/\/www.elecyt.org\/blog\/2025\/03\/17\/jeunes-et-emploi-defis-et-solutions-pour-une-insertion-reussie\/","og_site_name":"Fa\u00e7ons de parler","article_published_time":"2025-03-17T15:10:08+00:00","article_modified_time":"2025-03-18T16:00:03+00:00","og_image":[{"url":"https:\/\/www.elecyt.org\/blog\/wp-content\/uploads\/2025\/03\/Post_112_image_1.png","width":580,"height":580,"type":"image\/png"}],"author":"Stephane Gantzer","twitter_card":"summary_large_image","twitter_misc":{"\u00c9crit par":"Stephane Gantzer","Dur\u00e9e de lecture estim\u00e9e":"3 minutes"},"schema":{"@context":"https:\/\/schema.org","@graph":[{"@type":"Article","@id":"https:\/\/www.elecyt.org\/blog\/2025\/03\/17\/jeunes-et-emploi-defis-et-solutions-pour-une-insertion-reussie\/#article","isPartOf":{"@id":"https:\/\/www.elecyt.org\/blog\/2025\/03\/17\/jeunes-et-emploi-defis-et-solutions-pour-une-insertion-reussie\/"},"author":{"name":"Stephane Gantzer","@id":"https:\/\/www.elecyt.org\/blog\/#\/schema\/person\/cd7dc81253b2db33748afb7355378e8b"},"headline":"Jeunes et emploi : D\u00e9fis et solutions pour une insertion r\u00e9ussie","datePublished":"2025-03-17T15:10:08+00:00","dateModified":"2025-03-18T16:00:03+00:00","mainEntityOfPage":{"@id":"https:\/\/www.elecyt.org\/blog\/2025\/03\/17\/jeunes-et-emploi-defis-et-solutions-pour-une-insertion-reussie\/"},"wordCount":613,"commentCount":0,"publisher":{"@id":"https:\/\/www.elecyt.org\/blog\/#organization"},"image":{"@id":"https:\/\/www.elecyt.org\/blog\/2025\/03\/17\/jeunes-et-emploi-defis-et-solutions-pour-une-insertion-reussie\/#primaryimage"},"thumbnailUrl":"https:\/\/www.elecyt.org\/blog\/wp-content\/uploads\/2025\/03\/Post_112_image_1.png","articleSection":["Insertion professionnelle"],"inLanguage":"fr-FR","potentialAction":[{"@type":"CommentAction","name":"Comment","target":["https:\/\/www.elecyt.org\/blog\/2025\/03\/17\/jeunes-et-emploi-defis-et-solutions-pour-une-insertion-reussie\/#respond"]}]},{"@type":"WebPage","@id":"https:\/\/www.elecyt.org\/blog\/2025\/03\/17\/jeunes-et-emploi-defis-et-solutions-pour-une-insertion-reussie\/","url":"https:\/\/www.elecyt.org\/blog\/2025\/03\/17\/jeunes-et-emploi-defis-et-solutions-pour-une-insertion-reussie\/","name":"Jeunes et emploi : D\u00e9fis et solutions pour une insertion r\u00e9ussie - Fa\u00e7ons de parler","isPartOf":{"@id":"https:\/\/www.elecyt.org\/blog\/#website"},"primaryImageOfPage":{"@id":"https:\/\/www.elecyt.org\/blog\/2025\/03\/17\/jeunes-et-emploi-defis-et-solutions-pour-une-insertion-reussie\/#primaryimage"},"image":{"@id":"https:\/\/www.elecyt.org\/blog\/2025\/03\/17\/jeunes-et-emploi-defis-et-solutions-pour-une-insertion-reussie\/#primaryimage"},"thumbnailUrl":"https:\/\/www.elecyt.org\/blog\/wp-content\/uploads\/2025\/03\/Post_112_image_1.png","datePublished":"2025-03-17T15:10:08+00:00","dateModified":"2025-03-18T16:00:03+00:00","breadcrumb":{"@id":"https:\/\/www.elecyt.org\/blog\/2025\/03\/17\/jeunes-et-emploi-defis-et-solutions-pour-une-insertion-reussie\/#breadcrumb"},"inLanguage":"fr-FR","potentialAction":[{"@type":"ReadAction","target":["https:\/\/www.elecyt.org\/blog\/2025\/03\/17\/jeunes-et-emploi-defis-et-solutions-pour-une-insertion-reussie\/"]}]},{"@type":"ImageObject","inLanguage":"fr-FR","@id":"https:\/\/www.elecyt.org\/blog\/2025\/03\/17\/jeunes-et-emploi-defis-et-solutions-pour-une-insertion-reussie\/#primaryimage","url":"https:\/\/www.elecyt.org\/blog\/wp-content\/uploads\/2025\/03\/Post_112_image_1.png","contentUrl":"https:\/\/www.elecyt.org\/blog\/wp-content\/uploads\/2025\/03\/Post_112_image_1.png","width":1024,"height":1024},{"@type":"BreadcrumbList","@id":"https:\/\/www.elecyt.org\/blog\/2025\/03\/17\/jeunes-et-emploi-defis-et-solutions-pour-une-insertion-reussie\/#breadcrumb","itemListElement":[{"@type":"ListItem","position":1,"name":"Accueil","item":"https:\/\/www.elecyt.org\/blog\/"},{"@type":"ListItem","position":2,"name":"Jeunes et emploi : D\u00e9fis et solutions pour une insertion r\u00e9ussie"}]},{"@type":"WebSite","@id":"https:\/\/www.elecyt.org\/blog\/#website","url":"https:\/\/www.elecyt.org\/blog\/","name":"Fa\u00e7ons de parler","description":"La communication par la pratique","publisher":{"@id":"https:\/\/www.elecyt.org\/blog\/#organization"},"potentialAction":[{"@type":"SearchAction","target":{"@type":"EntryPoint","urlTemplate":"https:\/\/www.elecyt.org\/blog\/?s={search_term_string}"},"query-input":{"@type":"PropertyValueSpecification","valueRequired":true,"valueName":"search_term_string"}}],"inLanguage":"fr-FR"},{"@type":"Organization","@id":"https:\/\/www.elecyt.org\/blog\/#organization","name":"Fa\u00e7ons de parler","url":"https:\/\/www.elecyt.org\/blog\/","logo":{"@type":"ImageObject","inLanguage":"fr-FR","@id":"https:\/\/www.elecyt.org\/blog\/#\/schema\/logo\/image\/","url":"https:\/\/www.elecyt.org\/blog\/wp-content\/uploads\/2021\/10\/cropped-Logo-ELECYT-CMJN.jpg","contentUrl":"https:\/\/www.elecyt.org\/blog\/wp-content\/uploads\/2021\/10\/cropped-Logo-ELECYT-CMJN.jpg","width":966,"height":369,"caption":"Fa\u00e7ons de parler"},"image":{"@id":"https:\/\/www.elecyt.org\/blog\/#\/schema\/logo\/image\/"}},{"@type":"Person","@id":"https:\/\/www.elecyt.org\/blog\/#\/schema\/person\/cd7dc81253b2db33748afb7355378e8b","name":"Stephane Gantzer","image":{"@type":"ImageObject","inLanguage":"fr-FR","@id":"https:\/\/secure.gravatar.com\/avatar\/a026a9ac79640a4084e74bf3c5273fdf14b3d26d08f476fcfd36c1d77261b730?s=96&d=mm&r=g","url":"https:\/\/secure.gravatar.com\/avatar\/a026a9ac79640a4084e74bf3c5273fdf14b3d26d08f476fcfd36c1d77261b730?s=96&d=mm&r=g","contentUrl":"https:\/\/secure.gravatar.com\/avatar\/a026a9ac79640a4084e74bf3c5273fdf14b3d26d08f476fcfd36c1d77261b730?s=96&d=mm&r=g","caption":"Stephane Gantzer"},"url":"https:\/\/www.elecyt.org\/blog\/author\/stephane-gantzer\/"}]}},"_links":{"self":[{"href":"https:\/\/www.elecyt.org\/blog\/wp-json\/wp\/v2\/posts\/847","targetHints":{"allow":["GET"]}}],"collection":[{"href":"https:\/\/www.elecyt.org\/blog\/wp-json\/wp\/v2\/posts"}],"about":[{"href":"https:\/\/www.elecyt.org\/blog\/wp-json\/wp\/v2\/types\/post"}],"author":[{"embeddable":true,"href":"https:\/\/www.elecyt.org\/blog\/wp-json\/wp\/v2\/users\/2"}],"replies":[{"embeddable":true,"href":"https:\/\/www.elecyt.org\/blog\/wp-json\/wp\/v2\/comments?post=847"}],"version-history":[{"count":5,"href":"https:\/\/www.elecyt.org\/blog\/wp-json\/wp\/v2\/posts\/847\/revisions"}],"predecessor-version":[{"id":853,"href":"https:\/\/www.elecyt.org\/blog\/wp-json\/wp\/v2\/posts\/847\/revisions\/853"}],"wp:attachment":[{"href":"https:\/\/www.elecyt.org\/blog\/wp-json\/wp\/v2\/media?parent=847"}],"wp:term":[{"taxonomy":"category","embeddable":true,"href":"https:\/\/www.elecyt.org\/blog\/wp-json\/wp\/v2\/categories?post=847"},{"taxonomy":"post_tag","embeddable":true,"href":"https:\/\/www.elecyt.org\/blog\/wp-json\/wp\/v2\/tags?post=847"}],"curies":[{"name":"wp","href":"https:\/\/api.w.org\/{rel}","templated":true}]}}