{"id":818,"date":"2025-01-06T15:25:32","date_gmt":"2025-01-06T14:25:32","guid":{"rendered":"https:\/\/www.elecyt.org\/blog\/?p=818"},"modified":"2025-05-06T12:41:06","modified_gmt":"2025-05-06T10:41:06","slug":"les-competences-un-atout-inestimable-dans-la-recherche-demploi","status":"publish","type":"post","link":"https:\/\/www.elecyt.org\/blog\/2025\/01\/06\/les-competences-un-atout-inestimable-dans-la-recherche-demploi\/","title":{"rendered":"Les Comp\u00e9tences: Un Atout Inestimable dans la Recherche d&rsquo;Emploi"},"content":{"rendered":"<h5 style=\"text-align: center;\"><strong>De nos jours,\u00a0 ce sont les comp\u00e9tences qui retiennent l\u2019attention des recruteurs. D\u00e9couvrez comment les identifier et les mettre en avant<\/strong><\/h5>\n<p><img loading=\"lazy\" decoding=\"async\" class=\"aligncenter wp-image-822 size-full\" src=\"https:\/\/www.elecyt.org\/blog\/wp-content\/uploads\/2025\/01\/Post_110_photo_1.webp\" alt=\"\" width=\"1024\" height=\"1024\" srcset=\"https:\/\/www.elecyt.org\/blog\/wp-content\/uploads\/2025\/01\/Post_110_photo_1.webp 1024w, https:\/\/www.elecyt.org\/blog\/wp-content\/uploads\/2025\/01\/Post_110_photo_1-400x400.webp 400w, https:\/\/www.elecyt.org\/blog\/wp-content\/uploads\/2025\/01\/Post_110_photo_1-150x150.webp 150w, https:\/\/www.elecyt.org\/blog\/wp-content\/uploads\/2025\/01\/Post_110_photo_1-768x768.webp 768w\" sizes=\"auto, (max-width: 1024px) 100vw, 1024px\" \/><\/p>\n<p>Les comp\u00e9tences sont, sans aucun doute, au c\u0153ur de notre capacit\u00e9 \u00e0 r\u00e9ussir dans divers contextes professionnels et personnels. Mais alors, qu&rsquo;entend-on exactement par \u201ccomp\u00e9tences\u201d ? De fait, une comp\u00e9tence se d\u00e9finit comme la capacit\u00e9 \u00e0 accomplir certaines t\u00e2ches de mani\u00e8re ma\u00eetris\u00e9e, reproductible et traduisible en performances concr\u00e8tes. Par ailleurs, cette notion englobe diff\u00e9rents types de savoirs qui, lorsqu\u2019ils sont combin\u00e9s, permettent d&rsquo;exceller dans des environnements vari\u00e9s.<\/p>\n<h6><strong>Hard skills ou soft skills?<\/strong><\/h6>\n<p>Tout d&rsquo;abord, il est essentiel de distinguer deux grandes cat\u00e9gories de comp\u00e9tences : le <strong>savoir-faire<\/strong> et le <strong>savoir-\u00eatre<\/strong>. Le savoir-faire, aussi appel\u00e9 \u201chard skill\u201d, fait r\u00e9f\u00e9rence aux comp\u00e9tences techniques, c\u2019est-\u00e0-dire des aptitudes sp\u00e9cifiques qui permettent de travailler efficacement avec des outils, des donn\u00e9es ou des personnes. Par exemple, savoir programmer, ma\u00eetriser un logiciel ou analyser des donn\u00e9es sont des savoir-faire.<\/p>\n<p>En revanche, le savoir-\u00eatre, ou \u201csoft skill\u201d, regroupe les qualit\u00e9s personnelles et comportementales. Ces comp\u00e9tences sont moins techniques mais tout aussi cruciales. Elles incluent des aptitudes comme l\u2019empathie, la communication, la gestion du stress ou encore la capacit\u00e9 \u00e0 collaborer dans une \u00e9quipe. Ensemble, le savoir-faire et le savoir-\u00eatre cr\u00e9ent un \u00e9quilibre indispensable pour s\u2019adapter et r\u00e9ussir dans des contextes vari\u00e9s.<\/p>\n<h6><strong>Comp\u00e9tence sp\u00e9cifique ou transf\u00e9rable?<\/strong><\/h6>\n<p>Une autre distinction importante concerne les comp\u00e9tences <strong>sp\u00e9cifiques<\/strong> et les comp\u00e9tences <strong>transf\u00e9rables<\/strong>. Les comp\u00e9tences sp\u00e9cifiques sont directement li\u00e9es \u00e0 un domaine ou \u00e0 une fonction particuli\u00e8re. Par exemple, savoir cr\u00e9er des macros sur Excel peut \u00eatre une comp\u00e9tence pr\u00e9cieuse pour un architecte qui g\u00e8re des mod\u00e8les complexes. Cependant, cette aptitude peut ne pas \u00eatre pertinente dans un autre secteur.<\/p>\n<p>A l&rsquo;inverse, les comp\u00e9tences transf\u00e9rables sont universelles. Elles peuvent \u00eatre appliqu\u00e9es dans plusieurs contextes. Ce sont des aptitudes acquises dans un poste ou un secteur donn\u00e9. Cependant, elles restent pertinentes dans d&rsquo;autres r\u00f4les ou industries. Prenons l\u2019exemple d\u2019un dentiste. R\u00e9aliser des d\u00e9tartrages est une comp\u00e9tence sp\u00e9cifique \u00e0 son domaine. En revanche, l\u2019accueil des patients ou la capacit\u00e9 \u00e0 mettre les gens en confiance sont des comp\u00e9tences transf\u00e9rables. Ces qualit\u00e9s interpersonnelles sont pr\u00e9cieuses dans de nombreux m\u00e9tiers. Cela inclut la gestion de projet, la formation ou le management.<\/p>\n<p>Les comp\u00e9tences transf\u00e9rables se r\u00e9v\u00e8lent particuli\u00e8rement strat\u00e9giques dans un monde du travail en constante \u00e9volution. Elles permettent de s\u2019adapter rapidement \u00e0 de nouveaux r\u00f4les et d\u2019explorer des opportunit\u00e9s vari\u00e9es. Par exemple, une bonne ma\u00eetrise des outils bureautiques comme Excel est une comp\u00e9tence technique transf\u00e9rable, utile dans une multitude de professions. Ainsi, bien qu&rsquo;un ancien poste ait \u00e9t\u00e9 sp\u00e9cifique, ces comp\u00e9tences larges offrent une flexibilit\u00e9 et augmentent l\u2019employabilit\u00e9.<\/p>\n<p>En d\u00e9finitive, que ce soit par des savoir-faire techniques ou des savoir-\u00eatre relationnels, sp\u00e9cifiques ou transf\u00e9rables, chaque comp\u00e9tence contribue \u00e0 construire un profil professionnel riche et adapt\u00e9.<\/p>\n<h6><strong>pourquoi r\u00e9pertorier ses comp\u00e9tences ?<\/strong><\/h6>\n<p>Dans un march\u00e9 du travail en constante \u00e9volution, faire l\u2019inventaire de ses comp\u00e9tences est une \u00e9tape cl\u00e9 pour valoriser son parcours et s\u2019adapter aux exigences actuelles. Identifier ses comp\u00e9tences transf\u00e9rables et savoir les mettre en avant constitue une v\u00e9ritable force, en particulier dans un univers professionnel o\u00f9 mobilit\u00e9 et adaptabilit\u00e9 sont devenues des atouts essentiels.<\/p>\n<p>D\u2019abord, cette d\u00e9marche permet d\u2019acqu\u00e9rir une meilleure assurance dans ses capacit\u00e9s. A ce titre, dans <a href=\"https:\/\/www.elecyt.org\/blog\/2022\/06\/23\/avarap-une-methode-efficace-pour-les-cadres-en-rebond-professionnel\/\" target=\"_blank\" rel=\"noopener\">la m\u00e9thode AVARAP<\/a>, les cadres en situation de transition professionnelle passent six semaines \u00e0 identifier leurs comp\u00e9tences \u00e0 travers ce qu\u2019on appelle des <a href=\"https:\/\/www.elecyt.org\/blog\/2024\/09\/24\/les-realisations-probantes-un-outil-cle-pour-valoriser-vos-competences\/\" target=\"_blank\" rel=\"noopener\">r\u00e9alisations probantes<\/a>. Pour beaucoup, c\u2019est une r\u00e9v\u00e9lation qui leur fait prendre conscience de la richesse de leur parcours.<\/p>\n<p>Ensuite, cet inventaire aide \u00e0 identifier des cibles professionnelles pertinentes. \u00c0 partir des comp\u00e9tences recens\u00e9es, il devient possible de d\u00e9terminer des m\u00e9tiers ou secteurs adapt\u00e9s, que ce soit par des approches individuelles comme la <strong>m\u00e9thode du diamant<\/strong> ou collectives comme la <strong>r\u00e9colte AVARAP<\/strong>.<\/p>\n<p>Faire ce travail est \u00e9galement crucial pour valider l\u2019ad\u00e9quation entre ses comp\u00e9tences et les exigences d\u2019un projet professionnel. Prenons l\u2019exemple de Mona. Ainsi, en comparant ses propres comp\u00e9tences de juriste \u00e0 celles demand\u00e9es dans une offre d\u2019emploi, elle a pu se convaincre qu\u2019elle \u00e9tait pr\u00eate pour le poste.<\/p>\n<p>Enfin, cela permet de mieux se pr\u00e9senter face aux recruteurs. En illustrant ses comp\u00e9tences avec des exemples concrets, on se diff\u00e9rencie et on d\u00e9montre sa valeur. C\u2019est aussi un atout pr\u00e9cieux pour r\u00e9ussir une reconversion, comme Florent, qui a prouv\u00e9 que ses comp\u00e9tences transf\u00e9rables pouvaient soutenir un changement de carri\u00e8re du marketing vers\u2026la menuiserie.<\/p>\n<h6><strong>Comment identifier ses comp\u00e9tences ?<\/strong><\/h6>\n<p>Que vous soyez en pleine r\u00e9flexion sur votre carri\u00e8re ou en reconversion, un processus structur\u00e9 vous permettra de construire une base solide pour avancer en identifiant vos comp\u00e9tences. Voici comment proc\u00e9der.<\/p>\n<h6><strong>\u00c9tape 1 : \u00c9crire une histoire de vie<\/strong><\/h6>\n<p>Commencez par faire un bilan en racontant une histoire issue de vos exp\u00e9riences pass\u00e9es : emplois, stages, projets scolaires, b\u00e9n\u00e9volat, ou activit\u00e9s personnelles. Choisissez un \u00e9pisode marquant qui illustre un d\u00e9fi relev\u00e9 ou une r\u00e9ussite dont vous \u00eates fier et que vous avez pris plaisir \u00e0 accomplir.<\/p>\n<p>D\u00e9crivez cette histoire en plusieurs parties :<\/p>\n<ul>\n<li><strong>Un objectif<\/strong> : quel \u00e9tait le but que vous souhaitiez atteindre ?<\/li>\n<li><strong>Des obstacles<\/strong> : quels d\u00e9fis ou contraintes avez-vous rencontr\u00e9s (par exemple, un budget limit\u00e9 ou un d\u00e9lai court) ?<\/li>\n<li><strong>Les \u00e9tapes suivies<\/strong> : d\u00e9taillez les actions mises en \u0153uvre pour avancer.<\/li>\n<li><strong>Les r\u00e9sultats<\/strong> : mentionnez les r\u00e9sultats obtenus, id\u00e9alement en les quantifiant (par ex. augmentation des ventes de 20 %, lancement r\u00e9ussi d\u2019un projet).<\/li>\n<\/ul>\n<h6><strong>\u00c9tape 2 : Analyser les comp\u00e9tences utilis\u00e9es<\/strong><\/h6>\n<p>Une fois cette histoire r\u00e9dig\u00e9e, identifiez les comp\u00e9tences mobilis\u00e9es pour atteindre vos objectifs. Pour cela, vous pouvez utiliser <a href=\"https:\/\/docs.google.com\/spreadsheets\/d\/1guu45aK3KM-a2e1Ay8PNzjHMi1hHPRYMpaklbbTTZGY\/edit?usp=sharing\" target=\"_blank\" rel=\"noopener\">une grille d\u2019\u00e9valuation<\/a> qui recense diff\u00e9rents types de comp\u00e9tences. Pour chaque comp\u00e9tence, posez-vous la question : \u201cAi-je utilis\u00e9 cette comp\u00e9tence dans cet \u00e9pisode ?\u201d et cochez la case correspondante.<\/p>\n<h6><strong>\u00c9tape 3 : R\u00e9p\u00e9ter l\u2019exercice<\/strong><\/h6>\n<p>Ne vous limitez pas \u00e0 une seule histoire. R\u00e9p\u00e9tez le processus avec au moins six autres exp\u00e9riences significatives (la m\u00e9thode AVARAP en demande 20 au minimum aux cadres qu\u2019elle accompagne\u2026). Cela permettra d\u2019obtenir une vision plus compl\u00e8te et repr\u00e9sentative de vos comp\u00e9tences.<\/p>\n<h6><strong>\u00c9tape 4 : Identifier les motifs et priorit\u00e9s<\/strong><\/h6>\n<p>\u00c0 partir des comp\u00e9tences relev\u00e9es dans vos histoires, recherchez des motifs r\u00e9currents. Quelles sont les comp\u00e9tences que vous avez utilis\u00e9es le plus souvent ? Lesquelles vous procurent le plus de satisfaction ? D\u00e9terminez ensuite les dix comp\u00e9tences principales qui vous d\u00e9finissent le mieux.<\/p>\n<h6><strong>Etape 5\u00a0: Exploiter votre portefeuille de comp\u00e9tences<\/strong><\/h6>\n<p>Une fois ce portefeuille constitu\u00e9, vous pouvez l\u2019utiliser de diff\u00e9rentes fa\u00e7ons en fonction de vos besoins :<\/p>\n<ul>\n<li><strong>Si vous avez un projet professionnel pr\u00e9cis<\/strong> : comparez vos comp\u00e9tences avec les exigences des postes ou m\u00e9tiers qui vous int\u00e9ressent. Mettez en avant celles qui correspondent et identifiez celles qui vous manquent. Ces lacunes pourront devenir des objectifs de formation pour maximiser vos chances de succ\u00e8s.<\/li>\n<li><strong>Si vous \u00eates en phase d\u2019exploration<\/strong> : votre portefeuille de comp\u00e9tences peut servir de point de d\u00e9part pour des outils comme la m\u00e9thode du diamant ou la r\u00e9colte AVARAP mentionn\u00e9es pr\u00e9c\u00e9demmment. Ces approches vous aideront \u00e0 identifier des m\u00e9tiers ou secteurs o\u00f9 vos comp\u00e9tences seraient particuli\u00e8rement valoris\u00e9es.<\/li>\n<\/ul>\n<p>Ainsi, identifier ses comp\u00e9tences est un exercice pr\u00e9cieux qui permet de mieux se conna\u00eetre, de donner une direction claire \u00e0 sa carri\u00e8re et de s\u2019armer pour r\u00e9pondre aux attentes du march\u00e9 du travail.<\/p>\n<h6><strong>Conclusion<\/strong><\/h6>\n<p>Vos comp\u00e9tences sont comme des pierres pr\u00e9cieuses brutes. Elles peuvent sembler ordinaires au premier regard. Cependant, une fois taill\u00e9es et polies, elles r\u00e9v\u00e8lent leur v\u00e9ritable valeur et \u00e9clat.<\/p>\n<p>Que vous soyez au d\u00e9but de votre parcours ou en qu\u00eate de nouveaux horizons, vos comp\u00e9tences sont des atouts. Chaque comp\u00e9tence identifi\u00e9e et d\u00e9velopp\u00e9e devient une cl\u00e9. Cette cl\u00e9 peut ouvrir des portes vers des opportunit\u00e9s inattendues. Saisissez cette opportunit\u00e9 d\u00e8s aujourd\u2019hui. Commencez votre propre inventaire et identifiez vos forces. Transformez-les en leviers pour atteindre vos objectifs.<\/p>\n<p>Au bout du chemin, vous ne trouverez pas seulement un emploi. Vous construirez une carri\u00e8re qui vous ressemble et vous inspire.<\/p>\n<p>&nbsp;<\/p>\n<p>&nbsp;<\/p>\n","protected":false},"excerpt":{"rendered":"<p>De nos jours,\u00a0 ce sont les comp\u00e9tences qui retiennent l\u2019attention des recruteurs. D\u00e9couvrez comment les identifier et les mettre en avant Les comp\u00e9tences sont, sans aucun doute, au c\u0153ur de notre capacit\u00e9 \u00e0 r\u00e9ussir dans divers contextes professionnels et personnels. Mais alors, qu&rsquo;entend-on exactement par \u201ccomp\u00e9tences\u201d ? De fait, une comp\u00e9tence se d\u00e9finit comme la [&hellip;]<\/p>\n","protected":false},"author":2,"featured_media":0,"comment_status":"open","ping_status":"open","sticky":false,"template":"","format":"standard","meta":{"_monsterinsights_skip_tracking":false,"_monsterinsights_sitenote_active":false,"_monsterinsights_sitenote_note":"","_monsterinsights_sitenote_category":0,"footnotes":""},"categories":[13],"tags":[],"class_list":["post-818","post","type-post","status-publish","format-standard","hentry","category-insertion-professionnelle"],"yoast_head":"<!-- This site is optimized with the Yoast SEO plugin v27.4 - https:\/\/yoast.com\/product\/yoast-seo-wordpress\/ -->\n<title>Les Comp\u00e9tences: Un Atout Inestimable dans la Recherche d&#039;Emploi - Fa\u00e7ons de parler<\/title>\n<meta name=\"robots\" content=\"index, follow, max-snippet:-1, max-image-preview:large, max-video-preview:-1\" \/>\n<link rel=\"canonical\" href=\"https:\/\/www.elecyt.org\/blog\/2025\/01\/06\/les-competences-un-atout-inestimable-dans-la-recherche-demploi\/\" \/>\n<meta property=\"og:locale\" content=\"fr_FR\" \/>\n<meta property=\"og:type\" content=\"article\" \/>\n<meta property=\"og:title\" content=\"Les Comp\u00e9tences: Un Atout Inestimable dans la Recherche d&#039;Emploi - Fa\u00e7ons de parler\" \/>\n<meta property=\"og:description\" content=\"De nos jours,\u00a0 ce sont les comp\u00e9tences qui retiennent l\u2019attention des recruteurs. D\u00e9couvrez comment les identifier et les mettre en avant Les comp\u00e9tences sont, sans aucun doute, au c\u0153ur de notre capacit\u00e9 \u00e0 r\u00e9ussir dans divers contextes professionnels et personnels. Mais alors, qu&rsquo;entend-on exactement par \u201ccomp\u00e9tences\u201d ? De fait, une comp\u00e9tence se d\u00e9finit comme la [&hellip;]\" \/>\n<meta property=\"og:url\" content=\"https:\/\/www.elecyt.org\/blog\/2025\/01\/06\/les-competences-un-atout-inestimable-dans-la-recherche-demploi\/\" \/>\n<meta property=\"og:site_name\" content=\"Fa\u00e7ons de parler\" \/>\n<meta property=\"article:published_time\" content=\"2025-01-06T14:25:32+00:00\" \/>\n<meta property=\"article:modified_time\" content=\"2025-05-06T10:41:06+00:00\" \/>\n<meta property=\"og:image\" content=\"https:\/\/www.elecyt.org\/blog\/wp-content\/uploads\/2025\/01\/Post_110_photo_1.webp\" \/>\n\t<meta property=\"og:image:width\" content=\"1024\" \/>\n\t<meta property=\"og:image:height\" content=\"1024\" \/>\n\t<meta property=\"og:image:type\" content=\"image\/webp\" \/>\n<meta name=\"author\" content=\"Stephane Gantzer\" \/>\n<meta name=\"twitter:card\" content=\"summary_large_image\" \/>\n<meta name=\"twitter:label1\" content=\"\u00c9crit par\" \/>\n\t<meta name=\"twitter:data1\" content=\"Stephane Gantzer\" \/>\n\t<meta name=\"twitter:label2\" content=\"Dur\u00e9e de lecture estim\u00e9e\" \/>\n\t<meta name=\"twitter:data2\" content=\"7 minutes\" \/>\n<script type=\"application\/ld+json\" class=\"yoast-schema-graph\">{\"@context\":\"https:\\\/\\\/schema.org\",\"@graph\":[{\"@type\":\"Article\",\"@id\":\"https:\\\/\\\/www.elecyt.org\\\/blog\\\/2025\\\/01\\\/06\\\/les-competences-un-atout-inestimable-dans-la-recherche-demploi\\\/#article\",\"isPartOf\":{\"@id\":\"https:\\\/\\\/www.elecyt.org\\\/blog\\\/2025\\\/01\\\/06\\\/les-competences-un-atout-inestimable-dans-la-recherche-demploi\\\/\"},\"author\":{\"name\":\"Stephane Gantzer\",\"@id\":\"https:\\\/\\\/www.elecyt.org\\\/blog\\\/#\\\/schema\\\/person\\\/cd7dc81253b2db33748afb7355378e8b\"},\"headline\":\"Les Comp\u00e9tences: Un Atout Inestimable dans la Recherche d&rsquo;Emploi\",\"datePublished\":\"2025-01-06T14:25:32+00:00\",\"dateModified\":\"2025-05-06T10:41:06+00:00\",\"mainEntityOfPage\":{\"@id\":\"https:\\\/\\\/www.elecyt.org\\\/blog\\\/2025\\\/01\\\/06\\\/les-competences-un-atout-inestimable-dans-la-recherche-demploi\\\/\"},\"wordCount\":1494,\"commentCount\":0,\"publisher\":{\"@id\":\"https:\\\/\\\/www.elecyt.org\\\/blog\\\/#organization\"},\"image\":{\"@id\":\"https:\\\/\\\/www.elecyt.org\\\/blog\\\/2025\\\/01\\\/06\\\/les-competences-un-atout-inestimable-dans-la-recherche-demploi\\\/#primaryimage\"},\"thumbnailUrl\":\"https:\\\/\\\/www.elecyt.org\\\/blog\\\/wp-content\\\/uploads\\\/2025\\\/01\\\/Post_110_photo_1.webp\",\"articleSection\":[\"Insertion professionnelle\"],\"inLanguage\":\"fr-FR\",\"potentialAction\":[{\"@type\":\"CommentAction\",\"name\":\"Comment\",\"target\":[\"https:\\\/\\\/www.elecyt.org\\\/blog\\\/2025\\\/01\\\/06\\\/les-competences-un-atout-inestimable-dans-la-recherche-demploi\\\/#respond\"]}]},{\"@type\":\"WebPage\",\"@id\":\"https:\\\/\\\/www.elecyt.org\\\/blog\\\/2025\\\/01\\\/06\\\/les-competences-un-atout-inestimable-dans-la-recherche-demploi\\\/\",\"url\":\"https:\\\/\\\/www.elecyt.org\\\/blog\\\/2025\\\/01\\\/06\\\/les-competences-un-atout-inestimable-dans-la-recherche-demploi\\\/\",\"name\":\"Les Comp\u00e9tences: Un Atout Inestimable dans la Recherche d'Emploi - Fa\u00e7ons de parler\",\"isPartOf\":{\"@id\":\"https:\\\/\\\/www.elecyt.org\\\/blog\\\/#website\"},\"primaryImageOfPage\":{\"@id\":\"https:\\\/\\\/www.elecyt.org\\\/blog\\\/2025\\\/01\\\/06\\\/les-competences-un-atout-inestimable-dans-la-recherche-demploi\\\/#primaryimage\"},\"image\":{\"@id\":\"https:\\\/\\\/www.elecyt.org\\\/blog\\\/2025\\\/01\\\/06\\\/les-competences-un-atout-inestimable-dans-la-recherche-demploi\\\/#primaryimage\"},\"thumbnailUrl\":\"https:\\\/\\\/www.elecyt.org\\\/blog\\\/wp-content\\\/uploads\\\/2025\\\/01\\\/Post_110_photo_1.webp\",\"datePublished\":\"2025-01-06T14:25:32+00:00\",\"dateModified\":\"2025-05-06T10:41:06+00:00\",\"breadcrumb\":{\"@id\":\"https:\\\/\\\/www.elecyt.org\\\/blog\\\/2025\\\/01\\\/06\\\/les-competences-un-atout-inestimable-dans-la-recherche-demploi\\\/#breadcrumb\"},\"inLanguage\":\"fr-FR\",\"potentialAction\":[{\"@type\":\"ReadAction\",\"target\":[\"https:\\\/\\\/www.elecyt.org\\\/blog\\\/2025\\\/01\\\/06\\\/les-competences-un-atout-inestimable-dans-la-recherche-demploi\\\/\"]}]},{\"@type\":\"ImageObject\",\"inLanguage\":\"fr-FR\",\"@id\":\"https:\\\/\\\/www.elecyt.org\\\/blog\\\/2025\\\/01\\\/06\\\/les-competences-un-atout-inestimable-dans-la-recherche-demploi\\\/#primaryimage\",\"url\":\"https:\\\/\\\/www.elecyt.org\\\/blog\\\/wp-content\\\/uploads\\\/2025\\\/01\\\/Post_110_photo_1.webp\",\"contentUrl\":\"https:\\\/\\\/www.elecyt.org\\\/blog\\\/wp-content\\\/uploads\\\/2025\\\/01\\\/Post_110_photo_1.webp\",\"width\":1024,\"height\":1024},{\"@type\":\"BreadcrumbList\",\"@id\":\"https:\\\/\\\/www.elecyt.org\\\/blog\\\/2025\\\/01\\\/06\\\/les-competences-un-atout-inestimable-dans-la-recherche-demploi\\\/#breadcrumb\",\"itemListElement\":[{\"@type\":\"ListItem\",\"position\":1,\"name\":\"Accueil\",\"item\":\"https:\\\/\\\/www.elecyt.org\\\/blog\\\/\"},{\"@type\":\"ListItem\",\"position\":2,\"name\":\"Les Comp\u00e9tences: Un Atout Inestimable dans la Recherche d&rsquo;Emploi\"}]},{\"@type\":\"WebSite\",\"@id\":\"https:\\\/\\\/www.elecyt.org\\\/blog\\\/#website\",\"url\":\"https:\\\/\\\/www.elecyt.org\\\/blog\\\/\",\"name\":\"Fa\u00e7ons de parler\",\"description\":\"La communication par la pratique\",\"publisher\":{\"@id\":\"https:\\\/\\\/www.elecyt.org\\\/blog\\\/#organization\"},\"potentialAction\":[{\"@type\":\"SearchAction\",\"target\":{\"@type\":\"EntryPoint\",\"urlTemplate\":\"https:\\\/\\\/www.elecyt.org\\\/blog\\\/?s={search_term_string}\"},\"query-input\":{\"@type\":\"PropertyValueSpecification\",\"valueRequired\":true,\"valueName\":\"search_term_string\"}}],\"inLanguage\":\"fr-FR\"},{\"@type\":\"Organization\",\"@id\":\"https:\\\/\\\/www.elecyt.org\\\/blog\\\/#organization\",\"name\":\"Fa\u00e7ons de parler\",\"url\":\"https:\\\/\\\/www.elecyt.org\\\/blog\\\/\",\"logo\":{\"@type\":\"ImageObject\",\"inLanguage\":\"fr-FR\",\"@id\":\"https:\\\/\\\/www.elecyt.org\\\/blog\\\/#\\\/schema\\\/logo\\\/image\\\/\",\"url\":\"https:\\\/\\\/www.elecyt.org\\\/blog\\\/wp-content\\\/uploads\\\/2021\\\/10\\\/cropped-Logo-ELECYT-CMJN.jpg\",\"contentUrl\":\"https:\\\/\\\/www.elecyt.org\\\/blog\\\/wp-content\\\/uploads\\\/2021\\\/10\\\/cropped-Logo-ELECYT-CMJN.jpg\",\"width\":966,\"height\":369,\"caption\":\"Fa\u00e7ons de parler\"},\"image\":{\"@id\":\"https:\\\/\\\/www.elecyt.org\\\/blog\\\/#\\\/schema\\\/logo\\\/image\\\/\"}},{\"@type\":\"Person\",\"@id\":\"https:\\\/\\\/www.elecyt.org\\\/blog\\\/#\\\/schema\\\/person\\\/cd7dc81253b2db33748afb7355378e8b\",\"name\":\"Stephane Gantzer\",\"image\":{\"@type\":\"ImageObject\",\"inLanguage\":\"fr-FR\",\"@id\":\"https:\\\/\\\/secure.gravatar.com\\\/avatar\\\/a026a9ac79640a4084e74bf3c5273fdf14b3d26d08f476fcfd36c1d77261b730?s=96&d=mm&r=g\",\"url\":\"https:\\\/\\\/secure.gravatar.com\\\/avatar\\\/a026a9ac79640a4084e74bf3c5273fdf14b3d26d08f476fcfd36c1d77261b730?s=96&d=mm&r=g\",\"contentUrl\":\"https:\\\/\\\/secure.gravatar.com\\\/avatar\\\/a026a9ac79640a4084e74bf3c5273fdf14b3d26d08f476fcfd36c1d77261b730?s=96&d=mm&r=g\",\"caption\":\"Stephane Gantzer\"},\"url\":\"https:\\\/\\\/www.elecyt.org\\\/blog\\\/author\\\/stephane-gantzer\\\/\"}]}<\/script>\n<!-- \/ Yoast SEO plugin. -->","yoast_head_json":{"title":"Les Comp\u00e9tences: Un Atout Inestimable dans la Recherche d'Emploi - Fa\u00e7ons de parler","robots":{"index":"index","follow":"follow","max-snippet":"max-snippet:-1","max-image-preview":"max-image-preview:large","max-video-preview":"max-video-preview:-1"},"canonical":"https:\/\/www.elecyt.org\/blog\/2025\/01\/06\/les-competences-un-atout-inestimable-dans-la-recherche-demploi\/","og_locale":"fr_FR","og_type":"article","og_title":"Les Comp\u00e9tences: Un Atout Inestimable dans la Recherche d'Emploi - Fa\u00e7ons de parler","og_description":"De nos jours,\u00a0 ce sont les comp\u00e9tences qui retiennent l\u2019attention des recruteurs. D\u00e9couvrez comment les identifier et les mettre en avant Les comp\u00e9tences sont, sans aucun doute, au c\u0153ur de notre capacit\u00e9 \u00e0 r\u00e9ussir dans divers contextes professionnels et personnels. Mais alors, qu&rsquo;entend-on exactement par \u201ccomp\u00e9tences\u201d ? De fait, une comp\u00e9tence se d\u00e9finit comme la [&hellip;]","og_url":"https:\/\/www.elecyt.org\/blog\/2025\/01\/06\/les-competences-un-atout-inestimable-dans-la-recherche-demploi\/","og_site_name":"Fa\u00e7ons de parler","article_published_time":"2025-01-06T14:25:32+00:00","article_modified_time":"2025-05-06T10:41:06+00:00","og_image":[{"width":1024,"height":1024,"url":"https:\/\/www.elecyt.org\/blog\/wp-content\/uploads\/2025\/01\/Post_110_photo_1.webp","type":"image\/webp"}],"author":"Stephane Gantzer","twitter_card":"summary_large_image","twitter_misc":{"\u00c9crit par":"Stephane Gantzer","Dur\u00e9e de lecture estim\u00e9e":"7 minutes"},"schema":{"@context":"https:\/\/schema.org","@graph":[{"@type":"Article","@id":"https:\/\/www.elecyt.org\/blog\/2025\/01\/06\/les-competences-un-atout-inestimable-dans-la-recherche-demploi\/#article","isPartOf":{"@id":"https:\/\/www.elecyt.org\/blog\/2025\/01\/06\/les-competences-un-atout-inestimable-dans-la-recherche-demploi\/"},"author":{"name":"Stephane Gantzer","@id":"https:\/\/www.elecyt.org\/blog\/#\/schema\/person\/cd7dc81253b2db33748afb7355378e8b"},"headline":"Les Comp\u00e9tences: Un Atout Inestimable dans la Recherche d&rsquo;Emploi","datePublished":"2025-01-06T14:25:32+00:00","dateModified":"2025-05-06T10:41:06+00:00","mainEntityOfPage":{"@id":"https:\/\/www.elecyt.org\/blog\/2025\/01\/06\/les-competences-un-atout-inestimable-dans-la-recherche-demploi\/"},"wordCount":1494,"commentCount":0,"publisher":{"@id":"https:\/\/www.elecyt.org\/blog\/#organization"},"image":{"@id":"https:\/\/www.elecyt.org\/blog\/2025\/01\/06\/les-competences-un-atout-inestimable-dans-la-recherche-demploi\/#primaryimage"},"thumbnailUrl":"https:\/\/www.elecyt.org\/blog\/wp-content\/uploads\/2025\/01\/Post_110_photo_1.webp","articleSection":["Insertion professionnelle"],"inLanguage":"fr-FR","potentialAction":[{"@type":"CommentAction","name":"Comment","target":["https:\/\/www.elecyt.org\/blog\/2025\/01\/06\/les-competences-un-atout-inestimable-dans-la-recherche-demploi\/#respond"]}]},{"@type":"WebPage","@id":"https:\/\/www.elecyt.org\/blog\/2025\/01\/06\/les-competences-un-atout-inestimable-dans-la-recherche-demploi\/","url":"https:\/\/www.elecyt.org\/blog\/2025\/01\/06\/les-competences-un-atout-inestimable-dans-la-recherche-demploi\/","name":"Les Comp\u00e9tences: Un Atout Inestimable dans la Recherche d'Emploi - Fa\u00e7ons de parler","isPartOf":{"@id":"https:\/\/www.elecyt.org\/blog\/#website"},"primaryImageOfPage":{"@id":"https:\/\/www.elecyt.org\/blog\/2025\/01\/06\/les-competences-un-atout-inestimable-dans-la-recherche-demploi\/#primaryimage"},"image":{"@id":"https:\/\/www.elecyt.org\/blog\/2025\/01\/06\/les-competences-un-atout-inestimable-dans-la-recherche-demploi\/#primaryimage"},"thumbnailUrl":"https:\/\/www.elecyt.org\/blog\/wp-content\/uploads\/2025\/01\/Post_110_photo_1.webp","datePublished":"2025-01-06T14:25:32+00:00","dateModified":"2025-05-06T10:41:06+00:00","breadcrumb":{"@id":"https:\/\/www.elecyt.org\/blog\/2025\/01\/06\/les-competences-un-atout-inestimable-dans-la-recherche-demploi\/#breadcrumb"},"inLanguage":"fr-FR","potentialAction":[{"@type":"ReadAction","target":["https:\/\/www.elecyt.org\/blog\/2025\/01\/06\/les-competences-un-atout-inestimable-dans-la-recherche-demploi\/"]}]},{"@type":"ImageObject","inLanguage":"fr-FR","@id":"https:\/\/www.elecyt.org\/blog\/2025\/01\/06\/les-competences-un-atout-inestimable-dans-la-recherche-demploi\/#primaryimage","url":"https:\/\/www.elecyt.org\/blog\/wp-content\/uploads\/2025\/01\/Post_110_photo_1.webp","contentUrl":"https:\/\/www.elecyt.org\/blog\/wp-content\/uploads\/2025\/01\/Post_110_photo_1.webp","width":1024,"height":1024},{"@type":"BreadcrumbList","@id":"https:\/\/www.elecyt.org\/blog\/2025\/01\/06\/les-competences-un-atout-inestimable-dans-la-recherche-demploi\/#breadcrumb","itemListElement":[{"@type":"ListItem","position":1,"name":"Accueil","item":"https:\/\/www.elecyt.org\/blog\/"},{"@type":"ListItem","position":2,"name":"Les Comp\u00e9tences: Un Atout Inestimable dans la Recherche d&rsquo;Emploi"}]},{"@type":"WebSite","@id":"https:\/\/www.elecyt.org\/blog\/#website","url":"https:\/\/www.elecyt.org\/blog\/","name":"Fa\u00e7ons de parler","description":"La communication par la pratique","publisher":{"@id":"https:\/\/www.elecyt.org\/blog\/#organization"},"potentialAction":[{"@type":"SearchAction","target":{"@type":"EntryPoint","urlTemplate":"https:\/\/www.elecyt.org\/blog\/?s={search_term_string}"},"query-input":{"@type":"PropertyValueSpecification","valueRequired":true,"valueName":"search_term_string"}}],"inLanguage":"fr-FR"},{"@type":"Organization","@id":"https:\/\/www.elecyt.org\/blog\/#organization","name":"Fa\u00e7ons de parler","url":"https:\/\/www.elecyt.org\/blog\/","logo":{"@type":"ImageObject","inLanguage":"fr-FR","@id":"https:\/\/www.elecyt.org\/blog\/#\/schema\/logo\/image\/","url":"https:\/\/www.elecyt.org\/blog\/wp-content\/uploads\/2021\/10\/cropped-Logo-ELECYT-CMJN.jpg","contentUrl":"https:\/\/www.elecyt.org\/blog\/wp-content\/uploads\/2021\/10\/cropped-Logo-ELECYT-CMJN.jpg","width":966,"height":369,"caption":"Fa\u00e7ons de parler"},"image":{"@id":"https:\/\/www.elecyt.org\/blog\/#\/schema\/logo\/image\/"}},{"@type":"Person","@id":"https:\/\/www.elecyt.org\/blog\/#\/schema\/person\/cd7dc81253b2db33748afb7355378e8b","name":"Stephane Gantzer","image":{"@type":"ImageObject","inLanguage":"fr-FR","@id":"https:\/\/secure.gravatar.com\/avatar\/a026a9ac79640a4084e74bf3c5273fdf14b3d26d08f476fcfd36c1d77261b730?s=96&d=mm&r=g","url":"https:\/\/secure.gravatar.com\/avatar\/a026a9ac79640a4084e74bf3c5273fdf14b3d26d08f476fcfd36c1d77261b730?s=96&d=mm&r=g","contentUrl":"https:\/\/secure.gravatar.com\/avatar\/a026a9ac79640a4084e74bf3c5273fdf14b3d26d08f476fcfd36c1d77261b730?s=96&d=mm&r=g","caption":"Stephane Gantzer"},"url":"https:\/\/www.elecyt.org\/blog\/author\/stephane-gantzer\/"}]}},"_links":{"self":[{"href":"https:\/\/www.elecyt.org\/blog\/wp-json\/wp\/v2\/posts\/818","targetHints":{"allow":["GET"]}}],"collection":[{"href":"https:\/\/www.elecyt.org\/blog\/wp-json\/wp\/v2\/posts"}],"about":[{"href":"https:\/\/www.elecyt.org\/blog\/wp-json\/wp\/v2\/types\/post"}],"author":[{"embeddable":true,"href":"https:\/\/www.elecyt.org\/blog\/wp-json\/wp\/v2\/users\/2"}],"replies":[{"embeddable":true,"href":"https:\/\/www.elecyt.org\/blog\/wp-json\/wp\/v2\/comments?post=818"}],"version-history":[{"count":8,"href":"https:\/\/www.elecyt.org\/blog\/wp-json\/wp\/v2\/posts\/818\/revisions"}],"predecessor-version":[{"id":879,"href":"https:\/\/www.elecyt.org\/blog\/wp-json\/wp\/v2\/posts\/818\/revisions\/879"}],"wp:attachment":[{"href":"https:\/\/www.elecyt.org\/blog\/wp-json\/wp\/v2\/media?parent=818"}],"wp:term":[{"taxonomy":"category","embeddable":true,"href":"https:\/\/www.elecyt.org\/blog\/wp-json\/wp\/v2\/categories?post=818"},{"taxonomy":"post_tag","embeddable":true,"href":"https:\/\/www.elecyt.org\/blog\/wp-json\/wp\/v2\/tags?post=818"}],"curies":[{"name":"wp","href":"https:\/\/api.w.org\/{rel}","templated":true}]}}