{"id":594,"date":"2023-02-24T20:50:19","date_gmt":"2023-02-24T19:50:19","guid":{"rendered":"https:\/\/www.elecyt.org\/blog\/?p=594"},"modified":"2023-07-24T18:08:19","modified_gmt":"2023-07-24T16:08:19","slug":"presidente-je-vois-double","status":"publish","type":"post","link":"https:\/\/www.elecyt.org\/blog\/2023\/02\/24\/presidente-je-vois-double\/","title":{"rendered":"\u201cPr\u00e9sidente, je vois double !\u201d"},"content":{"rendered":"<h5 style=\"text-align: center;\"><strong>Face \u00e0 une forte croissance, l\u2019\u00c9tincelle a donn\u00e9 naissance \u00e0 SCINTILLE ! en 2019<\/strong><\/h5>\n<p><img loading=\"lazy\" decoding=\"async\" class=\"aligncenter wp-image-595 size-full\" src=\"https:\/\/www.elecyt.org\/blog\/wp-content\/uploads\/2023\/02\/Post_43_photo_1.png\" alt=\"\" width=\"617\" height=\"340\" srcset=\"https:\/\/www.elecyt.org\/blog\/wp-content\/uploads\/2023\/02\/Post_43_photo_1.png 617w, https:\/\/www.elecyt.org\/blog\/wp-content\/uploads\/2023\/02\/Post_43_photo_1-400x220.png 400w\" sizes=\"auto, (max-width: 617px) 100vw, 617px\" \/><\/p>\n<p class=\"has-drop-cap\">Ce n&rsquo;est plus possible ce club ! Avec trois r\u00e9unions par mois, je ne connais plus personne\u201d. Ce commentaire aigre d\u2019un des membres les plus anciens de notre club a d\u00e9clench\u00e9 la r\u00e9flexion pour cr\u00e9er un nouveau club Toastmasters : SCINTILLE ! Dans cet article, nous entamons le r\u00e9cit de cette aventure, les obstacles rencontr\u00e9s et les solutions pour les surmonter. Ce premier \u00e9pisode nous fait vivre la naissance du club et assister \u00e0 ses premiers pas h\u00e9sitants.<\/p>\n<h6><strong>L\u2019\u00c9TINCELLE VICTIME DE SON SUCC\u00c8S<\/strong><\/h6>\n<p>Juin 2019. L\u2019\u00c9tincelle a fini la saison avec un nombre, historique, de 52 membres et un taux de fid\u00e9lit\u00e9 record, puisque 40 adh\u00e9rents ont renouvel\u00e9 leur cotisation pour 2020. Sur sa lanc\u00e9e, le club pourrait d\u00e9passer 60 membres en juin 2020, car les invit\u00e9s \u00e9taient tr\u00e8s nombreux, une dizaine en moyenne par s\u00e9ance. D&rsquo;ailleurs, par manque de places, beaucoup d\u2019orateurs en herbe peinaient \u00e0 assister aux r\u00e9unions en tant qu\u2019observateur. Bref, l\u2019\u00c9tincelle \u00e9tait un club attractif refusant du monde.<\/p>\n<p>Mais surtout il risquait d\u2019\u00e9touffer !<\/p>\n<p>Car l\u2019augmentation du nombre d\u2019adh\u00e9rents accro\u00eet m\u00e9caniquement le travail du bureau d\u2019un club. Pour planifier sans trop de d\u00e9lais les discours, limit\u00e9s \u00e0 4 par r\u00e9union, il aurait fallu cr\u00e9er de nouvelles s\u00e9ances, que le VP Formation aurait d\u00fb programmer. Le VP Adh\u00e9rents aurait d\u00fb introniser davantage de membres, le tr\u00e9sorier encaisser plus de cotisations et le VP Relations Publiques programmer les s\u00e9ances des visiteurs plus souvent.<\/p>\n<p>L\u2019enjeu, pour la nouvelle saison, \u00e9tait donc de continuer \u00e0 offrir un environnement de qualit\u00e9, permettant aux membres de progresser. En m\u00eame temps, il fallait rester accessible au plus grand nombre de personnes int\u00e9ress\u00e9es. Sans faire porter de charge excessive sur les membres du bureau.<\/p>\n<h6><strong>SCINDER LE CLUB OU EN CR\u00c9ER UN NOUVEAU ?<\/strong><\/h6>\n<p>La premi\u00e8re solution consistait \u00e0 couper l\u2019\u00c9tincelle et ses 40 membres en deux clubs de 20 adh\u00e9rents chacun. Elle ne fut pas retenue car on ne voyait pas comment aiguiller les Toastmasters vers l\u2019un ou l\u2019autre des clubs.<\/p>\n<p>La seconde approche consistait \u00e0 cr\u00e9er un deuxi\u00e8me club ex-nihilo. Comme plusieurs membres tr\u00e8s exp\u00e9riment\u00e9s de l\u2019\u00c9tincelle \u00e9taient volontaires pour accompagner la cr\u00e9ation de ce nouveau club, c\u2019est cette solution qui fut adopt\u00e9e.<\/p>\n<p>Une <a href=\"https:\/\/1drv.ms\/b\/s!Ap23OVd6Iw4i22T9aGaHc-KMzF1n?e=0RBjeC\">proposition<\/a> a permis de convaincre le bureau de lancer le projet. Un discours (\u201c<a href=\"https:\/\/1drv.ms\/b\/s!Ap23OVd6Iw4i22XahCx0NRlc-dOH?e=n7VlWB\">Pr\u00e9sidente, je vois double\u00a0!!<\/a>\u201d) de rentr\u00e9e informa tous les membres de la cr\u00e9ation et des avantages qu\u2019ils en retireraient. Enfin, un concours pour le choix du nom, dot\u00e9 d&rsquo;un prix, a d\u00e9sign\u00e9 SCINTILLE! comme son nouveau nom. Tout \u00e9tait pr\u00eat pour lancer officiellement le nouveau club !<\/p>\n<h6><strong>COUP D\u2019ENVOI ET OBJECTIF 30\u00a0!<\/strong><\/h6>\n<p>Octobre 2019. Le nouveau club s\u2019inscrivit aupr\u00e8s de Toastmasters International (TMI). Il disposait d\u2019un an pour atteindre les 20 membres n\u00e9cessaires pour devenir un club Toastmasters officiel. L\u2019\u00e9quipe d\u2019accompagnement avait l\u2019objectif ambitieux de recruter 30 nouveaux membres avant fin juin 2020. Le club \u00e9viterait ainsi de retomber sous la barre fatidique des 20 membres apr\u00e8s le renouvellement des adh\u00e9sions en septembre.<\/p>\n<p>En \u00e9change de 125 USD vers\u00e9s \u00e0 TMI (et g\u00e9n\u00e9reusement pr\u00eat\u00e9s par la tr\u00e9sorerie de l\u2019\u00c9tincelle), l\u2019inscription donna acc\u00e8s \u00e0 quelques \u201cgoodies\u201d comme un maillet et des cartons du temps. Surtout, elle autorisait le club \u00e0 distribuer le niveau 1 de Pathways \u00e0 ses membres. Un document en fran\u00e7ais r\u00e9alis\u00e9 \u00e0 partir des descriptifs des trois projets composant le niveau 1 rempla\u00e7a le support original de TMI, en anglais. Enfin, le club disposait de son propre compte EasySpeak, outil incontournable pour planifier facilement les r\u00e9unions.<\/p>\n<h6><strong>PREMIERS PAS ACCOMPAGNES PAR L\u2019\u00c9TINCELLE<\/strong><\/h6>\n<p>Un nouveau club enfante souvent dans la douleur. En effet, au d\u00e9but, les membres sont peu nombreux, ce qui tend \u00e0 rebuter les invit\u00e9s qui pr\u00e9f\u00e8rent des clubs d\u00e9j\u00e0 bien install\u00e9s. Pour pallier cet inconv\u00e9nient, le nouveau club a conclu un partenariat \u00e9troit avec l\u2019\u00c9tincelle.<\/p>\n<p>Selon ce pacte, les nouveaux membres s\u2019inscrivaient obligatoirement dans le nouveau club et non plus \u00e0 l\u2019\u00c9tincelle qui avait ferm\u00e9 ses inscriptions. Les membres les plus exp\u00e9riment\u00e9s de l\u2019\u00c9tincelle \u00e9taient incit\u00e9s, en mentorant de nouveaux membres, \u00e0 accompagner le club en formation. En \u00e9change, ces membres avaient acc\u00e8s gratuitement \u00e0 deux s\u00e9ances suppl\u00e9mentaires par mois, celles du nouveau club. Ils pouvaient y tenir des r\u00f4les, en particulier d&rsquo;\u00e9valuateurs, et prononcer des discours. Ils progressaient ainsi encore plus rapidement. De leur c\u00f4t\u00e9, les membres du nouveau club b\u00e9n\u00e9ficiaient de l\u2019exp\u00e9rience de l\u2019\u00c9tincelle tout en ayant plus de cr\u00e9neaux pour prononcer leurs discours.<\/p>\n<p>D\u00e8s le d\u00e9part, l\u2019abondance de discours et la qualit\u00e9 des \u00e9valuations ont donn\u00e9 un cachet professionnel aux r\u00e9unions de SCINTILLE\u00a0! Les nouveaux membres, cornaqu\u00e9s par des Toastmasters exp\u00e9riment\u00e9s, programmaient rapidement leur briser la glace, puis les discours suivants du manuel.<\/p>\n<h6><strong>UN SOLIDE FLUX D\u2019INVITES<\/strong><\/h6>\n<p>L\u2019\u00c9tincelle jouit d\u2019un excellent r\u00e9f\u00e9rencement de son site sur Google. Gr\u00e2ce \u00e0 lui, de nombreux visiteurs assistaient aux s\u00e9ances. La perspective de prononcer au moins 4 discours, avec des \u00e9valuations de qualit\u00e9, devant un public moins intimidant que le \u201cgrand\u201d club de l\u2019\u00c9tincelle a convaincu nombre d\u2019entre eux d\u2019adh\u00e9rer.<\/p>\n<p>De plus, louer une nouvelle salle, proche de celle de l\u2019\u00c9tincelle, a permis de b\u00e2tir une identit\u00e9 propre au nouveau club. Comme elle \u00e9tait moins co\u00fbteuse, le jeune club d\u00e9muni a fait des \u00e9conomies. Un <a href=\"https:\/\/1drv.ms\/b\/s!Ap23OVd6Iw4i22cTFXhiqY1ZTH2h?e=BJZfdC\">plan de tr\u00e9sorerie<\/a> permit au club d\u2019\u00eatre ind\u00e9pendant financi\u00e8rement de l\u2019\u00c9tincelle, quoiqu&rsquo;il en utilis\u00e2t le compte bancaire.<\/p>\n<h6><strong>UN PREMIER TRIMESTRE SUR LES CHAPEAUX DE ROUE<\/strong><\/h6>\n<p>En trois mois, le club a re\u00e7u l\u2019adh\u00e9sion de 13 personnes, en avance sur le plan de marche fix\u00e9 en septembre. En outre, le projet a permis d\u2019am\u00e9liorer plusieurs processus, comme la gestion des invit\u00e9s, afin de leur proposer d\u2019adh\u00e9rer apr\u00e8s les trois visites que nous avions impos\u00e9es. Et la formation, d\u00e9laiss\u00e9e \u00e0 l\u2019\u00c9tincelle par manque de cr\u00e9neaux disponibles. Ainsi, deux formateurs ont pr\u00e9sent\u00e9 des approches efficaces pour l\u2019improvisation et la structuration d\u2019un discours.<\/p>\n<h6><strong>UN COUP D\u2019ARR\u00caT : LES GR\u00c9VES DE TRANSPORT DE FIN 2019<\/strong><\/h6>\n<p>Malheureusement, les gr\u00e8ves dans les transports en cette fin d\u2019ann\u00e9e ont assombri ce tableau idyllique. De nombreux membres n\u2019ont pu assister aux r\u00e9unions et y prononcer leurs discours. Les adh\u00e9sions ont connu un coup d\u2019arr\u00eat. Quand allaient-elles reprendre ? Y aurait-t-il suffisamment de membres pour que le club soit officialis\u00e9 avant la fin du mois de juin ? Telles \u00e9taient les questions qui taraudaient les fondateurs.<\/p>\n<p>La suite ? C&rsquo;est <a href=\"https:\/\/www.elecyt.org\/blog\/2023\/05\/25\/scintille-vs-sars-cov2-1-0\/\">ici<\/a>.<\/p>\n","protected":false},"excerpt":{"rendered":"<p>Face \u00e0 une forte croissance, l\u2019\u00c9tincelle a donn\u00e9 naissance \u00e0 SCINTILLE ! en 2019 Ce n&rsquo;est plus possible ce club ! Avec trois r\u00e9unions par mois, je ne connais plus personne\u201d. Ce commentaire aigre d\u2019un des membres les plus anciens de notre club a d\u00e9clench\u00e9 la r\u00e9flexion pour cr\u00e9er un nouveau club Toastmasters : SCINTILLE [&hellip;]<\/p>\n","protected":false},"author":2,"featured_media":0,"comment_status":"open","ping_status":"open","sticky":false,"template":"","format":"standard","meta":{"_monsterinsights_skip_tracking":false,"_monsterinsights_sitenote_active":false,"_monsterinsights_sitenote_note":"","_monsterinsights_sitenote_category":0,"footnotes":""},"categories":[8,2],"tags":[],"class_list":["post-594","post","type-post","status-publish","format-standard","hentry","category-communication","category-toastmasters"],"yoast_head":"<!-- This site is optimized with the Yoast SEO plugin v27.4 - https:\/\/yoast.com\/product\/yoast-seo-wordpress\/ -->\n<title>\u201cPr\u00e9sidente, je vois double !\u201d - Fa\u00e7ons de parler<\/title>\n<meta name=\"robots\" content=\"index, follow, max-snippet:-1, max-image-preview:large, max-video-preview:-1\" \/>\n<link rel=\"canonical\" href=\"https:\/\/www.elecyt.org\/blog\/2023\/02\/24\/presidente-je-vois-double\/\" \/>\n<meta property=\"og:locale\" content=\"fr_FR\" \/>\n<meta property=\"og:type\" content=\"article\" \/>\n<meta property=\"og:title\" content=\"\u201cPr\u00e9sidente, je vois double !\u201d - Fa\u00e7ons de parler\" \/>\n<meta property=\"og:description\" content=\"Face \u00e0 une forte croissance, l\u2019\u00c9tincelle a donn\u00e9 naissance \u00e0 SCINTILLE ! en 2019 Ce n&rsquo;est plus possible ce club ! Avec trois r\u00e9unions par mois, je ne connais plus personne\u201d. Ce commentaire aigre d\u2019un des membres les plus anciens de notre club a d\u00e9clench\u00e9 la r\u00e9flexion pour cr\u00e9er un nouveau club Toastmasters : SCINTILLE [&hellip;]\" \/>\n<meta property=\"og:url\" content=\"https:\/\/www.elecyt.org\/blog\/2023\/02\/24\/presidente-je-vois-double\/\" \/>\n<meta property=\"og:site_name\" content=\"Fa\u00e7ons de parler\" \/>\n<meta property=\"article:published_time\" content=\"2023-02-24T19:50:19+00:00\" \/>\n<meta property=\"article:modified_time\" content=\"2023-07-24T16:08:19+00:00\" \/>\n<meta property=\"og:image\" content=\"https:\/\/www.elecyt.org\/blog\/wp-content\/uploads\/2023\/02\/Post_43_photo_1.png\" \/>\n<meta name=\"author\" content=\"Stephane Gantzer\" \/>\n<meta name=\"twitter:card\" content=\"summary_large_image\" \/>\n<meta name=\"twitter:label1\" content=\"\u00c9crit par\" \/>\n\t<meta name=\"twitter:data1\" content=\"Stephane Gantzer\" \/>\n\t<meta name=\"twitter:label2\" content=\"Dur\u00e9e de lecture estim\u00e9e\" \/>\n\t<meta name=\"twitter:data2\" content=\"6 minutes\" \/>\n<script type=\"application\/ld+json\" class=\"yoast-schema-graph\">{\"@context\":\"https:\\\/\\\/schema.org\",\"@graph\":[{\"@type\":\"Article\",\"@id\":\"https:\\\/\\\/www.elecyt.org\\\/blog\\\/2023\\\/02\\\/24\\\/presidente-je-vois-double\\\/#article\",\"isPartOf\":{\"@id\":\"https:\\\/\\\/www.elecyt.org\\\/blog\\\/2023\\\/02\\\/24\\\/presidente-je-vois-double\\\/\"},\"author\":{\"name\":\"Stephane Gantzer\",\"@id\":\"https:\\\/\\\/www.elecyt.org\\\/blog\\\/#\\\/schema\\\/person\\\/cd7dc81253b2db33748afb7355378e8b\"},\"headline\":\"\u201cPr\u00e9sidente, je vois double !\u201d\",\"datePublished\":\"2023-02-24T19:50:19+00:00\",\"dateModified\":\"2023-07-24T16:08:19+00:00\",\"mainEntityOfPage\":{\"@id\":\"https:\\\/\\\/www.elecyt.org\\\/blog\\\/2023\\\/02\\\/24\\\/presidente-je-vois-double\\\/\"},\"wordCount\":1168,\"commentCount\":0,\"publisher\":{\"@id\":\"https:\\\/\\\/www.elecyt.org\\\/blog\\\/#organization\"},\"image\":{\"@id\":\"https:\\\/\\\/www.elecyt.org\\\/blog\\\/2023\\\/02\\\/24\\\/presidente-je-vois-double\\\/#primaryimage\"},\"thumbnailUrl\":\"https:\\\/\\\/www.elecyt.org\\\/blog\\\/wp-content\\\/uploads\\\/2023\\\/02\\\/Post_43_photo_1.png\",\"articleSection\":[\"Communication\",\"Toastmasters\"],\"inLanguage\":\"fr-FR\",\"potentialAction\":[{\"@type\":\"CommentAction\",\"name\":\"Comment\",\"target\":[\"https:\\\/\\\/www.elecyt.org\\\/blog\\\/2023\\\/02\\\/24\\\/presidente-je-vois-double\\\/#respond\"]}]},{\"@type\":\"WebPage\",\"@id\":\"https:\\\/\\\/www.elecyt.org\\\/blog\\\/2023\\\/02\\\/24\\\/presidente-je-vois-double\\\/\",\"url\":\"https:\\\/\\\/www.elecyt.org\\\/blog\\\/2023\\\/02\\\/24\\\/presidente-je-vois-double\\\/\",\"name\":\"\u201cPr\u00e9sidente, je vois double !\u201d - Fa\u00e7ons de parler\",\"isPartOf\":{\"@id\":\"https:\\\/\\\/www.elecyt.org\\\/blog\\\/#website\"},\"primaryImageOfPage\":{\"@id\":\"https:\\\/\\\/www.elecyt.org\\\/blog\\\/2023\\\/02\\\/24\\\/presidente-je-vois-double\\\/#primaryimage\"},\"image\":{\"@id\":\"https:\\\/\\\/www.elecyt.org\\\/blog\\\/2023\\\/02\\\/24\\\/presidente-je-vois-double\\\/#primaryimage\"},\"thumbnailUrl\":\"https:\\\/\\\/www.elecyt.org\\\/blog\\\/wp-content\\\/uploads\\\/2023\\\/02\\\/Post_43_photo_1.png\",\"datePublished\":\"2023-02-24T19:50:19+00:00\",\"dateModified\":\"2023-07-24T16:08:19+00:00\",\"breadcrumb\":{\"@id\":\"https:\\\/\\\/www.elecyt.org\\\/blog\\\/2023\\\/02\\\/24\\\/presidente-je-vois-double\\\/#breadcrumb\"},\"inLanguage\":\"fr-FR\",\"potentialAction\":[{\"@type\":\"ReadAction\",\"target\":[\"https:\\\/\\\/www.elecyt.org\\\/blog\\\/2023\\\/02\\\/24\\\/presidente-je-vois-double\\\/\"]}]},{\"@type\":\"ImageObject\",\"inLanguage\":\"fr-FR\",\"@id\":\"https:\\\/\\\/www.elecyt.org\\\/blog\\\/2023\\\/02\\\/24\\\/presidente-je-vois-double\\\/#primaryimage\",\"url\":\"https:\\\/\\\/www.elecyt.org\\\/blog\\\/wp-content\\\/uploads\\\/2023\\\/02\\\/Post_43_photo_1.png\",\"contentUrl\":\"https:\\\/\\\/www.elecyt.org\\\/blog\\\/wp-content\\\/uploads\\\/2023\\\/02\\\/Post_43_photo_1.png\",\"width\":617,\"height\":340},{\"@type\":\"BreadcrumbList\",\"@id\":\"https:\\\/\\\/www.elecyt.org\\\/blog\\\/2023\\\/02\\\/24\\\/presidente-je-vois-double\\\/#breadcrumb\",\"itemListElement\":[{\"@type\":\"ListItem\",\"position\":1,\"name\":\"Accueil\",\"item\":\"https:\\\/\\\/www.elecyt.org\\\/blog\\\/\"},{\"@type\":\"ListItem\",\"position\":2,\"name\":\"\u201cPr\u00e9sidente, je vois double !\u201d\"}]},{\"@type\":\"WebSite\",\"@id\":\"https:\\\/\\\/www.elecyt.org\\\/blog\\\/#website\",\"url\":\"https:\\\/\\\/www.elecyt.org\\\/blog\\\/\",\"name\":\"Fa\u00e7ons de parler\",\"description\":\"La communication par la pratique\",\"publisher\":{\"@id\":\"https:\\\/\\\/www.elecyt.org\\\/blog\\\/#organization\"},\"potentialAction\":[{\"@type\":\"SearchAction\",\"target\":{\"@type\":\"EntryPoint\",\"urlTemplate\":\"https:\\\/\\\/www.elecyt.org\\\/blog\\\/?s={search_term_string}\"},\"query-input\":{\"@type\":\"PropertyValueSpecification\",\"valueRequired\":true,\"valueName\":\"search_term_string\"}}],\"inLanguage\":\"fr-FR\"},{\"@type\":\"Organization\",\"@id\":\"https:\\\/\\\/www.elecyt.org\\\/blog\\\/#organization\",\"name\":\"Fa\u00e7ons de parler\",\"url\":\"https:\\\/\\\/www.elecyt.org\\\/blog\\\/\",\"logo\":{\"@type\":\"ImageObject\",\"inLanguage\":\"fr-FR\",\"@id\":\"https:\\\/\\\/www.elecyt.org\\\/blog\\\/#\\\/schema\\\/logo\\\/image\\\/\",\"url\":\"https:\\\/\\\/www.elecyt.org\\\/blog\\\/wp-content\\\/uploads\\\/2021\\\/10\\\/cropped-Logo-ELECYT-CMJN.jpg\",\"contentUrl\":\"https:\\\/\\\/www.elecyt.org\\\/blog\\\/wp-content\\\/uploads\\\/2021\\\/10\\\/cropped-Logo-ELECYT-CMJN.jpg\",\"width\":966,\"height\":369,\"caption\":\"Fa\u00e7ons de parler\"},\"image\":{\"@id\":\"https:\\\/\\\/www.elecyt.org\\\/blog\\\/#\\\/schema\\\/logo\\\/image\\\/\"}},{\"@type\":\"Person\",\"@id\":\"https:\\\/\\\/www.elecyt.org\\\/blog\\\/#\\\/schema\\\/person\\\/cd7dc81253b2db33748afb7355378e8b\",\"name\":\"Stephane Gantzer\",\"image\":{\"@type\":\"ImageObject\",\"inLanguage\":\"fr-FR\",\"@id\":\"https:\\\/\\\/secure.gravatar.com\\\/avatar\\\/a026a9ac79640a4084e74bf3c5273fdf14b3d26d08f476fcfd36c1d77261b730?s=96&d=mm&r=g\",\"url\":\"https:\\\/\\\/secure.gravatar.com\\\/avatar\\\/a026a9ac79640a4084e74bf3c5273fdf14b3d26d08f476fcfd36c1d77261b730?s=96&d=mm&r=g\",\"contentUrl\":\"https:\\\/\\\/secure.gravatar.com\\\/avatar\\\/a026a9ac79640a4084e74bf3c5273fdf14b3d26d08f476fcfd36c1d77261b730?s=96&d=mm&r=g\",\"caption\":\"Stephane Gantzer\"},\"url\":\"https:\\\/\\\/www.elecyt.org\\\/blog\\\/author\\\/stephane-gantzer\\\/\"}]}<\/script>\n<!-- \/ Yoast SEO plugin. -->","yoast_head_json":{"title":"\u201cPr\u00e9sidente, je vois double !\u201d - Fa\u00e7ons de parler","robots":{"index":"index","follow":"follow","max-snippet":"max-snippet:-1","max-image-preview":"max-image-preview:large","max-video-preview":"max-video-preview:-1"},"canonical":"https:\/\/www.elecyt.org\/blog\/2023\/02\/24\/presidente-je-vois-double\/","og_locale":"fr_FR","og_type":"article","og_title":"\u201cPr\u00e9sidente, je vois double !\u201d - Fa\u00e7ons de parler","og_description":"Face \u00e0 une forte croissance, l\u2019\u00c9tincelle a donn\u00e9 naissance \u00e0 SCINTILLE ! en 2019 Ce n&rsquo;est plus possible ce club ! Avec trois r\u00e9unions par mois, je ne connais plus personne\u201d. Ce commentaire aigre d\u2019un des membres les plus anciens de notre club a d\u00e9clench\u00e9 la r\u00e9flexion pour cr\u00e9er un nouveau club Toastmasters : SCINTILLE [&hellip;]","og_url":"https:\/\/www.elecyt.org\/blog\/2023\/02\/24\/presidente-je-vois-double\/","og_site_name":"Fa\u00e7ons de parler","article_published_time":"2023-02-24T19:50:19+00:00","article_modified_time":"2023-07-24T16:08:19+00:00","og_image":[{"url":"https:\/\/www.elecyt.org\/blog\/wp-content\/uploads\/2023\/02\/Post_43_photo_1.png","type":"","width":"","height":""}],"author":"Stephane Gantzer","twitter_card":"summary_large_image","twitter_misc":{"\u00c9crit par":"Stephane Gantzer","Dur\u00e9e de lecture estim\u00e9e":"6 minutes"},"schema":{"@context":"https:\/\/schema.org","@graph":[{"@type":"Article","@id":"https:\/\/www.elecyt.org\/blog\/2023\/02\/24\/presidente-je-vois-double\/#article","isPartOf":{"@id":"https:\/\/www.elecyt.org\/blog\/2023\/02\/24\/presidente-je-vois-double\/"},"author":{"name":"Stephane Gantzer","@id":"https:\/\/www.elecyt.org\/blog\/#\/schema\/person\/cd7dc81253b2db33748afb7355378e8b"},"headline":"\u201cPr\u00e9sidente, je vois double !\u201d","datePublished":"2023-02-24T19:50:19+00:00","dateModified":"2023-07-24T16:08:19+00:00","mainEntityOfPage":{"@id":"https:\/\/www.elecyt.org\/blog\/2023\/02\/24\/presidente-je-vois-double\/"},"wordCount":1168,"commentCount":0,"publisher":{"@id":"https:\/\/www.elecyt.org\/blog\/#organization"},"image":{"@id":"https:\/\/www.elecyt.org\/blog\/2023\/02\/24\/presidente-je-vois-double\/#primaryimage"},"thumbnailUrl":"https:\/\/www.elecyt.org\/blog\/wp-content\/uploads\/2023\/02\/Post_43_photo_1.png","articleSection":["Communication","Toastmasters"],"inLanguage":"fr-FR","potentialAction":[{"@type":"CommentAction","name":"Comment","target":["https:\/\/www.elecyt.org\/blog\/2023\/02\/24\/presidente-je-vois-double\/#respond"]}]},{"@type":"WebPage","@id":"https:\/\/www.elecyt.org\/blog\/2023\/02\/24\/presidente-je-vois-double\/","url":"https:\/\/www.elecyt.org\/blog\/2023\/02\/24\/presidente-je-vois-double\/","name":"\u201cPr\u00e9sidente, je vois double !\u201d - Fa\u00e7ons de parler","isPartOf":{"@id":"https:\/\/www.elecyt.org\/blog\/#website"},"primaryImageOfPage":{"@id":"https:\/\/www.elecyt.org\/blog\/2023\/02\/24\/presidente-je-vois-double\/#primaryimage"},"image":{"@id":"https:\/\/www.elecyt.org\/blog\/2023\/02\/24\/presidente-je-vois-double\/#primaryimage"},"thumbnailUrl":"https:\/\/www.elecyt.org\/blog\/wp-content\/uploads\/2023\/02\/Post_43_photo_1.png","datePublished":"2023-02-24T19:50:19+00:00","dateModified":"2023-07-24T16:08:19+00:00","breadcrumb":{"@id":"https:\/\/www.elecyt.org\/blog\/2023\/02\/24\/presidente-je-vois-double\/#breadcrumb"},"inLanguage":"fr-FR","potentialAction":[{"@type":"ReadAction","target":["https:\/\/www.elecyt.org\/blog\/2023\/02\/24\/presidente-je-vois-double\/"]}]},{"@type":"ImageObject","inLanguage":"fr-FR","@id":"https:\/\/www.elecyt.org\/blog\/2023\/02\/24\/presidente-je-vois-double\/#primaryimage","url":"https:\/\/www.elecyt.org\/blog\/wp-content\/uploads\/2023\/02\/Post_43_photo_1.png","contentUrl":"https:\/\/www.elecyt.org\/blog\/wp-content\/uploads\/2023\/02\/Post_43_photo_1.png","width":617,"height":340},{"@type":"BreadcrumbList","@id":"https:\/\/www.elecyt.org\/blog\/2023\/02\/24\/presidente-je-vois-double\/#breadcrumb","itemListElement":[{"@type":"ListItem","position":1,"name":"Accueil","item":"https:\/\/www.elecyt.org\/blog\/"},{"@type":"ListItem","position":2,"name":"\u201cPr\u00e9sidente, je vois double !\u201d"}]},{"@type":"WebSite","@id":"https:\/\/www.elecyt.org\/blog\/#website","url":"https:\/\/www.elecyt.org\/blog\/","name":"Fa\u00e7ons de parler","description":"La communication par la pratique","publisher":{"@id":"https:\/\/www.elecyt.org\/blog\/#organization"},"potentialAction":[{"@type":"SearchAction","target":{"@type":"EntryPoint","urlTemplate":"https:\/\/www.elecyt.org\/blog\/?s={search_term_string}"},"query-input":{"@type":"PropertyValueSpecification","valueRequired":true,"valueName":"search_term_string"}}],"inLanguage":"fr-FR"},{"@type":"Organization","@id":"https:\/\/www.elecyt.org\/blog\/#organization","name":"Fa\u00e7ons de parler","url":"https:\/\/www.elecyt.org\/blog\/","logo":{"@type":"ImageObject","inLanguage":"fr-FR","@id":"https:\/\/www.elecyt.org\/blog\/#\/schema\/logo\/image\/","url":"https:\/\/www.elecyt.org\/blog\/wp-content\/uploads\/2021\/10\/cropped-Logo-ELECYT-CMJN.jpg","contentUrl":"https:\/\/www.elecyt.org\/blog\/wp-content\/uploads\/2021\/10\/cropped-Logo-ELECYT-CMJN.jpg","width":966,"height":369,"caption":"Fa\u00e7ons de parler"},"image":{"@id":"https:\/\/www.elecyt.org\/blog\/#\/schema\/logo\/image\/"}},{"@type":"Person","@id":"https:\/\/www.elecyt.org\/blog\/#\/schema\/person\/cd7dc81253b2db33748afb7355378e8b","name":"Stephane Gantzer","image":{"@type":"ImageObject","inLanguage":"fr-FR","@id":"https:\/\/secure.gravatar.com\/avatar\/a026a9ac79640a4084e74bf3c5273fdf14b3d26d08f476fcfd36c1d77261b730?s=96&d=mm&r=g","url":"https:\/\/secure.gravatar.com\/avatar\/a026a9ac79640a4084e74bf3c5273fdf14b3d26d08f476fcfd36c1d77261b730?s=96&d=mm&r=g","contentUrl":"https:\/\/secure.gravatar.com\/avatar\/a026a9ac79640a4084e74bf3c5273fdf14b3d26d08f476fcfd36c1d77261b730?s=96&d=mm&r=g","caption":"Stephane Gantzer"},"url":"https:\/\/www.elecyt.org\/blog\/author\/stephane-gantzer\/"}]}},"_links":{"self":[{"href":"https:\/\/www.elecyt.org\/blog\/wp-json\/wp\/v2\/posts\/594","targetHints":{"allow":["GET"]}}],"collection":[{"href":"https:\/\/www.elecyt.org\/blog\/wp-json\/wp\/v2\/posts"}],"about":[{"href":"https:\/\/www.elecyt.org\/blog\/wp-json\/wp\/v2\/types\/post"}],"author":[{"embeddable":true,"href":"https:\/\/www.elecyt.org\/blog\/wp-json\/wp\/v2\/users\/2"}],"replies":[{"embeddable":true,"href":"https:\/\/www.elecyt.org\/blog\/wp-json\/wp\/v2\/comments?post=594"}],"version-history":[{"count":4,"href":"https:\/\/www.elecyt.org\/blog\/wp-json\/wp\/v2\/posts\/594\/revisions"}],"predecessor-version":[{"id":669,"href":"https:\/\/www.elecyt.org\/blog\/wp-json\/wp\/v2\/posts\/594\/revisions\/669"}],"wp:attachment":[{"href":"https:\/\/www.elecyt.org\/blog\/wp-json\/wp\/v2\/media?parent=594"}],"wp:term":[{"taxonomy":"category","embeddable":true,"href":"https:\/\/www.elecyt.org\/blog\/wp-json\/wp\/v2\/categories?post=594"},{"taxonomy":"post_tag","embeddable":true,"href":"https:\/\/www.elecyt.org\/blog\/wp-json\/wp\/v2\/tags?post=594"}],"curies":[{"name":"wp","href":"https:\/\/api.w.org\/{rel}","templated":true}]}}