{"id":568,"date":"2022-12-19T17:59:46","date_gmt":"2022-12-19T16:59:46","guid":{"rendered":"https:\/\/www.elecyt.org\/blog\/?p=568"},"modified":"2022-12-20T20:37:52","modified_gmt":"2022-12-20T19:37:52","slug":"lentretien-motivationnel-pour-accompagner-les-chomeurs-quelle-efficacite","status":"publish","type":"post","link":"https:\/\/www.elecyt.org\/blog\/2022\/12\/19\/lentretien-motivationnel-pour-accompagner-les-chomeurs-quelle-efficacite\/","title":{"rendered":"L\u2019entretien motivationnel pour accompagner les ch\u00f4meurs : quelle efficacit\u00e9 ?"},"content":{"rendered":"<h5 style=\"text-align: center;\"><strong>\u00a0Des \u00e9tudes r\u00e9centes montrent l\u2019utilit\u00e9 de l\u2019entretien motivationnel dans l\u2019insertion professionnelle (IP)<\/strong><\/h5>\n<p><img loading=\"lazy\" decoding=\"async\" class=\"aligncenter wp-image-571 size-full\" src=\"https:\/\/www.elecyt.org\/blog\/wp-content\/uploads\/2022\/12\/Post_86_photo_1.png\" alt=\"\" width=\"627\" height=\"352\" srcset=\"https:\/\/www.elecyt.org\/blog\/wp-content\/uploads\/2022\/12\/Post_86_photo_1.png 627w, https:\/\/www.elecyt.org\/blog\/wp-content\/uploads\/2022\/12\/Post_86_photo_1-400x225.png 400w\" sizes=\"auto, (max-width: 627px) 100vw, 627px\" \/><\/p>\n<p class=\"has-drop-cap\">Aurore est conseill\u00e8re dans une mission locale du Val de Marne. Elle accompagne des jeunes de 18 \u00e0 25 ans pour qu\u2019ils trouvent un emploi ou une formation. Afin de susciter l\u2019envie chez ces jeunes gens, elle s\u2019est form\u00e9e \u00e0 l\u2019entretien motivationnel. Elle a l\u2019impression que cette approche donne de bons r\u00e9sultats. N\u00e9anmoins, elle se demande ce que dit la science sur l\u2019efficacit\u00e9 de l\u2019entretien motivationnel (EM) en insertion professionnelle (IP).<\/p>\n<h6><strong>Des r\u00e9sultats mitig\u00e9s jusqu\u2019\u00e0 tr\u00e8s r\u00e9cemment<\/strong><\/h6>\n<p>Il y a quelques ann\u00e9es, deux chercheurs norv\u00e9giens, Flodgren et Berg, ont r\u00e9alis\u00e9 une m\u00e9ta-analyse de cinq essais al\u00e9atoires contr\u00f4l\u00e9s utilisant l&rsquo;EM pour la r\u00e9insertion professionnelle.<\/p>\n<p>L\u2019impact en \u00e9tait globalement positif. Mais ces \u00e9tudes \u00e9taient entach\u00e9es de biais, comme des \u00e9chantillons de faible taille. En outre, elles visaient des populations tr\u00e8s particuli\u00e8res (souffrant de troubles mentaux ou de douleurs chroniques) rendant difficile l\u2019extrapolation \u00e0 la population g\u00e9n\u00e9rale.<\/p>\n<h6><strong>Des r\u00e9sultats encourageants depuis lors<\/strong><\/h6>\n<p>De nouveaux essais al\u00e9atoires publi\u00e9s depuis lors ont montr\u00e9 des r\u00e9sultats plus encourageants.<\/p>\n<p>Tout d\u2019abord, la psychologue Eileen Britt et son \u00e9quipe ont observ\u00e9 qu\u2019apr\u00e8s avoir form\u00e9 \u00e0 l\u2019EM des conseillers \u00e0 l\u2019emploi, leur empathie augmentait sensiblement. Simultan\u00e9ment, leurs b\u00e9n\u00e9ficiaires exprimaient davantage le d\u00e9sir de mener des actions concr\u00e8tes de recherche. C\u2019est ce qu\u2019on appelle, dans le jargon EM, le discours-changement.<\/p>\n<p>De son c\u00f4t\u00e9, Wewiorski a montr\u00e9 que le discours changement pr\u00e9disait le passage \u00e0 l\u2019action des b\u00e9n\u00e9ficiaires pour retrouver un emploi. Ces deux \u00e9tudes combin\u00e9es d\u00e9montraient ainsi un r\u00e9sultat connu de l\u2019EM. C\u2019est l\u2019incitation \u00e0 g\u00e9n\u00e9rer du discours changement, par les techniques de l\u2019EM, qui conduit les clients \u00e0 agir.<\/p>\n<p>Dans une derni\u00e8re \u00e9tude men\u00e9e au Canada, Britt semble apporter enfin une preuve irr\u00e9futable de l&rsquo;efficacit\u00e9 de l&rsquo;EM en IP. Dans cet essai al\u00e9atoire portant sur un large \u00e9chantillon de demandeurs d&#8217;emploi, les participant du groupe exp\u00e9rimental, expos\u00e9s \u00e0 l\u2019EM, avaient 25% de plus de chance de retrouver un emploi que ceux du groupe-t\u00e9moin.<\/p>\n<h6><strong>Quels enseignements op\u00e9rationnels retirer des ces \u00e9tudes ?<\/strong><\/h6>\n<p>Cette derni\u00e8re \u00e9tude met en avant plusieurs recommandations pour faciliter l\u2019adoption de l\u2019EM en insertion professionnelle.<\/p>\n<p>Pour commencer, deux \u00e0 trois jours de formation suffisent pour ma\u00eetriser l\u2019EM, pourvu qu\u2019un expert accompagne les conseillers a posteriori. Dans l\u2019\u00e9tude, les chercheurs codaient un entretien de chaque conseiller par semaine et leur fournissaient un retour imm\u00e9diat.<\/p>\n<p>Ensuite, le nombre d\u2019entretiens doit \u00eatre adapt\u00e9 \u00e0 la motivation du b\u00e9n\u00e9ficiaire. Pour cela, l\u2019\u00e9quipe de Britt a class\u00e9 les b\u00e9n\u00e9ficiaires en 4 cat\u00e9gories de motivation (de \u201cne voit pas l\u2019int\u00e9r\u00eat de rechercher un emploi\u201d \u00e0 \u201ceffectue des d\u00e9marches actives de recherche\u201d). Les entretiens motivationnels \u00e9taient plus nombreux pour les cat\u00e9gories les moins motiv\u00e9es.<\/p>\n<p>Enfin, les conseillers doivent travailler avec leur hi\u00e9rarchie d\u2019une part, les formateurs \u00e0 l&rsquo;EM et des experts en gestion du changement d\u2019autre part, afin d&rsquo;adapter l&rsquo;organisation \u00e0 l&rsquo;EM. Car souvent l\u2019EM contredit les habitudes des services de l\u2019emploi. Conflits entre l\u2019attitude empathique pr\u00f4n\u00e9e par l\u2019EM et le contr\u00f4le des allocations de ch\u00f4mage par les conseillers, espacement des rendez-vous qui fait perdre le contexte et manque de temps pour l\u2019EM en sont des exemples.<\/p>\n<h6><strong>Pour aller plus loin<\/strong><\/h6>\n<p>En conclusion, l\u2019EM para\u00eet efficace pour aider les b\u00e9n\u00e9ficiaires des services \u00e0 l\u2019emploi \u00e0 trouver plus souvent du travail. Diffuser l\u2019EM pour les accompagner pourrait donc augmenter la productivit\u00e9 des services sociaux.<\/p>\n<p>Cependant, beaucoup reste encore \u00e0 d\u00e9couvrir, en particulier sur la mani\u00e8re d\u2019adapter cette technique aux organisations existantes. Cela justifie la poursuite de la recherche dans ce domaine.<\/p>\n<p>En attendant, si vous d\u00e9sirez en savoir plus sur l\u2019EM et vous y former, rejoignez pour une modique cotisation l\u2019Association Fran\u00e7aise de Diffusion de l\u2019Entretien Motivationnel (AFDEM). C\u2019est <a href=\"https:\/\/espace-afdem.org\/adherer-a-lafdem\/\" target=\"_blank\" rel=\"noopener\">ici<\/a>.<\/p>\n","protected":false},"excerpt":{"rendered":"<p>\u00a0Des \u00e9tudes r\u00e9centes montrent l\u2019utilit\u00e9 de l\u2019entretien motivationnel dans l\u2019insertion professionnelle (IP) Aurore est conseill\u00e8re dans une mission locale du Val de Marne. Elle accompagne des jeunes de 18 \u00e0 25 ans pour qu\u2019ils trouvent un emploi ou une formation. Afin de susciter l\u2019envie chez ces jeunes gens, elle s\u2019est form\u00e9e \u00e0 l\u2019entretien motivationnel. Elle [&hellip;]<\/p>\n","protected":false},"author":2,"featured_media":0,"comment_status":"open","ping_status":"open","sticky":false,"template":"","format":"standard","meta":{"_monsterinsights_skip_tracking":false,"_monsterinsights_sitenote_active":false,"_monsterinsights_sitenote_note":"","_monsterinsights_sitenote_category":0,"footnotes":""},"categories":[13,9],"tags":[],"class_list":["post-568","post","type-post","status-publish","format-standard","hentry","category-insertion-professionnelle","category-psychologie"],"yoast_head":"<!-- This site is optimized with the Yoast SEO plugin v27.4 - https:\/\/yoast.com\/product\/yoast-seo-wordpress\/ -->\n<title>L\u2019entretien motivationnel pour accompagner les ch\u00f4meurs : quelle efficacit\u00e9 ? - Fa\u00e7ons de parler<\/title>\n<meta name=\"robots\" content=\"index, follow, max-snippet:-1, max-image-preview:large, max-video-preview:-1\" \/>\n<link rel=\"canonical\" href=\"https:\/\/www.elecyt.org\/blog\/2022\/12\/19\/lentretien-motivationnel-pour-accompagner-les-chomeurs-quelle-efficacite\/\" \/>\n<meta property=\"og:locale\" content=\"fr_FR\" \/>\n<meta property=\"og:type\" content=\"article\" \/>\n<meta property=\"og:title\" content=\"L\u2019entretien motivationnel pour accompagner les ch\u00f4meurs : quelle efficacit\u00e9 ? - Fa\u00e7ons de parler\" \/>\n<meta property=\"og:description\" content=\"\u00a0Des \u00e9tudes r\u00e9centes montrent l\u2019utilit\u00e9 de l\u2019entretien motivationnel dans l\u2019insertion professionnelle (IP) Aurore est conseill\u00e8re dans une mission locale du Val de Marne. Elle accompagne des jeunes de 18 \u00e0 25 ans pour qu\u2019ils trouvent un emploi ou une formation. Afin de susciter l\u2019envie chez ces jeunes gens, elle s\u2019est form\u00e9e \u00e0 l\u2019entretien motivationnel. Elle [&hellip;]\" \/>\n<meta property=\"og:url\" content=\"https:\/\/www.elecyt.org\/blog\/2022\/12\/19\/lentretien-motivationnel-pour-accompagner-les-chomeurs-quelle-efficacite\/\" \/>\n<meta property=\"og:site_name\" content=\"Fa\u00e7ons de parler\" \/>\n<meta property=\"article:published_time\" content=\"2022-12-19T16:59:46+00:00\" \/>\n<meta property=\"article:modified_time\" content=\"2022-12-20T19:37:52+00:00\" \/>\n<meta property=\"og:image\" content=\"https:\/\/www.elecyt.org\/blog\/wp-content\/uploads\/2022\/12\/Post_86_photo_1.png\" \/>\n<meta name=\"author\" content=\"Stephane Gantzer\" \/>\n<meta name=\"twitter:card\" content=\"summary_large_image\" \/>\n<meta name=\"twitter:label1\" content=\"\u00c9crit par\" \/>\n\t<meta name=\"twitter:data1\" content=\"Stephane Gantzer\" \/>\n\t<meta name=\"twitter:label2\" content=\"Dur\u00e9e de lecture estim\u00e9e\" \/>\n\t<meta name=\"twitter:data2\" content=\"4 minutes\" \/>\n<script type=\"application\/ld+json\" class=\"yoast-schema-graph\">{\"@context\":\"https:\\\/\\\/schema.org\",\"@graph\":[{\"@type\":\"Article\",\"@id\":\"https:\\\/\\\/www.elecyt.org\\\/blog\\\/2022\\\/12\\\/19\\\/lentretien-motivationnel-pour-accompagner-les-chomeurs-quelle-efficacite\\\/#article\",\"isPartOf\":{\"@id\":\"https:\\\/\\\/www.elecyt.org\\\/blog\\\/2022\\\/12\\\/19\\\/lentretien-motivationnel-pour-accompagner-les-chomeurs-quelle-efficacite\\\/\"},\"author\":{\"name\":\"Stephane Gantzer\",\"@id\":\"https:\\\/\\\/www.elecyt.org\\\/blog\\\/#\\\/schema\\\/person\\\/cd7dc81253b2db33748afb7355378e8b\"},\"headline\":\"L\u2019entretien motivationnel pour accompagner les ch\u00f4meurs : quelle efficacit\u00e9 ?\",\"datePublished\":\"2022-12-19T16:59:46+00:00\",\"dateModified\":\"2022-12-20T19:37:52+00:00\",\"mainEntityOfPage\":{\"@id\":\"https:\\\/\\\/www.elecyt.org\\\/blog\\\/2022\\\/12\\\/19\\\/lentretien-motivationnel-pour-accompagner-les-chomeurs-quelle-efficacite\\\/\"},\"wordCount\":716,\"commentCount\":0,\"publisher\":{\"@id\":\"https:\\\/\\\/www.elecyt.org\\\/blog\\\/#organization\"},\"image\":{\"@id\":\"https:\\\/\\\/www.elecyt.org\\\/blog\\\/2022\\\/12\\\/19\\\/lentretien-motivationnel-pour-accompagner-les-chomeurs-quelle-efficacite\\\/#primaryimage\"},\"thumbnailUrl\":\"https:\\\/\\\/www.elecyt.org\\\/blog\\\/wp-content\\\/uploads\\\/2022\\\/12\\\/Post_86_photo_1.png\",\"articleSection\":[\"Insertion professionnelle\",\"Psychologie\"],\"inLanguage\":\"fr-FR\",\"potentialAction\":[{\"@type\":\"CommentAction\",\"name\":\"Comment\",\"target\":[\"https:\\\/\\\/www.elecyt.org\\\/blog\\\/2022\\\/12\\\/19\\\/lentretien-motivationnel-pour-accompagner-les-chomeurs-quelle-efficacite\\\/#respond\"]}]},{\"@type\":\"WebPage\",\"@id\":\"https:\\\/\\\/www.elecyt.org\\\/blog\\\/2022\\\/12\\\/19\\\/lentretien-motivationnel-pour-accompagner-les-chomeurs-quelle-efficacite\\\/\",\"url\":\"https:\\\/\\\/www.elecyt.org\\\/blog\\\/2022\\\/12\\\/19\\\/lentretien-motivationnel-pour-accompagner-les-chomeurs-quelle-efficacite\\\/\",\"name\":\"L\u2019entretien motivationnel pour accompagner les ch\u00f4meurs : quelle efficacit\u00e9 ? - Fa\u00e7ons de parler\",\"isPartOf\":{\"@id\":\"https:\\\/\\\/www.elecyt.org\\\/blog\\\/#website\"},\"primaryImageOfPage\":{\"@id\":\"https:\\\/\\\/www.elecyt.org\\\/blog\\\/2022\\\/12\\\/19\\\/lentretien-motivationnel-pour-accompagner-les-chomeurs-quelle-efficacite\\\/#primaryimage\"},\"image\":{\"@id\":\"https:\\\/\\\/www.elecyt.org\\\/blog\\\/2022\\\/12\\\/19\\\/lentretien-motivationnel-pour-accompagner-les-chomeurs-quelle-efficacite\\\/#primaryimage\"},\"thumbnailUrl\":\"https:\\\/\\\/www.elecyt.org\\\/blog\\\/wp-content\\\/uploads\\\/2022\\\/12\\\/Post_86_photo_1.png\",\"datePublished\":\"2022-12-19T16:59:46+00:00\",\"dateModified\":\"2022-12-20T19:37:52+00:00\",\"breadcrumb\":{\"@id\":\"https:\\\/\\\/www.elecyt.org\\\/blog\\\/2022\\\/12\\\/19\\\/lentretien-motivationnel-pour-accompagner-les-chomeurs-quelle-efficacite\\\/#breadcrumb\"},\"inLanguage\":\"fr-FR\",\"potentialAction\":[{\"@type\":\"ReadAction\",\"target\":[\"https:\\\/\\\/www.elecyt.org\\\/blog\\\/2022\\\/12\\\/19\\\/lentretien-motivationnel-pour-accompagner-les-chomeurs-quelle-efficacite\\\/\"]}]},{\"@type\":\"ImageObject\",\"inLanguage\":\"fr-FR\",\"@id\":\"https:\\\/\\\/www.elecyt.org\\\/blog\\\/2022\\\/12\\\/19\\\/lentretien-motivationnel-pour-accompagner-les-chomeurs-quelle-efficacite\\\/#primaryimage\",\"url\":\"https:\\\/\\\/www.elecyt.org\\\/blog\\\/wp-content\\\/uploads\\\/2022\\\/12\\\/Post_86_photo_1.png\",\"contentUrl\":\"https:\\\/\\\/www.elecyt.org\\\/blog\\\/wp-content\\\/uploads\\\/2022\\\/12\\\/Post_86_photo_1.png\",\"width\":627,\"height\":352},{\"@type\":\"BreadcrumbList\",\"@id\":\"https:\\\/\\\/www.elecyt.org\\\/blog\\\/2022\\\/12\\\/19\\\/lentretien-motivationnel-pour-accompagner-les-chomeurs-quelle-efficacite\\\/#breadcrumb\",\"itemListElement\":[{\"@type\":\"ListItem\",\"position\":1,\"name\":\"Accueil\",\"item\":\"https:\\\/\\\/www.elecyt.org\\\/blog\\\/\"},{\"@type\":\"ListItem\",\"position\":2,\"name\":\"L\u2019entretien motivationnel pour accompagner les ch\u00f4meurs : quelle efficacit\u00e9 ?\"}]},{\"@type\":\"WebSite\",\"@id\":\"https:\\\/\\\/www.elecyt.org\\\/blog\\\/#website\",\"url\":\"https:\\\/\\\/www.elecyt.org\\\/blog\\\/\",\"name\":\"Fa\u00e7ons de parler\",\"description\":\"La communication par la pratique\",\"publisher\":{\"@id\":\"https:\\\/\\\/www.elecyt.org\\\/blog\\\/#organization\"},\"potentialAction\":[{\"@type\":\"SearchAction\",\"target\":{\"@type\":\"EntryPoint\",\"urlTemplate\":\"https:\\\/\\\/www.elecyt.org\\\/blog\\\/?s={search_term_string}\"},\"query-input\":{\"@type\":\"PropertyValueSpecification\",\"valueRequired\":true,\"valueName\":\"search_term_string\"}}],\"inLanguage\":\"fr-FR\"},{\"@type\":\"Organization\",\"@id\":\"https:\\\/\\\/www.elecyt.org\\\/blog\\\/#organization\",\"name\":\"Fa\u00e7ons de parler\",\"url\":\"https:\\\/\\\/www.elecyt.org\\\/blog\\\/\",\"logo\":{\"@type\":\"ImageObject\",\"inLanguage\":\"fr-FR\",\"@id\":\"https:\\\/\\\/www.elecyt.org\\\/blog\\\/#\\\/schema\\\/logo\\\/image\\\/\",\"url\":\"https:\\\/\\\/www.elecyt.org\\\/blog\\\/wp-content\\\/uploads\\\/2021\\\/10\\\/cropped-Logo-ELECYT-CMJN.jpg\",\"contentUrl\":\"https:\\\/\\\/www.elecyt.org\\\/blog\\\/wp-content\\\/uploads\\\/2021\\\/10\\\/cropped-Logo-ELECYT-CMJN.jpg\",\"width\":966,\"height\":369,\"caption\":\"Fa\u00e7ons de parler\"},\"image\":{\"@id\":\"https:\\\/\\\/www.elecyt.org\\\/blog\\\/#\\\/schema\\\/logo\\\/image\\\/\"}},{\"@type\":\"Person\",\"@id\":\"https:\\\/\\\/www.elecyt.org\\\/blog\\\/#\\\/schema\\\/person\\\/cd7dc81253b2db33748afb7355378e8b\",\"name\":\"Stephane Gantzer\",\"image\":{\"@type\":\"ImageObject\",\"inLanguage\":\"fr-FR\",\"@id\":\"https:\\\/\\\/secure.gravatar.com\\\/avatar\\\/a026a9ac79640a4084e74bf3c5273fdf14b3d26d08f476fcfd36c1d77261b730?s=96&d=mm&r=g\",\"url\":\"https:\\\/\\\/secure.gravatar.com\\\/avatar\\\/a026a9ac79640a4084e74bf3c5273fdf14b3d26d08f476fcfd36c1d77261b730?s=96&d=mm&r=g\",\"contentUrl\":\"https:\\\/\\\/secure.gravatar.com\\\/avatar\\\/a026a9ac79640a4084e74bf3c5273fdf14b3d26d08f476fcfd36c1d77261b730?s=96&d=mm&r=g\",\"caption\":\"Stephane Gantzer\"},\"url\":\"https:\\\/\\\/www.elecyt.org\\\/blog\\\/author\\\/stephane-gantzer\\\/\"}]}<\/script>\n<!-- \/ Yoast SEO plugin. -->","yoast_head_json":{"title":"L\u2019entretien motivationnel pour accompagner les ch\u00f4meurs : quelle efficacit\u00e9 ? - Fa\u00e7ons de parler","robots":{"index":"index","follow":"follow","max-snippet":"max-snippet:-1","max-image-preview":"max-image-preview:large","max-video-preview":"max-video-preview:-1"},"canonical":"https:\/\/www.elecyt.org\/blog\/2022\/12\/19\/lentretien-motivationnel-pour-accompagner-les-chomeurs-quelle-efficacite\/","og_locale":"fr_FR","og_type":"article","og_title":"L\u2019entretien motivationnel pour accompagner les ch\u00f4meurs : quelle efficacit\u00e9 ? - Fa\u00e7ons de parler","og_description":"\u00a0Des \u00e9tudes r\u00e9centes montrent l\u2019utilit\u00e9 de l\u2019entretien motivationnel dans l\u2019insertion professionnelle (IP) Aurore est conseill\u00e8re dans une mission locale du Val de Marne. Elle accompagne des jeunes de 18 \u00e0 25 ans pour qu\u2019ils trouvent un emploi ou une formation. Afin de susciter l\u2019envie chez ces jeunes gens, elle s\u2019est form\u00e9e \u00e0 l\u2019entretien motivationnel. Elle [&hellip;]","og_url":"https:\/\/www.elecyt.org\/blog\/2022\/12\/19\/lentretien-motivationnel-pour-accompagner-les-chomeurs-quelle-efficacite\/","og_site_name":"Fa\u00e7ons de parler","article_published_time":"2022-12-19T16:59:46+00:00","article_modified_time":"2022-12-20T19:37:52+00:00","og_image":[{"url":"https:\/\/www.elecyt.org\/blog\/wp-content\/uploads\/2022\/12\/Post_86_photo_1.png","type":"","width":"","height":""}],"author":"Stephane Gantzer","twitter_card":"summary_large_image","twitter_misc":{"\u00c9crit par":"Stephane Gantzer","Dur\u00e9e de lecture estim\u00e9e":"4 minutes"},"schema":{"@context":"https:\/\/schema.org","@graph":[{"@type":"Article","@id":"https:\/\/www.elecyt.org\/blog\/2022\/12\/19\/lentretien-motivationnel-pour-accompagner-les-chomeurs-quelle-efficacite\/#article","isPartOf":{"@id":"https:\/\/www.elecyt.org\/blog\/2022\/12\/19\/lentretien-motivationnel-pour-accompagner-les-chomeurs-quelle-efficacite\/"},"author":{"name":"Stephane Gantzer","@id":"https:\/\/www.elecyt.org\/blog\/#\/schema\/person\/cd7dc81253b2db33748afb7355378e8b"},"headline":"L\u2019entretien motivationnel pour accompagner les ch\u00f4meurs : quelle efficacit\u00e9 ?","datePublished":"2022-12-19T16:59:46+00:00","dateModified":"2022-12-20T19:37:52+00:00","mainEntityOfPage":{"@id":"https:\/\/www.elecyt.org\/blog\/2022\/12\/19\/lentretien-motivationnel-pour-accompagner-les-chomeurs-quelle-efficacite\/"},"wordCount":716,"commentCount":0,"publisher":{"@id":"https:\/\/www.elecyt.org\/blog\/#organization"},"image":{"@id":"https:\/\/www.elecyt.org\/blog\/2022\/12\/19\/lentretien-motivationnel-pour-accompagner-les-chomeurs-quelle-efficacite\/#primaryimage"},"thumbnailUrl":"https:\/\/www.elecyt.org\/blog\/wp-content\/uploads\/2022\/12\/Post_86_photo_1.png","articleSection":["Insertion professionnelle","Psychologie"],"inLanguage":"fr-FR","potentialAction":[{"@type":"CommentAction","name":"Comment","target":["https:\/\/www.elecyt.org\/blog\/2022\/12\/19\/lentretien-motivationnel-pour-accompagner-les-chomeurs-quelle-efficacite\/#respond"]}]},{"@type":"WebPage","@id":"https:\/\/www.elecyt.org\/blog\/2022\/12\/19\/lentretien-motivationnel-pour-accompagner-les-chomeurs-quelle-efficacite\/","url":"https:\/\/www.elecyt.org\/blog\/2022\/12\/19\/lentretien-motivationnel-pour-accompagner-les-chomeurs-quelle-efficacite\/","name":"L\u2019entretien motivationnel pour accompagner les ch\u00f4meurs : quelle efficacit\u00e9 ? - Fa\u00e7ons de parler","isPartOf":{"@id":"https:\/\/www.elecyt.org\/blog\/#website"},"primaryImageOfPage":{"@id":"https:\/\/www.elecyt.org\/blog\/2022\/12\/19\/lentretien-motivationnel-pour-accompagner-les-chomeurs-quelle-efficacite\/#primaryimage"},"image":{"@id":"https:\/\/www.elecyt.org\/blog\/2022\/12\/19\/lentretien-motivationnel-pour-accompagner-les-chomeurs-quelle-efficacite\/#primaryimage"},"thumbnailUrl":"https:\/\/www.elecyt.org\/blog\/wp-content\/uploads\/2022\/12\/Post_86_photo_1.png","datePublished":"2022-12-19T16:59:46+00:00","dateModified":"2022-12-20T19:37:52+00:00","breadcrumb":{"@id":"https:\/\/www.elecyt.org\/blog\/2022\/12\/19\/lentretien-motivationnel-pour-accompagner-les-chomeurs-quelle-efficacite\/#breadcrumb"},"inLanguage":"fr-FR","potentialAction":[{"@type":"ReadAction","target":["https:\/\/www.elecyt.org\/blog\/2022\/12\/19\/lentretien-motivationnel-pour-accompagner-les-chomeurs-quelle-efficacite\/"]}]},{"@type":"ImageObject","inLanguage":"fr-FR","@id":"https:\/\/www.elecyt.org\/blog\/2022\/12\/19\/lentretien-motivationnel-pour-accompagner-les-chomeurs-quelle-efficacite\/#primaryimage","url":"https:\/\/www.elecyt.org\/blog\/wp-content\/uploads\/2022\/12\/Post_86_photo_1.png","contentUrl":"https:\/\/www.elecyt.org\/blog\/wp-content\/uploads\/2022\/12\/Post_86_photo_1.png","width":627,"height":352},{"@type":"BreadcrumbList","@id":"https:\/\/www.elecyt.org\/blog\/2022\/12\/19\/lentretien-motivationnel-pour-accompagner-les-chomeurs-quelle-efficacite\/#breadcrumb","itemListElement":[{"@type":"ListItem","position":1,"name":"Accueil","item":"https:\/\/www.elecyt.org\/blog\/"},{"@type":"ListItem","position":2,"name":"L\u2019entretien motivationnel pour accompagner les ch\u00f4meurs : quelle efficacit\u00e9 ?"}]},{"@type":"WebSite","@id":"https:\/\/www.elecyt.org\/blog\/#website","url":"https:\/\/www.elecyt.org\/blog\/","name":"Fa\u00e7ons de parler","description":"La communication par la pratique","publisher":{"@id":"https:\/\/www.elecyt.org\/blog\/#organization"},"potentialAction":[{"@type":"SearchAction","target":{"@type":"EntryPoint","urlTemplate":"https:\/\/www.elecyt.org\/blog\/?s={search_term_string}"},"query-input":{"@type":"PropertyValueSpecification","valueRequired":true,"valueName":"search_term_string"}}],"inLanguage":"fr-FR"},{"@type":"Organization","@id":"https:\/\/www.elecyt.org\/blog\/#organization","name":"Fa\u00e7ons de parler","url":"https:\/\/www.elecyt.org\/blog\/","logo":{"@type":"ImageObject","inLanguage":"fr-FR","@id":"https:\/\/www.elecyt.org\/blog\/#\/schema\/logo\/image\/","url":"https:\/\/www.elecyt.org\/blog\/wp-content\/uploads\/2021\/10\/cropped-Logo-ELECYT-CMJN.jpg","contentUrl":"https:\/\/www.elecyt.org\/blog\/wp-content\/uploads\/2021\/10\/cropped-Logo-ELECYT-CMJN.jpg","width":966,"height":369,"caption":"Fa\u00e7ons de parler"},"image":{"@id":"https:\/\/www.elecyt.org\/blog\/#\/schema\/logo\/image\/"}},{"@type":"Person","@id":"https:\/\/www.elecyt.org\/blog\/#\/schema\/person\/cd7dc81253b2db33748afb7355378e8b","name":"Stephane Gantzer","image":{"@type":"ImageObject","inLanguage":"fr-FR","@id":"https:\/\/secure.gravatar.com\/avatar\/a026a9ac79640a4084e74bf3c5273fdf14b3d26d08f476fcfd36c1d77261b730?s=96&d=mm&r=g","url":"https:\/\/secure.gravatar.com\/avatar\/a026a9ac79640a4084e74bf3c5273fdf14b3d26d08f476fcfd36c1d77261b730?s=96&d=mm&r=g","contentUrl":"https:\/\/secure.gravatar.com\/avatar\/a026a9ac79640a4084e74bf3c5273fdf14b3d26d08f476fcfd36c1d77261b730?s=96&d=mm&r=g","caption":"Stephane Gantzer"},"url":"https:\/\/www.elecyt.org\/blog\/author\/stephane-gantzer\/"}]}},"_links":{"self":[{"href":"https:\/\/www.elecyt.org\/blog\/wp-json\/wp\/v2\/posts\/568","targetHints":{"allow":["GET"]}}],"collection":[{"href":"https:\/\/www.elecyt.org\/blog\/wp-json\/wp\/v2\/posts"}],"about":[{"href":"https:\/\/www.elecyt.org\/blog\/wp-json\/wp\/v2\/types\/post"}],"author":[{"embeddable":true,"href":"https:\/\/www.elecyt.org\/blog\/wp-json\/wp\/v2\/users\/2"}],"replies":[{"embeddable":true,"href":"https:\/\/www.elecyt.org\/blog\/wp-json\/wp\/v2\/comments?post=568"}],"version-history":[{"count":4,"href":"https:\/\/www.elecyt.org\/blog\/wp-json\/wp\/v2\/posts\/568\/revisions"}],"predecessor-version":[{"id":573,"href":"https:\/\/www.elecyt.org\/blog\/wp-json\/wp\/v2\/posts\/568\/revisions\/573"}],"wp:attachment":[{"href":"https:\/\/www.elecyt.org\/blog\/wp-json\/wp\/v2\/media?parent=568"}],"wp:term":[{"taxonomy":"category","embeddable":true,"href":"https:\/\/www.elecyt.org\/blog\/wp-json\/wp\/v2\/categories?post=568"},{"taxonomy":"post_tag","embeddable":true,"href":"https:\/\/www.elecyt.org\/blog\/wp-json\/wp\/v2\/tags?post=568"}],"curies":[{"name":"wp","href":"https:\/\/api.w.org\/{rel}","templated":true}]}}