{"id":532,"date":"2022-10-19T16:29:18","date_gmt":"2022-10-19T14:29:18","guid":{"rendered":"https:\/\/www.elecyt.org\/blog\/?p=532"},"modified":"2025-03-11T16:41:34","modified_gmt":"2025-03-11T15:41:34","slug":"lentretien-motivationnel-et-le-mentorat-en-insertion-professionnelle","status":"publish","type":"post","link":"https:\/\/www.elecyt.org\/blog\/2022\/10\/19\/lentretien-motivationnel-et-le-mentorat-en-insertion-professionnelle\/","title":{"rendered":"L\u2019entretien motivationnel et le mentorat en insertion professionnelle"},"content":{"rendered":"<h5 style=\"text-align: center;\"><strong>L&rsquo;entretien motivationnel est une approche prometteuse pour accompagner les jeunes \u00e9loign\u00e9s de l\u2019emploi<\/strong><\/h5>\n<p><img loading=\"lazy\" decoding=\"async\" class=\"aligncenter wp-image-533 size-full\" src=\"https:\/\/www.elecyt.org\/blog\/wp-content\/uploads\/2022\/10\/Post_68_photo_1.png\" alt=\"\" width=\"1437\" height=\"958\" srcset=\"https:\/\/www.elecyt.org\/blog\/wp-content\/uploads\/2022\/10\/Post_68_photo_1.png 1437w, https:\/\/www.elecyt.org\/blog\/wp-content\/uploads\/2022\/10\/Post_68_photo_1-400x267.png 400w, https:\/\/www.elecyt.org\/blog\/wp-content\/uploads\/2022\/10\/Post_68_photo_1-1024x683.png 1024w, https:\/\/www.elecyt.org\/blog\/wp-content\/uploads\/2022\/10\/Post_68_photo_1-768x512.png 768w, https:\/\/www.elecyt.org\/blog\/wp-content\/uploads\/2022\/10\/Post_68_photo_1-1200x800.png 1200w\" sizes=\"auto, (max-width: 1437px) 100vw, 1437px\" \/><\/p>\n<p class=\"has-drop-cap\">Dans un <a href=\"https:\/\/www.elecyt.org\/blog\/2022\/10\/17\/comment-tenir-le-role-du-maitre-du-temps-sur-zoom\/\" target=\"_blank\" rel=\"noopener\">article pr\u00e9c\u00e9dent<\/a>, nous avons pr\u00e9sent\u00e9 l&rsquo;entretien motivationnel (EM). Il s&rsquo;agit d&rsquo;un style de communication collaboratif destin\u00e9 \u00e0 aider une personne \u00e0 adopter un nouveau comportement.<\/p>\n<p>Dans ce billet, nous nous int\u00e9resserons \u00e0 son utilisation dans le <a href=\"https:\/\/www.elecyt.org\/blog\/2022\/10\/14\/le-mentorat-en-insertion-professionnelle\/\" target=\"_blank\" rel=\"noopener\">mentorat d&rsquo;insertion professionnelle<\/a> et \u00e0 la fa\u00e7on de le mettre en \u0153uvre concr\u00e8tement.<\/p>\n<h6><strong>Pourquoi UTILISER l&rsquo;EM en orientation PROFESSIONNELLE ? <\/strong><\/h6>\n<p>Se lancer dans une d\u00e9marche d\u2019insertion professionnelle demande de la motivation. Il faut se fixer des objectifs. Il faut aussi se persuader qu&rsquo;on poss\u00e8de les comp\u00e9tences sp\u00e9cifiques au m\u00e9tier d\u00e9sir\u00e9, ou qu&rsquo;on peut les acqu\u00e9rir. Enfin, il est n\u00e9cessaire de se convaincre que cette recherche a du sens par rapport \u00e0 ses propres valeurs. Il faut aussi effectuer des actions parfois d\u00e9plaisantes (comme convaincre un interlocuteur de sa valeur professionnelle). Ou parfois m\u00eame anxiog\u00e8nes (comme contacter de parfaits inconnus).<\/p>\n<h6>DES PREUVES EMPIRIQUES<\/h6>\n<p>Sh\u00e9kina Rochat, une sp\u00e9cialiste suisse de l\u2019orientation professionnelle, l\u2019affirme\u00a0: \u201cl&rsquo;EM permet d&rsquo;amplifier les objectifs de la personne et les croyances qu&rsquo;elle peut influencer son destin et g\u00e9rer ses \u00e9motions\u201d.<\/p>\n<p>Cependant, \u00e0 la diff\u00e9rence de la sant\u00e9, la recherche scientifique sur l&rsquo;EM en insertion professionnelle est encore balbutiante. Les \u00e9tudes de qualit\u00e9 m\u00e9thodologique et avec des r\u00e9sultats convergents sont encore insuffisantes.<\/p>\n<p>N\u00e9anmoins une \u00e9tude r\u00e9cente men\u00e9e par la psychologue n\u00e9o-z\u00e9landaise Eileen Britt ouvre des perspectives. Elle a montr\u00e9 que des conseillers d\u2019insertion bien form\u00e9s \u00e0 l\u2019EM influen\u00e7aient le langage de leurs b\u00e9n\u00e9ficiaires. Celui en faveur de la recherche augmentait tr\u00e8s significativement par rapport \u00e0 celui de l\u2019inertie. Or, un tel pattern permet de pr\u00e9dire un changement effectif dans le comportement.<\/p>\n<p>D\u2019ailleurs, selon le chercheur Brad Lundahl, \u201cpratiquement chaque fois que l&rsquo;EM a \u00e9t\u00e9 test\u00e9 empiriquement dans de nouveaux domaines (par exemple, la promotion de la sant\u00e9), il a montr\u00e9 des effets positifs et significatifs. Ainsi, nous n&rsquo;avons probablement pas encore trouv\u00e9 les limites des types de probl\u00e8mes et de sympt\u00f4mes auxquels l&rsquo;EM peut \u00eatre valablement appliqu\u00e9\u201d.<\/p>\n<h6><strong>Comment se d\u00e9roule l&rsquo;EM dans le contexte de l&rsquo;orientation professionnelle<\/strong><\/h6>\n<p>L\u2019accompagnement entre mentor et mentor\u00e9 peut \u00eatre structur\u00e9 selon les quatre phases de l\u2019EM:<\/p>\n<ol>\n<li>\n<h6>Engagement dans la relation :<\/h6>\n<\/li>\n<\/ol>\n<p>Un mentorat r\u00e9ussi, comme toute forme de collaboration, commence par l&rsquo;\u00e9tablissement d&rsquo;une relation de confiance entre le mentor et le mentor\u00e9. A ce titre, trois postures peuvent nuire \u00e0 la cr\u00e9ation de ce lien\u00a0: celle de l\u2019expert qui conseille, celle de l\u2019inquisiteur qui enferme la discussion dans un feu de questions\/r\u00e9ponses et celle du magistrat qui juge. Ces trois attitudes suscitent peu ou prou de la r\u00e9sistance de la part du jeune.<\/p>\n<p>Au contraire, pour b\u00e2tir une relation empathique, il est pr\u00e9f\u00e9rable d\u2019adopter un comportement centr\u00e9 sur le jeune. Pour cela, il faut lui poser des questions avec parcimonie et, en tout cas, ouvertes. Refl\u00e9ter son discours montre qu\u2019on est \u00e0 l\u2019\u00e9coute. Il est utile \u00e9galement de valoriser sinc\u00e8rement ses actions et de suspendre son jugement.<\/p>\n<ol start=\"2\">\n<li>\n<h6>Focalisation :<\/h6>\n<\/li>\n<\/ol>\n<p>Dans cette phase, le mentor\u00e9 choisit, avec son mentor, une direction pr\u00e9cise de changement.<\/p>\n<p>Parfois, il existe plusieurs alternatives pour s\u2019orienter (par ex. trouver un stage, rechercher un logement, trouver un moyen de garder son enfant). Dans ce cas, le mentor \u00e9tablit, de mani\u00e8re collaborative avec le mentor\u00e9, la liste des options. Il l\u2019am\u00e8ne \u00e0 prioriser ce qu&rsquo;il souhaiterait faire en premier.<\/p>\n<p>S&rsquo;il n&rsquo;y a pas d&rsquo;option qui \u00e9merge clairement, il faut \u00e9voquer les pr\u00e9f\u00e9rences du mentor\u00e9 vers un futur d\u00e9sirable.<\/p>\n<ol start=\"3\">\n<li>\n<h6>Evoquer l&rsquo;ambivalence et la r\u00e9soudre :<\/h6>\n<\/li>\n<\/ol>\n<p>Une fois l\u2019objectif choisi, l\u2019\u00e9vocation consiste \u00e0 faire \u00e9merger les propres motivations du jeune vers cet objectif. Ce \u201cdiscours changement\u201d, pour reprendre la terminologie EM, se manifeste par des mots exprimant le d\u00e9sir (\u201cj&rsquo;aimerais\u2026\u201d), une comp\u00e9tence (\u201cje me sens capable de\u2026\u201d), une raison (\u201cje voudrais parce que\u2026\u201d) ou un besoin (\u201cj&rsquo;ai vraiment besoin de\u2026\u201d). Le discours-changement, en revanche, s\u2019oppose \u00e0 l\u2019objectif. L\u2019entretien motivationnel consiste \u00e0 amplifier le discours changement et \u00e0 affaiblir le discours maintien.<\/p>\n<p>De multiples strat\u00e9gies permettent de susciter le discours-changement. Par exemple, le mentor peut aider le jeune \u00e0 identifier ses valeurs cl\u00e9s (ind\u00e9pendance financi\u00e8re, autonomie, etc.) et \u00e0 mettre ainsi en \u00e9vidence les \u00e9carts entre ces valeurs et sa situation actuelle. Une autre strat\u00e9gie est de l&rsquo;encourager \u00e0 imaginer le futur selon qu\u2019il s\u2019engage dans le choix professionnel qu\u2019il a en t\u00eate ou qu\u2019il reste dans le statu quo. Ou de lui faire d\u00e9crire le pire et le meilleur sc\u00e9nario possible pouvant survenir \u00e0 partir de la situation actuelle de mani\u00e8re \u00e0 accro\u00eetre ses aspirations li\u00e9es \u00e0 la carri\u00e8re.<\/p>\n<ol start=\"4\">\n<li>\n<h6>Passer \u00e0 l&rsquo;action<\/h6>\n<\/li>\n<\/ol>\n<p>Une fois que le discours-changement atteint un niveau satisfaisant par rapport au discours-maintien, le jeune est m\u00fbr pour passer \u00e0 l\u2019action. Il est pr\u00eat \u00e0 formuler un plan d&rsquo;action pr\u00e9cis, comme par exemple, \u201ct\u00e9l\u00e9phoner \u00e0 6 personnes de mon r\u00e9seau pour tester mon projet professionnel\u201d. A cette occasion, le mentor peut approfondir cet engagement en lui posant des questions ouvertes comme, par exemple\u00a0: \u201cCette initiative est int\u00e9ressante. Pourriez-vous m\u2019en dire plus\u00a0?\u201d<\/p>\n<h6><strong>POUR CONCLURE PROVISOIREMENT<\/strong><\/h6>\n<p>Les preuves commencent \u00e0 s\u2019accumuler qui d\u00e9montrent l\u2019efficacit\u00e9 de l\u2019EM dans le domaine de l&rsquo;insertion professionnelle. L\u2019EM est un outil puissant pour r\u00e9soudre l&rsquo;ambivalence inh\u00e9rente aux choix d&rsquo;orientation professionnelle. C&rsquo;est la raison pour laquelle nous nous proposons de l\u2019employer syst\u00e9matiquement dans les entretiens entre mentor et mentor\u00e9. Nous ne manquerons pas de tirer les le\u00e7ons de son utilisation dans un futur billet.<\/p>\n","protected":false},"excerpt":{"rendered":"<p>L&rsquo;entretien motivationnel est une approche prometteuse pour accompagner les jeunes \u00e9loign\u00e9s de l\u2019emploi Dans un article pr\u00e9c\u00e9dent, nous avons pr\u00e9sent\u00e9 l&rsquo;entretien motivationnel (EM). Il s&rsquo;agit d&rsquo;un style de communication collaboratif destin\u00e9 \u00e0 aider une personne \u00e0 adopter un nouveau comportement. Dans ce billet, nous nous int\u00e9resserons \u00e0 son utilisation dans le mentorat d&rsquo;insertion professionnelle et [&hellip;]<\/p>\n","protected":false},"author":2,"featured_media":0,"comment_status":"open","ping_status":"open","sticky":false,"template":"","format":"standard","meta":{"_monsterinsights_skip_tracking":false,"_monsterinsights_sitenote_active":false,"_monsterinsights_sitenote_note":"","_monsterinsights_sitenote_category":0,"footnotes":""},"categories":[13,12,9],"tags":[],"class_list":["post-532","post","type-post","status-publish","format-standard","hentry","category-insertion-professionnelle","category-mentorat","category-psychologie"],"yoast_head":"<!-- This site is optimized with the Yoast SEO plugin v27.4 - https:\/\/yoast.com\/product\/yoast-seo-wordpress\/ -->\n<title>L\u2019entretien motivationnel et le mentorat en insertion professionnelle - Fa\u00e7ons de parler<\/title>\n<meta name=\"robots\" content=\"index, follow, max-snippet:-1, max-image-preview:large, max-video-preview:-1\" \/>\n<link rel=\"canonical\" href=\"https:\/\/www.elecyt.org\/blog\/2022\/10\/19\/lentretien-motivationnel-et-le-mentorat-en-insertion-professionnelle\/\" \/>\n<meta property=\"og:locale\" content=\"fr_FR\" \/>\n<meta property=\"og:type\" content=\"article\" \/>\n<meta property=\"og:title\" content=\"L\u2019entretien motivationnel et le mentorat en insertion professionnelle - Fa\u00e7ons de parler\" \/>\n<meta property=\"og:description\" content=\"L&rsquo;entretien motivationnel est une approche prometteuse pour accompagner les jeunes \u00e9loign\u00e9s de l\u2019emploi Dans un article pr\u00e9c\u00e9dent, nous avons pr\u00e9sent\u00e9 l&rsquo;entretien motivationnel (EM). Il s&rsquo;agit d&rsquo;un style de communication collaboratif destin\u00e9 \u00e0 aider une personne \u00e0 adopter un nouveau comportement. Dans ce billet, nous nous int\u00e9resserons \u00e0 son utilisation dans le mentorat d&rsquo;insertion professionnelle et [&hellip;]\" \/>\n<meta property=\"og:url\" content=\"https:\/\/www.elecyt.org\/blog\/2022\/10\/19\/lentretien-motivationnel-et-le-mentorat-en-insertion-professionnelle\/\" \/>\n<meta property=\"og:site_name\" content=\"Fa\u00e7ons de parler\" \/>\n<meta property=\"article:published_time\" content=\"2022-10-19T14:29:18+00:00\" \/>\n<meta property=\"article:modified_time\" content=\"2025-03-11T15:41:34+00:00\" \/>\n<meta property=\"og:image\" content=\"https:\/\/www.elecyt.org\/blog\/wp-content\/uploads\/2022\/10\/Post_68_photo_1-1024x683.png\" \/>\n\t<meta property=\"og:image:width\" content=\"1024\" \/>\n\t<meta property=\"og:image:height\" content=\"683\" \/>\n\t<meta property=\"og:image:type\" content=\"image\/png\" \/>\n<meta name=\"author\" content=\"Stephane Gantzer\" \/>\n<meta name=\"twitter:card\" content=\"summary_large_image\" \/>\n<meta name=\"twitter:label1\" content=\"\u00c9crit par\" \/>\n\t<meta name=\"twitter:data1\" content=\"Stephane Gantzer\" \/>\n\t<meta name=\"twitter:label2\" content=\"Dur\u00e9e de lecture estim\u00e9e\" \/>\n\t<meta name=\"twitter:data2\" content=\"5 minutes\" \/>\n<script type=\"application\/ld+json\" class=\"yoast-schema-graph\">{\"@context\":\"https:\\\/\\\/schema.org\",\"@graph\":[{\"@type\":\"Article\",\"@id\":\"https:\\\/\\\/www.elecyt.org\\\/blog\\\/2022\\\/10\\\/19\\\/lentretien-motivationnel-et-le-mentorat-en-insertion-professionnelle\\\/#article\",\"isPartOf\":{\"@id\":\"https:\\\/\\\/www.elecyt.org\\\/blog\\\/2022\\\/10\\\/19\\\/lentretien-motivationnel-et-le-mentorat-en-insertion-professionnelle\\\/\"},\"author\":{\"name\":\"Stephane Gantzer\",\"@id\":\"https:\\\/\\\/www.elecyt.org\\\/blog\\\/#\\\/schema\\\/person\\\/cd7dc81253b2db33748afb7355378e8b\"},\"headline\":\"L\u2019entretien motivationnel et le mentorat en insertion professionnelle\",\"datePublished\":\"2022-10-19T14:29:18+00:00\",\"dateModified\":\"2025-03-11T15:41:34+00:00\",\"mainEntityOfPage\":{\"@id\":\"https:\\\/\\\/www.elecyt.org\\\/blog\\\/2022\\\/10\\\/19\\\/lentretien-motivationnel-et-le-mentorat-en-insertion-professionnelle\\\/\"},\"wordCount\":977,\"commentCount\":0,\"publisher\":{\"@id\":\"https:\\\/\\\/www.elecyt.org\\\/blog\\\/#organization\"},\"image\":{\"@id\":\"https:\\\/\\\/www.elecyt.org\\\/blog\\\/2022\\\/10\\\/19\\\/lentretien-motivationnel-et-le-mentorat-en-insertion-professionnelle\\\/#primaryimage\"},\"thumbnailUrl\":\"https:\\\/\\\/www.elecyt.org\\\/blog\\\/wp-content\\\/uploads\\\/2022\\\/10\\\/Post_68_photo_1.png\",\"articleSection\":[\"Insertion professionnelle\",\"Mentorat\",\"Psychologie\"],\"inLanguage\":\"fr-FR\",\"potentialAction\":[{\"@type\":\"CommentAction\",\"name\":\"Comment\",\"target\":[\"https:\\\/\\\/www.elecyt.org\\\/blog\\\/2022\\\/10\\\/19\\\/lentretien-motivationnel-et-le-mentorat-en-insertion-professionnelle\\\/#respond\"]}]},{\"@type\":\"WebPage\",\"@id\":\"https:\\\/\\\/www.elecyt.org\\\/blog\\\/2022\\\/10\\\/19\\\/lentretien-motivationnel-et-le-mentorat-en-insertion-professionnelle\\\/\",\"url\":\"https:\\\/\\\/www.elecyt.org\\\/blog\\\/2022\\\/10\\\/19\\\/lentretien-motivationnel-et-le-mentorat-en-insertion-professionnelle\\\/\",\"name\":\"L\u2019entretien motivationnel et le mentorat en insertion professionnelle - Fa\u00e7ons de parler\",\"isPartOf\":{\"@id\":\"https:\\\/\\\/www.elecyt.org\\\/blog\\\/#website\"},\"primaryImageOfPage\":{\"@id\":\"https:\\\/\\\/www.elecyt.org\\\/blog\\\/2022\\\/10\\\/19\\\/lentretien-motivationnel-et-le-mentorat-en-insertion-professionnelle\\\/#primaryimage\"},\"image\":{\"@id\":\"https:\\\/\\\/www.elecyt.org\\\/blog\\\/2022\\\/10\\\/19\\\/lentretien-motivationnel-et-le-mentorat-en-insertion-professionnelle\\\/#primaryimage\"},\"thumbnailUrl\":\"https:\\\/\\\/www.elecyt.org\\\/blog\\\/wp-content\\\/uploads\\\/2022\\\/10\\\/Post_68_photo_1.png\",\"datePublished\":\"2022-10-19T14:29:18+00:00\",\"dateModified\":\"2025-03-11T15:41:34+00:00\",\"breadcrumb\":{\"@id\":\"https:\\\/\\\/www.elecyt.org\\\/blog\\\/2022\\\/10\\\/19\\\/lentretien-motivationnel-et-le-mentorat-en-insertion-professionnelle\\\/#breadcrumb\"},\"inLanguage\":\"fr-FR\",\"potentialAction\":[{\"@type\":\"ReadAction\",\"target\":[\"https:\\\/\\\/www.elecyt.org\\\/blog\\\/2022\\\/10\\\/19\\\/lentretien-motivationnel-et-le-mentorat-en-insertion-professionnelle\\\/\"]}]},{\"@type\":\"ImageObject\",\"inLanguage\":\"fr-FR\",\"@id\":\"https:\\\/\\\/www.elecyt.org\\\/blog\\\/2022\\\/10\\\/19\\\/lentretien-motivationnel-et-le-mentorat-en-insertion-professionnelle\\\/#primaryimage\",\"url\":\"https:\\\/\\\/www.elecyt.org\\\/blog\\\/wp-content\\\/uploads\\\/2022\\\/10\\\/Post_68_photo_1.png\",\"contentUrl\":\"https:\\\/\\\/www.elecyt.org\\\/blog\\\/wp-content\\\/uploads\\\/2022\\\/10\\\/Post_68_photo_1.png\",\"width\":1437,\"height\":958},{\"@type\":\"BreadcrumbList\",\"@id\":\"https:\\\/\\\/www.elecyt.org\\\/blog\\\/2022\\\/10\\\/19\\\/lentretien-motivationnel-et-le-mentorat-en-insertion-professionnelle\\\/#breadcrumb\",\"itemListElement\":[{\"@type\":\"ListItem\",\"position\":1,\"name\":\"Accueil\",\"item\":\"https:\\\/\\\/www.elecyt.org\\\/blog\\\/\"},{\"@type\":\"ListItem\",\"position\":2,\"name\":\"L\u2019entretien motivationnel et le mentorat en insertion professionnelle\"}]},{\"@type\":\"WebSite\",\"@id\":\"https:\\\/\\\/www.elecyt.org\\\/blog\\\/#website\",\"url\":\"https:\\\/\\\/www.elecyt.org\\\/blog\\\/\",\"name\":\"Fa\u00e7ons de parler\",\"description\":\"La communication par la pratique\",\"publisher\":{\"@id\":\"https:\\\/\\\/www.elecyt.org\\\/blog\\\/#organization\"},\"potentialAction\":[{\"@type\":\"SearchAction\",\"target\":{\"@type\":\"EntryPoint\",\"urlTemplate\":\"https:\\\/\\\/www.elecyt.org\\\/blog\\\/?s={search_term_string}\"},\"query-input\":{\"@type\":\"PropertyValueSpecification\",\"valueRequired\":true,\"valueName\":\"search_term_string\"}}],\"inLanguage\":\"fr-FR\"},{\"@type\":\"Organization\",\"@id\":\"https:\\\/\\\/www.elecyt.org\\\/blog\\\/#organization\",\"name\":\"Fa\u00e7ons de parler\",\"url\":\"https:\\\/\\\/www.elecyt.org\\\/blog\\\/\",\"logo\":{\"@type\":\"ImageObject\",\"inLanguage\":\"fr-FR\",\"@id\":\"https:\\\/\\\/www.elecyt.org\\\/blog\\\/#\\\/schema\\\/logo\\\/image\\\/\",\"url\":\"https:\\\/\\\/www.elecyt.org\\\/blog\\\/wp-content\\\/uploads\\\/2021\\\/10\\\/cropped-Logo-ELECYT-CMJN.jpg\",\"contentUrl\":\"https:\\\/\\\/www.elecyt.org\\\/blog\\\/wp-content\\\/uploads\\\/2021\\\/10\\\/cropped-Logo-ELECYT-CMJN.jpg\",\"width\":966,\"height\":369,\"caption\":\"Fa\u00e7ons de parler\"},\"image\":{\"@id\":\"https:\\\/\\\/www.elecyt.org\\\/blog\\\/#\\\/schema\\\/logo\\\/image\\\/\"}},{\"@type\":\"Person\",\"@id\":\"https:\\\/\\\/www.elecyt.org\\\/blog\\\/#\\\/schema\\\/person\\\/cd7dc81253b2db33748afb7355378e8b\",\"name\":\"Stephane Gantzer\",\"image\":{\"@type\":\"ImageObject\",\"inLanguage\":\"fr-FR\",\"@id\":\"https:\\\/\\\/secure.gravatar.com\\\/avatar\\\/a026a9ac79640a4084e74bf3c5273fdf14b3d26d08f476fcfd36c1d77261b730?s=96&d=mm&r=g\",\"url\":\"https:\\\/\\\/secure.gravatar.com\\\/avatar\\\/a026a9ac79640a4084e74bf3c5273fdf14b3d26d08f476fcfd36c1d77261b730?s=96&d=mm&r=g\",\"contentUrl\":\"https:\\\/\\\/secure.gravatar.com\\\/avatar\\\/a026a9ac79640a4084e74bf3c5273fdf14b3d26d08f476fcfd36c1d77261b730?s=96&d=mm&r=g\",\"caption\":\"Stephane Gantzer\"},\"url\":\"https:\\\/\\\/www.elecyt.org\\\/blog\\\/author\\\/stephane-gantzer\\\/\"}]}<\/script>\n<!-- \/ Yoast SEO plugin. -->","yoast_head_json":{"title":"L\u2019entretien motivationnel et le mentorat en insertion professionnelle - Fa\u00e7ons de parler","robots":{"index":"index","follow":"follow","max-snippet":"max-snippet:-1","max-image-preview":"max-image-preview:large","max-video-preview":"max-video-preview:-1"},"canonical":"https:\/\/www.elecyt.org\/blog\/2022\/10\/19\/lentretien-motivationnel-et-le-mentorat-en-insertion-professionnelle\/","og_locale":"fr_FR","og_type":"article","og_title":"L\u2019entretien motivationnel et le mentorat en insertion professionnelle - Fa\u00e7ons de parler","og_description":"L&rsquo;entretien motivationnel est une approche prometteuse pour accompagner les jeunes \u00e9loign\u00e9s de l\u2019emploi Dans un article pr\u00e9c\u00e9dent, nous avons pr\u00e9sent\u00e9 l&rsquo;entretien motivationnel (EM). Il s&rsquo;agit d&rsquo;un style de communication collaboratif destin\u00e9 \u00e0 aider une personne \u00e0 adopter un nouveau comportement. Dans ce billet, nous nous int\u00e9resserons \u00e0 son utilisation dans le mentorat d&rsquo;insertion professionnelle et [&hellip;]","og_url":"https:\/\/www.elecyt.org\/blog\/2022\/10\/19\/lentretien-motivationnel-et-le-mentorat-en-insertion-professionnelle\/","og_site_name":"Fa\u00e7ons de parler","article_published_time":"2022-10-19T14:29:18+00:00","article_modified_time":"2025-03-11T15:41:34+00:00","og_image":[{"width":1024,"height":683,"url":"https:\/\/www.elecyt.org\/blog\/wp-content\/uploads\/2022\/10\/Post_68_photo_1-1024x683.png","type":"image\/png"}],"author":"Stephane Gantzer","twitter_card":"summary_large_image","twitter_misc":{"\u00c9crit par":"Stephane Gantzer","Dur\u00e9e de lecture estim\u00e9e":"5 minutes"},"schema":{"@context":"https:\/\/schema.org","@graph":[{"@type":"Article","@id":"https:\/\/www.elecyt.org\/blog\/2022\/10\/19\/lentretien-motivationnel-et-le-mentorat-en-insertion-professionnelle\/#article","isPartOf":{"@id":"https:\/\/www.elecyt.org\/blog\/2022\/10\/19\/lentretien-motivationnel-et-le-mentorat-en-insertion-professionnelle\/"},"author":{"name":"Stephane Gantzer","@id":"https:\/\/www.elecyt.org\/blog\/#\/schema\/person\/cd7dc81253b2db33748afb7355378e8b"},"headline":"L\u2019entretien motivationnel et le mentorat en insertion professionnelle","datePublished":"2022-10-19T14:29:18+00:00","dateModified":"2025-03-11T15:41:34+00:00","mainEntityOfPage":{"@id":"https:\/\/www.elecyt.org\/blog\/2022\/10\/19\/lentretien-motivationnel-et-le-mentorat-en-insertion-professionnelle\/"},"wordCount":977,"commentCount":0,"publisher":{"@id":"https:\/\/www.elecyt.org\/blog\/#organization"},"image":{"@id":"https:\/\/www.elecyt.org\/blog\/2022\/10\/19\/lentretien-motivationnel-et-le-mentorat-en-insertion-professionnelle\/#primaryimage"},"thumbnailUrl":"https:\/\/www.elecyt.org\/blog\/wp-content\/uploads\/2022\/10\/Post_68_photo_1.png","articleSection":["Insertion professionnelle","Mentorat","Psychologie"],"inLanguage":"fr-FR","potentialAction":[{"@type":"CommentAction","name":"Comment","target":["https:\/\/www.elecyt.org\/blog\/2022\/10\/19\/lentretien-motivationnel-et-le-mentorat-en-insertion-professionnelle\/#respond"]}]},{"@type":"WebPage","@id":"https:\/\/www.elecyt.org\/blog\/2022\/10\/19\/lentretien-motivationnel-et-le-mentorat-en-insertion-professionnelle\/","url":"https:\/\/www.elecyt.org\/blog\/2022\/10\/19\/lentretien-motivationnel-et-le-mentorat-en-insertion-professionnelle\/","name":"L\u2019entretien motivationnel et le mentorat en insertion professionnelle - Fa\u00e7ons de parler","isPartOf":{"@id":"https:\/\/www.elecyt.org\/blog\/#website"},"primaryImageOfPage":{"@id":"https:\/\/www.elecyt.org\/blog\/2022\/10\/19\/lentretien-motivationnel-et-le-mentorat-en-insertion-professionnelle\/#primaryimage"},"image":{"@id":"https:\/\/www.elecyt.org\/blog\/2022\/10\/19\/lentretien-motivationnel-et-le-mentorat-en-insertion-professionnelle\/#primaryimage"},"thumbnailUrl":"https:\/\/www.elecyt.org\/blog\/wp-content\/uploads\/2022\/10\/Post_68_photo_1.png","datePublished":"2022-10-19T14:29:18+00:00","dateModified":"2025-03-11T15:41:34+00:00","breadcrumb":{"@id":"https:\/\/www.elecyt.org\/blog\/2022\/10\/19\/lentretien-motivationnel-et-le-mentorat-en-insertion-professionnelle\/#breadcrumb"},"inLanguage":"fr-FR","potentialAction":[{"@type":"ReadAction","target":["https:\/\/www.elecyt.org\/blog\/2022\/10\/19\/lentretien-motivationnel-et-le-mentorat-en-insertion-professionnelle\/"]}]},{"@type":"ImageObject","inLanguage":"fr-FR","@id":"https:\/\/www.elecyt.org\/blog\/2022\/10\/19\/lentretien-motivationnel-et-le-mentorat-en-insertion-professionnelle\/#primaryimage","url":"https:\/\/www.elecyt.org\/blog\/wp-content\/uploads\/2022\/10\/Post_68_photo_1.png","contentUrl":"https:\/\/www.elecyt.org\/blog\/wp-content\/uploads\/2022\/10\/Post_68_photo_1.png","width":1437,"height":958},{"@type":"BreadcrumbList","@id":"https:\/\/www.elecyt.org\/blog\/2022\/10\/19\/lentretien-motivationnel-et-le-mentorat-en-insertion-professionnelle\/#breadcrumb","itemListElement":[{"@type":"ListItem","position":1,"name":"Accueil","item":"https:\/\/www.elecyt.org\/blog\/"},{"@type":"ListItem","position":2,"name":"L\u2019entretien motivationnel et le mentorat en insertion professionnelle"}]},{"@type":"WebSite","@id":"https:\/\/www.elecyt.org\/blog\/#website","url":"https:\/\/www.elecyt.org\/blog\/","name":"Fa\u00e7ons de parler","description":"La communication par la pratique","publisher":{"@id":"https:\/\/www.elecyt.org\/blog\/#organization"},"potentialAction":[{"@type":"SearchAction","target":{"@type":"EntryPoint","urlTemplate":"https:\/\/www.elecyt.org\/blog\/?s={search_term_string}"},"query-input":{"@type":"PropertyValueSpecification","valueRequired":true,"valueName":"search_term_string"}}],"inLanguage":"fr-FR"},{"@type":"Organization","@id":"https:\/\/www.elecyt.org\/blog\/#organization","name":"Fa\u00e7ons de parler","url":"https:\/\/www.elecyt.org\/blog\/","logo":{"@type":"ImageObject","inLanguage":"fr-FR","@id":"https:\/\/www.elecyt.org\/blog\/#\/schema\/logo\/image\/","url":"https:\/\/www.elecyt.org\/blog\/wp-content\/uploads\/2021\/10\/cropped-Logo-ELECYT-CMJN.jpg","contentUrl":"https:\/\/www.elecyt.org\/blog\/wp-content\/uploads\/2021\/10\/cropped-Logo-ELECYT-CMJN.jpg","width":966,"height":369,"caption":"Fa\u00e7ons de parler"},"image":{"@id":"https:\/\/www.elecyt.org\/blog\/#\/schema\/logo\/image\/"}},{"@type":"Person","@id":"https:\/\/www.elecyt.org\/blog\/#\/schema\/person\/cd7dc81253b2db33748afb7355378e8b","name":"Stephane Gantzer","image":{"@type":"ImageObject","inLanguage":"fr-FR","@id":"https:\/\/secure.gravatar.com\/avatar\/a026a9ac79640a4084e74bf3c5273fdf14b3d26d08f476fcfd36c1d77261b730?s=96&d=mm&r=g","url":"https:\/\/secure.gravatar.com\/avatar\/a026a9ac79640a4084e74bf3c5273fdf14b3d26d08f476fcfd36c1d77261b730?s=96&d=mm&r=g","contentUrl":"https:\/\/secure.gravatar.com\/avatar\/a026a9ac79640a4084e74bf3c5273fdf14b3d26d08f476fcfd36c1d77261b730?s=96&d=mm&r=g","caption":"Stephane Gantzer"},"url":"https:\/\/www.elecyt.org\/blog\/author\/stephane-gantzer\/"}]}},"_links":{"self":[{"href":"https:\/\/www.elecyt.org\/blog\/wp-json\/wp\/v2\/posts\/532","targetHints":{"allow":["GET"]}}],"collection":[{"href":"https:\/\/www.elecyt.org\/blog\/wp-json\/wp\/v2\/posts"}],"about":[{"href":"https:\/\/www.elecyt.org\/blog\/wp-json\/wp\/v2\/types\/post"}],"author":[{"embeddable":true,"href":"https:\/\/www.elecyt.org\/blog\/wp-json\/wp\/v2\/users\/2"}],"replies":[{"embeddable":true,"href":"https:\/\/www.elecyt.org\/blog\/wp-json\/wp\/v2\/comments?post=532"}],"version-history":[{"count":6,"href":"https:\/\/www.elecyt.org\/blog\/wp-json\/wp\/v2\/posts\/532\/revisions"}],"predecessor-version":[{"id":535,"href":"https:\/\/www.elecyt.org\/blog\/wp-json\/wp\/v2\/posts\/532\/revisions\/535"}],"wp:attachment":[{"href":"https:\/\/www.elecyt.org\/blog\/wp-json\/wp\/v2\/media?parent=532"}],"wp:term":[{"taxonomy":"category","embeddable":true,"href":"https:\/\/www.elecyt.org\/blog\/wp-json\/wp\/v2\/categories?post=532"},{"taxonomy":"post_tag","embeddable":true,"href":"https:\/\/www.elecyt.org\/blog\/wp-json\/wp\/v2\/tags?post=532"}],"curies":[{"name":"wp","href":"https:\/\/api.w.org\/{rel}","templated":true}]}}