{"id":529,"date":"2022-10-17T18:18:25","date_gmt":"2022-10-17T16:18:25","guid":{"rendered":"https:\/\/www.elecyt.org\/blog\/?p=529"},"modified":"2022-10-17T18:19:54","modified_gmt":"2022-10-17T16:19:54","slug":"comment-tenir-le-role-du-maitre-du-temps-sur-zoom","status":"publish","type":"post","link":"https:\/\/www.elecyt.org\/blog\/2022\/10\/17\/comment-tenir-le-role-du-maitre-du-temps-sur-zoom\/","title":{"rendered":"Comment tenir le r\u00f4le du ma\u00eetre du temps sur Zoom?"},"content":{"rendered":"<h5 style=\"text-align: center;\"><strong>Dans une r\u00e9union Toastmasters, la ma\u00eetrise du temps est essentielle pour tous les orateurs. Le chronom\u00e9treur assure cette fonction qui, avec Zoom, n\u00e9cessite quelques adaptations<\/strong><\/h5>\n<p><img loading=\"lazy\" decoding=\"async\" class=\"aligncenter wp-image-229 size-full\" src=\"https:\/\/www.elecyt.org\/blog\/wp-content\/uploads\/2021\/02\/Post_55_photo_1.png\" alt=\"\" width=\"1855\" height=\"746\" srcset=\"https:\/\/www.elecyt.org\/blog\/wp-content\/uploads\/2021\/02\/Post_55_photo_1.png 1855w, https:\/\/www.elecyt.org\/blog\/wp-content\/uploads\/2021\/02\/Post_55_photo_1-400x161.png 400w, https:\/\/www.elecyt.org\/blog\/wp-content\/uploads\/2021\/02\/Post_55_photo_1-1024x412.png 1024w, https:\/\/www.elecyt.org\/blog\/wp-content\/uploads\/2021\/02\/Post_55_photo_1-768x309.png 768w, https:\/\/www.elecyt.org\/blog\/wp-content\/uploads\/2021\/02\/Post_55_photo_1-1536x618.png 1536w, https:\/\/www.elecyt.org\/blog\/wp-content\/uploads\/2021\/02\/Post_55_photo_1-1200x483.png 1200w\" sizes=\"auto, (max-width: 1855px) 100vw, 1855px\" \/><\/p>\n<p class=\"has-drop-cap\">Un orateur efficace doit savoir s&rsquo;exprimer dans un laps de temps d\u00e9termin\u00e9. Pour cela, les membres d&rsquo;un club Toastmasters s&rsquo;appuient sur le chronom\u00e9treur qui rythme leur prise de parole en faisant respecter une dur\u00e9e sp\u00e9cifique. Le chronom\u00e9treur est aussi responsable du respect global de l\u2019horaire indiqu\u00e9 dans l&rsquo;ordre du jour de la r\u00e9union. Comment tenir ce r\u00f4le sur Zoom\u00a0?<\/p>\n<h6>Avant la r\u00e9union<\/h6>\n<p>La dur\u00e9e des discours pr\u00e9par\u00e9s varie d&rsquo;un court expos\u00e9 de deux \u00e0 trois minutes \u00e0 un discours beaucoup plus long pouvant atteindre 20 minutes. Par cons\u00e9quent, il revient au chronom\u00e9treur de valider, avant le d\u00e9but de la r\u00e9union, la dur\u00e9e des discours pr\u00e9sent\u00e9s, par exemple en consultant le programme de la r\u00e9union sur EasySpeak. Il est conseill\u00e9 d\u2019imprimer le programme pour l\u2019avoir sous les yeux en cas de besoin pendant la s\u00e9ance. Ainsi il pourra noter le temps de chacun.<\/p>\n<p>Le chronom\u00e9treur est aussi un orateur qui sera amen\u00e9 \u00e0 pr\u00e9senter son r\u00f4le en s\u00e9ance. C\u2019est pourquoi il est utile de r\u00e9diger une explication des dur\u00e9es avec les formules les plus claires possibles et de se les r\u00e9p\u00e9ter. Cela permettra de rappeler les r\u00e8gles du chronom\u00e9trage et le fonctionnement des signaux de couleur, en particulier \u00e0 l&rsquo;intention des invit\u00e9s.<\/p>\n<p>De m\u00eame, il peut aussi t\u00e9l\u00e9charger la <a href=\"https:\/\/1drv.ms\/w\/s!Ap23OVd6Iw4i7wzdWZT93wmluYBa?e=8IBXAK\" target=\"_blank\" rel=\"noopener\">grille<\/a> des interventions qui l&rsquo;aidera dans son rapport en fin de r\u00e9union.<\/p>\n<p>Pour une r\u00e9union avec Zoom, et si l&rsquo;ordinateur du chronom\u00e9treur le permet, il est utile de <a href=\"https:\/\/1drv.ms\/u\/s!Ap23OVd6Iw4i6hgZyyYzW7z6TfpT?e=sT0pjo\">t\u00e9l\u00e9charger<\/a> les cartons du temps \u00e0 utiliser comme fond d&rsquo;\u00e9cran sur Zoom. A d\u00e9faut, il faudra utiliser des cartons r\u00e9els de couleur vert, jaune et rouge.<\/p>\n<h6>Juste avant le d\u00e9but de la r\u00e9union<\/h6>\n<ul>\n<li>Se connecter au moins un quart d&rsquo;heure avant la r\u00e9union pour effectuer les r\u00e9glages.<\/li>\n<li>(Si l\u2019ordinateur le permet) Charger les cartons du temps dans Zoom. Pour cela, sur l&rsquo;\u00e9cran Zoom, encha\u00eener les op\u00e9rations suivantes : Bouton \u201cArr\u00eater la video\u201d (en bas \u00e0 gauche, la petite fl\u00e8che) &gt;Choisir un fond virtuel\u2026&gt;+&gt; aller chercher les cartons vert, jaune et rouge t\u00e9l\u00e9charg\u00e9s avant la r\u00e9union<\/li>\n<li>Demander au Zoom master d\u2019attribuer les droits de co-animation. De ce fait, le gardien du temps pourra mettre sa vignette en visibilit\u00e9 pour tout le monde, y compris, et surtout, pour l&rsquo;orateur. En effet, il est souvent difficile de rep\u00e9rer le chronom\u00e9treur, surtout s\u2019il y a le nombre de participants fait d\u00e9border leurs vignettes sur plusieurs \u00e9crans<\/li>\n<li>Tester le passage des fonds d&rsquo;\u00e9cran de couleur: Bouton \u201cArr\u00eater la video\u201d&gt;Choisir un fond virtuel\u2026&gt; vert\/jaune\/rouge<\/li>\n<li>Tester la mise en vedette de la vid\u00e9o\u00a0: (en mode d\u2019affichage Galerie) balayer sa propre vignette\u2026Menu 3 points\u2026Mettre en vedette. Pour sortir de ce mode, clqiuer sur annuler la video en vedette en haut \u00e0 gauche<\/li>\n<\/ul>\n<h6>Pendant la r\u00e9union<\/h6>\n<ul>\n<li>\u00c9couter attentivement chaque orateur et envoyer les couleurs de mani\u00e8re appropri\u00e9e. Quand le temps minimum est atteint, passer l&rsquo;arri\u00e8re-plan en vert: Arr\u00eater la video&gt;Choisir un fond virtuel\u2026&gt; vert. Cliquer sur sa vignette (3 points horizontaux)\u2026Mettre la video en vedette quelques secondes seulement, puis l&rsquo;enlever pour ne pas g\u00eaner l&rsquo;orateur.<\/li>\n<li>Renouveler l&rsquo;op\u00e9ration pour la couleur jaune (temps m\u00e9dian) et rouge (temps maximum)<\/li>\n<li>Si le gardien du temps ne peut pas utiliser les fonds d\u2019\u00e9cran, utiliser des cartons physiques et penser \u00e0 les GARDER lev\u00e9s jusqu\u2019au passage de la couleur suivante. Sinon l\u2019orateur risque de ne pas les voir.<\/li>\n<li>Noter le nom de chaque participant et la dur\u00e9e exacte du discours, y compris pour les improvisateurs.<\/li>\n<li>Lorsque l\u2019\u00e9valuateur g\u00e9n\u00e9ral demande de faire le rapport du temps, expliquer le r\u00f4le de chronom\u00e9treur et annoncer le nom de l&rsquo;orateur et la dur\u00e9e de son discours.<\/li>\n<\/ul>\n<h6>Pour aller plus loin<\/h6>\n<p>Vous trouverez <a href=\"https:\/\/www.youtube.com\/watch?v=5kIQ_z7werY\">ici<\/a> une excellente vid\u00e9o de Patrice qui d\u00e9crit le fonctionnement des couleurs sur Zoom.<\/p>\n<p>En conclusion, le chronom\u00e9treur contribue \u00e0 rythmer les r\u00e9unions et \u00e0 les rendre plus int\u00e9ressantes. Venez donc juger sur pi\u00e8ce ne nous rendant <a href=\"https:\/\/club-scintille.org\/\">visite<\/a> lors d\u2019une de nos prochaines s\u00e9ances.<\/p>\n","protected":false},"excerpt":{"rendered":"<p>Dans une r\u00e9union Toastmasters, la ma\u00eetrise du temps est essentielle pour tous les orateurs. Le chronom\u00e9treur assure cette fonction qui, avec Zoom, n\u00e9cessite quelques adaptations Un orateur efficace doit savoir s&rsquo;exprimer dans un laps de temps d\u00e9termin\u00e9. Pour cela, les membres d&rsquo;un club Toastmasters s&rsquo;appuient sur le chronom\u00e9treur qui rythme leur prise de parole en [&hellip;]<\/p>\n","protected":false},"author":2,"featured_media":0,"comment_status":"open","ping_status":"open","sticky":false,"template":"","format":"standard","meta":{"_monsterinsights_skip_tracking":false,"_monsterinsights_sitenote_active":false,"_monsterinsights_sitenote_note":"","_monsterinsights_sitenote_category":0,"footnotes":""},"categories":[8,2],"tags":[],"class_list":["post-529","post","type-post","status-publish","format-standard","hentry","category-communication","category-toastmasters"],"yoast_head":"<!-- This site is optimized with the Yoast SEO plugin v27.4 - https:\/\/yoast.com\/product\/yoast-seo-wordpress\/ -->\n<title>Comment tenir le r\u00f4le du ma\u00eetre du temps sur Zoom? - Fa\u00e7ons de parler<\/title>\n<meta name=\"robots\" content=\"index, follow, max-snippet:-1, max-image-preview:large, max-video-preview:-1\" \/>\n<link rel=\"canonical\" href=\"https:\/\/www.elecyt.org\/blog\/2022\/10\/17\/comment-tenir-le-role-du-maitre-du-temps-sur-zoom\/\" \/>\n<meta property=\"og:locale\" content=\"fr_FR\" \/>\n<meta property=\"og:type\" content=\"article\" \/>\n<meta property=\"og:title\" content=\"Comment tenir le r\u00f4le du ma\u00eetre du temps sur Zoom? - Fa\u00e7ons de parler\" \/>\n<meta property=\"og:description\" content=\"Dans une r\u00e9union Toastmasters, la ma\u00eetrise du temps est essentielle pour tous les orateurs. Le chronom\u00e9treur assure cette fonction qui, avec Zoom, n\u00e9cessite quelques adaptations Un orateur efficace doit savoir s&rsquo;exprimer dans un laps de temps d\u00e9termin\u00e9. Pour cela, les membres d&rsquo;un club Toastmasters s&rsquo;appuient sur le chronom\u00e9treur qui rythme leur prise de parole en [&hellip;]\" \/>\n<meta property=\"og:url\" content=\"https:\/\/www.elecyt.org\/blog\/2022\/10\/17\/comment-tenir-le-role-du-maitre-du-temps-sur-zoom\/\" \/>\n<meta property=\"og:site_name\" content=\"Fa\u00e7ons de parler\" \/>\n<meta property=\"article:published_time\" content=\"2022-10-17T16:18:25+00:00\" \/>\n<meta property=\"article:modified_time\" content=\"2022-10-17T16:19:54+00:00\" \/>\n<meta property=\"og:image\" content=\"https:\/\/www.elecyt.org\/blog\/wp-content\/uploads\/2021\/02\/Post_55_photo_1.png\" \/>\n<meta name=\"author\" content=\"Stephane Gantzer\" \/>\n<meta name=\"twitter:card\" content=\"summary_large_image\" \/>\n<meta name=\"twitter:label1\" content=\"\u00c9crit par\" \/>\n\t<meta name=\"twitter:data1\" content=\"Stephane Gantzer\" \/>\n\t<meta name=\"twitter:label2\" content=\"Dur\u00e9e de lecture estim\u00e9e\" \/>\n\t<meta name=\"twitter:data2\" content=\"4 minutes\" \/>\n<script type=\"application\/ld+json\" class=\"yoast-schema-graph\">{\"@context\":\"https:\\\/\\\/schema.org\",\"@graph\":[{\"@type\":\"Article\",\"@id\":\"https:\\\/\\\/www.elecyt.org\\\/blog\\\/2022\\\/10\\\/17\\\/comment-tenir-le-role-du-maitre-du-temps-sur-zoom\\\/#article\",\"isPartOf\":{\"@id\":\"https:\\\/\\\/www.elecyt.org\\\/blog\\\/2022\\\/10\\\/17\\\/comment-tenir-le-role-du-maitre-du-temps-sur-zoom\\\/\"},\"author\":{\"name\":\"Stephane Gantzer\",\"@id\":\"https:\\\/\\\/www.elecyt.org\\\/blog\\\/#\\\/schema\\\/person\\\/cd7dc81253b2db33748afb7355378e8b\"},\"headline\":\"Comment tenir le r\u00f4le du ma\u00eetre du temps sur Zoom?\",\"datePublished\":\"2022-10-17T16:18:25+00:00\",\"dateModified\":\"2022-10-17T16:19:54+00:00\",\"mainEntityOfPage\":{\"@id\":\"https:\\\/\\\/www.elecyt.org\\\/blog\\\/2022\\\/10\\\/17\\\/comment-tenir-le-role-du-maitre-du-temps-sur-zoom\\\/\"},\"wordCount\":771,\"commentCount\":0,\"publisher\":{\"@id\":\"https:\\\/\\\/www.elecyt.org\\\/blog\\\/#organization\"},\"image\":{\"@id\":\"https:\\\/\\\/www.elecyt.org\\\/blog\\\/2022\\\/10\\\/17\\\/comment-tenir-le-role-du-maitre-du-temps-sur-zoom\\\/#primaryimage\"},\"thumbnailUrl\":\"https:\\\/\\\/www.elecyt.org\\\/blog\\\/wp-content\\\/uploads\\\/2021\\\/02\\\/Post_55_photo_1.png\",\"articleSection\":[\"Communication\",\"Toastmasters\"],\"inLanguage\":\"fr-FR\",\"potentialAction\":[{\"@type\":\"CommentAction\",\"name\":\"Comment\",\"target\":[\"https:\\\/\\\/www.elecyt.org\\\/blog\\\/2022\\\/10\\\/17\\\/comment-tenir-le-role-du-maitre-du-temps-sur-zoom\\\/#respond\"]}]},{\"@type\":\"WebPage\",\"@id\":\"https:\\\/\\\/www.elecyt.org\\\/blog\\\/2022\\\/10\\\/17\\\/comment-tenir-le-role-du-maitre-du-temps-sur-zoom\\\/\",\"url\":\"https:\\\/\\\/www.elecyt.org\\\/blog\\\/2022\\\/10\\\/17\\\/comment-tenir-le-role-du-maitre-du-temps-sur-zoom\\\/\",\"name\":\"Comment tenir le r\u00f4le du ma\u00eetre du temps sur Zoom? - Fa\u00e7ons de parler\",\"isPartOf\":{\"@id\":\"https:\\\/\\\/www.elecyt.org\\\/blog\\\/#website\"},\"primaryImageOfPage\":{\"@id\":\"https:\\\/\\\/www.elecyt.org\\\/blog\\\/2022\\\/10\\\/17\\\/comment-tenir-le-role-du-maitre-du-temps-sur-zoom\\\/#primaryimage\"},\"image\":{\"@id\":\"https:\\\/\\\/www.elecyt.org\\\/blog\\\/2022\\\/10\\\/17\\\/comment-tenir-le-role-du-maitre-du-temps-sur-zoom\\\/#primaryimage\"},\"thumbnailUrl\":\"https:\\\/\\\/www.elecyt.org\\\/blog\\\/wp-content\\\/uploads\\\/2021\\\/02\\\/Post_55_photo_1.png\",\"datePublished\":\"2022-10-17T16:18:25+00:00\",\"dateModified\":\"2022-10-17T16:19:54+00:00\",\"breadcrumb\":{\"@id\":\"https:\\\/\\\/www.elecyt.org\\\/blog\\\/2022\\\/10\\\/17\\\/comment-tenir-le-role-du-maitre-du-temps-sur-zoom\\\/#breadcrumb\"},\"inLanguage\":\"fr-FR\",\"potentialAction\":[{\"@type\":\"ReadAction\",\"target\":[\"https:\\\/\\\/www.elecyt.org\\\/blog\\\/2022\\\/10\\\/17\\\/comment-tenir-le-role-du-maitre-du-temps-sur-zoom\\\/\"]}]},{\"@type\":\"ImageObject\",\"inLanguage\":\"fr-FR\",\"@id\":\"https:\\\/\\\/www.elecyt.org\\\/blog\\\/2022\\\/10\\\/17\\\/comment-tenir-le-role-du-maitre-du-temps-sur-zoom\\\/#primaryimage\",\"url\":\"https:\\\/\\\/www.elecyt.org\\\/blog\\\/wp-content\\\/uploads\\\/2021\\\/02\\\/Post_55_photo_1.png\",\"contentUrl\":\"https:\\\/\\\/www.elecyt.org\\\/blog\\\/wp-content\\\/uploads\\\/2021\\\/02\\\/Post_55_photo_1.png\",\"width\":1855,\"height\":746},{\"@type\":\"BreadcrumbList\",\"@id\":\"https:\\\/\\\/www.elecyt.org\\\/blog\\\/2022\\\/10\\\/17\\\/comment-tenir-le-role-du-maitre-du-temps-sur-zoom\\\/#breadcrumb\",\"itemListElement\":[{\"@type\":\"ListItem\",\"position\":1,\"name\":\"Accueil\",\"item\":\"https:\\\/\\\/www.elecyt.org\\\/blog\\\/\"},{\"@type\":\"ListItem\",\"position\":2,\"name\":\"Comment tenir le r\u00f4le du ma\u00eetre du temps sur Zoom?\"}]},{\"@type\":\"WebSite\",\"@id\":\"https:\\\/\\\/www.elecyt.org\\\/blog\\\/#website\",\"url\":\"https:\\\/\\\/www.elecyt.org\\\/blog\\\/\",\"name\":\"Fa\u00e7ons de parler\",\"description\":\"La communication par la pratique\",\"publisher\":{\"@id\":\"https:\\\/\\\/www.elecyt.org\\\/blog\\\/#organization\"},\"potentialAction\":[{\"@type\":\"SearchAction\",\"target\":{\"@type\":\"EntryPoint\",\"urlTemplate\":\"https:\\\/\\\/www.elecyt.org\\\/blog\\\/?s={search_term_string}\"},\"query-input\":{\"@type\":\"PropertyValueSpecification\",\"valueRequired\":true,\"valueName\":\"search_term_string\"}}],\"inLanguage\":\"fr-FR\"},{\"@type\":\"Organization\",\"@id\":\"https:\\\/\\\/www.elecyt.org\\\/blog\\\/#organization\",\"name\":\"Fa\u00e7ons de parler\",\"url\":\"https:\\\/\\\/www.elecyt.org\\\/blog\\\/\",\"logo\":{\"@type\":\"ImageObject\",\"inLanguage\":\"fr-FR\",\"@id\":\"https:\\\/\\\/www.elecyt.org\\\/blog\\\/#\\\/schema\\\/logo\\\/image\\\/\",\"url\":\"https:\\\/\\\/www.elecyt.org\\\/blog\\\/wp-content\\\/uploads\\\/2021\\\/10\\\/cropped-Logo-ELECYT-CMJN.jpg\",\"contentUrl\":\"https:\\\/\\\/www.elecyt.org\\\/blog\\\/wp-content\\\/uploads\\\/2021\\\/10\\\/cropped-Logo-ELECYT-CMJN.jpg\",\"width\":966,\"height\":369,\"caption\":\"Fa\u00e7ons de parler\"},\"image\":{\"@id\":\"https:\\\/\\\/www.elecyt.org\\\/blog\\\/#\\\/schema\\\/logo\\\/image\\\/\"}},{\"@type\":\"Person\",\"@id\":\"https:\\\/\\\/www.elecyt.org\\\/blog\\\/#\\\/schema\\\/person\\\/cd7dc81253b2db33748afb7355378e8b\",\"name\":\"Stephane Gantzer\",\"image\":{\"@type\":\"ImageObject\",\"inLanguage\":\"fr-FR\",\"@id\":\"https:\\\/\\\/secure.gravatar.com\\\/avatar\\\/a026a9ac79640a4084e74bf3c5273fdf14b3d26d08f476fcfd36c1d77261b730?s=96&d=mm&r=g\",\"url\":\"https:\\\/\\\/secure.gravatar.com\\\/avatar\\\/a026a9ac79640a4084e74bf3c5273fdf14b3d26d08f476fcfd36c1d77261b730?s=96&d=mm&r=g\",\"contentUrl\":\"https:\\\/\\\/secure.gravatar.com\\\/avatar\\\/a026a9ac79640a4084e74bf3c5273fdf14b3d26d08f476fcfd36c1d77261b730?s=96&d=mm&r=g\",\"caption\":\"Stephane Gantzer\"},\"url\":\"https:\\\/\\\/www.elecyt.org\\\/blog\\\/author\\\/stephane-gantzer\\\/\"}]}<\/script>\n<!-- \/ Yoast SEO plugin. -->","yoast_head_json":{"title":"Comment tenir le r\u00f4le du ma\u00eetre du temps sur Zoom? - Fa\u00e7ons de parler","robots":{"index":"index","follow":"follow","max-snippet":"max-snippet:-1","max-image-preview":"max-image-preview:large","max-video-preview":"max-video-preview:-1"},"canonical":"https:\/\/www.elecyt.org\/blog\/2022\/10\/17\/comment-tenir-le-role-du-maitre-du-temps-sur-zoom\/","og_locale":"fr_FR","og_type":"article","og_title":"Comment tenir le r\u00f4le du ma\u00eetre du temps sur Zoom? - Fa\u00e7ons de parler","og_description":"Dans une r\u00e9union Toastmasters, la ma\u00eetrise du temps est essentielle pour tous les orateurs. Le chronom\u00e9treur assure cette fonction qui, avec Zoom, n\u00e9cessite quelques adaptations Un orateur efficace doit savoir s&rsquo;exprimer dans un laps de temps d\u00e9termin\u00e9. Pour cela, les membres d&rsquo;un club Toastmasters s&rsquo;appuient sur le chronom\u00e9treur qui rythme leur prise de parole en [&hellip;]","og_url":"https:\/\/www.elecyt.org\/blog\/2022\/10\/17\/comment-tenir-le-role-du-maitre-du-temps-sur-zoom\/","og_site_name":"Fa\u00e7ons de parler","article_published_time":"2022-10-17T16:18:25+00:00","article_modified_time":"2022-10-17T16:19:54+00:00","og_image":[{"url":"https:\/\/www.elecyt.org\/blog\/wp-content\/uploads\/2021\/02\/Post_55_photo_1.png","type":"","width":"","height":""}],"author":"Stephane Gantzer","twitter_card":"summary_large_image","twitter_misc":{"\u00c9crit par":"Stephane Gantzer","Dur\u00e9e de lecture estim\u00e9e":"4 minutes"},"schema":{"@context":"https:\/\/schema.org","@graph":[{"@type":"Article","@id":"https:\/\/www.elecyt.org\/blog\/2022\/10\/17\/comment-tenir-le-role-du-maitre-du-temps-sur-zoom\/#article","isPartOf":{"@id":"https:\/\/www.elecyt.org\/blog\/2022\/10\/17\/comment-tenir-le-role-du-maitre-du-temps-sur-zoom\/"},"author":{"name":"Stephane Gantzer","@id":"https:\/\/www.elecyt.org\/blog\/#\/schema\/person\/cd7dc81253b2db33748afb7355378e8b"},"headline":"Comment tenir le r\u00f4le du ma\u00eetre du temps sur Zoom?","datePublished":"2022-10-17T16:18:25+00:00","dateModified":"2022-10-17T16:19:54+00:00","mainEntityOfPage":{"@id":"https:\/\/www.elecyt.org\/blog\/2022\/10\/17\/comment-tenir-le-role-du-maitre-du-temps-sur-zoom\/"},"wordCount":771,"commentCount":0,"publisher":{"@id":"https:\/\/www.elecyt.org\/blog\/#organization"},"image":{"@id":"https:\/\/www.elecyt.org\/blog\/2022\/10\/17\/comment-tenir-le-role-du-maitre-du-temps-sur-zoom\/#primaryimage"},"thumbnailUrl":"https:\/\/www.elecyt.org\/blog\/wp-content\/uploads\/2021\/02\/Post_55_photo_1.png","articleSection":["Communication","Toastmasters"],"inLanguage":"fr-FR","potentialAction":[{"@type":"CommentAction","name":"Comment","target":["https:\/\/www.elecyt.org\/blog\/2022\/10\/17\/comment-tenir-le-role-du-maitre-du-temps-sur-zoom\/#respond"]}]},{"@type":"WebPage","@id":"https:\/\/www.elecyt.org\/blog\/2022\/10\/17\/comment-tenir-le-role-du-maitre-du-temps-sur-zoom\/","url":"https:\/\/www.elecyt.org\/blog\/2022\/10\/17\/comment-tenir-le-role-du-maitre-du-temps-sur-zoom\/","name":"Comment tenir le r\u00f4le du ma\u00eetre du temps sur Zoom? - Fa\u00e7ons de parler","isPartOf":{"@id":"https:\/\/www.elecyt.org\/blog\/#website"},"primaryImageOfPage":{"@id":"https:\/\/www.elecyt.org\/blog\/2022\/10\/17\/comment-tenir-le-role-du-maitre-du-temps-sur-zoom\/#primaryimage"},"image":{"@id":"https:\/\/www.elecyt.org\/blog\/2022\/10\/17\/comment-tenir-le-role-du-maitre-du-temps-sur-zoom\/#primaryimage"},"thumbnailUrl":"https:\/\/www.elecyt.org\/blog\/wp-content\/uploads\/2021\/02\/Post_55_photo_1.png","datePublished":"2022-10-17T16:18:25+00:00","dateModified":"2022-10-17T16:19:54+00:00","breadcrumb":{"@id":"https:\/\/www.elecyt.org\/blog\/2022\/10\/17\/comment-tenir-le-role-du-maitre-du-temps-sur-zoom\/#breadcrumb"},"inLanguage":"fr-FR","potentialAction":[{"@type":"ReadAction","target":["https:\/\/www.elecyt.org\/blog\/2022\/10\/17\/comment-tenir-le-role-du-maitre-du-temps-sur-zoom\/"]}]},{"@type":"ImageObject","inLanguage":"fr-FR","@id":"https:\/\/www.elecyt.org\/blog\/2022\/10\/17\/comment-tenir-le-role-du-maitre-du-temps-sur-zoom\/#primaryimage","url":"https:\/\/www.elecyt.org\/blog\/wp-content\/uploads\/2021\/02\/Post_55_photo_1.png","contentUrl":"https:\/\/www.elecyt.org\/blog\/wp-content\/uploads\/2021\/02\/Post_55_photo_1.png","width":1855,"height":746},{"@type":"BreadcrumbList","@id":"https:\/\/www.elecyt.org\/blog\/2022\/10\/17\/comment-tenir-le-role-du-maitre-du-temps-sur-zoom\/#breadcrumb","itemListElement":[{"@type":"ListItem","position":1,"name":"Accueil","item":"https:\/\/www.elecyt.org\/blog\/"},{"@type":"ListItem","position":2,"name":"Comment tenir le r\u00f4le du ma\u00eetre du temps sur Zoom?"}]},{"@type":"WebSite","@id":"https:\/\/www.elecyt.org\/blog\/#website","url":"https:\/\/www.elecyt.org\/blog\/","name":"Fa\u00e7ons de parler","description":"La communication par la pratique","publisher":{"@id":"https:\/\/www.elecyt.org\/blog\/#organization"},"potentialAction":[{"@type":"SearchAction","target":{"@type":"EntryPoint","urlTemplate":"https:\/\/www.elecyt.org\/blog\/?s={search_term_string}"},"query-input":{"@type":"PropertyValueSpecification","valueRequired":true,"valueName":"search_term_string"}}],"inLanguage":"fr-FR"},{"@type":"Organization","@id":"https:\/\/www.elecyt.org\/blog\/#organization","name":"Fa\u00e7ons de parler","url":"https:\/\/www.elecyt.org\/blog\/","logo":{"@type":"ImageObject","inLanguage":"fr-FR","@id":"https:\/\/www.elecyt.org\/blog\/#\/schema\/logo\/image\/","url":"https:\/\/www.elecyt.org\/blog\/wp-content\/uploads\/2021\/10\/cropped-Logo-ELECYT-CMJN.jpg","contentUrl":"https:\/\/www.elecyt.org\/blog\/wp-content\/uploads\/2021\/10\/cropped-Logo-ELECYT-CMJN.jpg","width":966,"height":369,"caption":"Fa\u00e7ons de parler"},"image":{"@id":"https:\/\/www.elecyt.org\/blog\/#\/schema\/logo\/image\/"}},{"@type":"Person","@id":"https:\/\/www.elecyt.org\/blog\/#\/schema\/person\/cd7dc81253b2db33748afb7355378e8b","name":"Stephane Gantzer","image":{"@type":"ImageObject","inLanguage":"fr-FR","@id":"https:\/\/secure.gravatar.com\/avatar\/a026a9ac79640a4084e74bf3c5273fdf14b3d26d08f476fcfd36c1d77261b730?s=96&d=mm&r=g","url":"https:\/\/secure.gravatar.com\/avatar\/a026a9ac79640a4084e74bf3c5273fdf14b3d26d08f476fcfd36c1d77261b730?s=96&d=mm&r=g","contentUrl":"https:\/\/secure.gravatar.com\/avatar\/a026a9ac79640a4084e74bf3c5273fdf14b3d26d08f476fcfd36c1d77261b730?s=96&d=mm&r=g","caption":"Stephane Gantzer"},"url":"https:\/\/www.elecyt.org\/blog\/author\/stephane-gantzer\/"}]}},"_links":{"self":[{"href":"https:\/\/www.elecyt.org\/blog\/wp-json\/wp\/v2\/posts\/529","targetHints":{"allow":["GET"]}}],"collection":[{"href":"https:\/\/www.elecyt.org\/blog\/wp-json\/wp\/v2\/posts"}],"about":[{"href":"https:\/\/www.elecyt.org\/blog\/wp-json\/wp\/v2\/types\/post"}],"author":[{"embeddable":true,"href":"https:\/\/www.elecyt.org\/blog\/wp-json\/wp\/v2\/users\/2"}],"replies":[{"embeddable":true,"href":"https:\/\/www.elecyt.org\/blog\/wp-json\/wp\/v2\/comments?post=529"}],"version-history":[{"count":2,"href":"https:\/\/www.elecyt.org\/blog\/wp-json\/wp\/v2\/posts\/529\/revisions"}],"predecessor-version":[{"id":531,"href":"https:\/\/www.elecyt.org\/blog\/wp-json\/wp\/v2\/posts\/529\/revisions\/531"}],"wp:attachment":[{"href":"https:\/\/www.elecyt.org\/blog\/wp-json\/wp\/v2\/media?parent=529"}],"wp:term":[{"taxonomy":"category","embeddable":true,"href":"https:\/\/www.elecyt.org\/blog\/wp-json\/wp\/v2\/categories?post=529"},{"taxonomy":"post_tag","embeddable":true,"href":"https:\/\/www.elecyt.org\/blog\/wp-json\/wp\/v2\/tags?post=529"}],"curies":[{"name":"wp","href":"https:\/\/api.w.org\/{rel}","templated":true}]}}