{"id":485,"date":"2022-08-17T19:12:52","date_gmt":"2022-08-17T17:12:52","guid":{"rendered":"https:\/\/www.elecyt.org\/blog\/?p=485"},"modified":"2022-08-17T19:20:56","modified_gmt":"2022-08-17T17:20:56","slug":"un-chercheur-peut-il-conquerir-son-public-en-moins-de-3-minutes","status":"publish","type":"post","link":"https:\/\/www.elecyt.org\/blog\/2022\/08\/17\/un-chercheur-peut-il-conquerir-son-public-en-moins-de-3-minutes\/","title":{"rendered":"Un chercheur peut-il conqu\u00e9rir son public en moins de 3 minutes ?"},"content":{"rendered":"<h5 style=\"text-align: center;\"><strong>La gagnante de \u201cMa th\u00e8se en 180 secondes\u201d nous montre comment<\/strong><\/h5>\n<p><img loading=\"lazy\" decoding=\"async\" class=\"aligncenter wp-image-486 size-full\" src=\"https:\/\/www.elecyt.org\/blog\/wp-content\/uploads\/2022\/08\/Post_80_photo_1.png\" alt=\"\" width=\"371\" height=\"273\" \/><\/p>\n<p class=\"has-drop-cap\">Traitement du syndrome d&rsquo;apn\u00e9e obstructive du sommeil par pression positive continue : \u00e9tude des donn\u00e9es de t\u00e9l\u00e9surveillance pour comprendre l&rsquo;impact des modifications du traitement et pr\u00e9dire les \u00e9v\u00e8nements aigus. Voil\u00e0 un sujet de discours qui n\u2019int\u00e9resse qu\u2019une poign\u00e9e d\u2019experts, n\u2019est-ce-pas ?<\/p>\n<p>Pourtant, avec un tel sujet, Alphanie Midelet vient de remporter la finale fran\u00e7aise du concours \u00ab\u00a0Ma th\u00e8se en 180 secondes\u00a0\u00bb. Ce concours permet aux doctorants de pr\u00e9senter leur sujet de recherche \u00e0 un auditoire profane. Chaque \u00e9tudiant ou \u00e9tudiante doit faire, en trois minutes, un expos\u00e9 clair, concis et convaincant sur son projet de recherche.<\/p>\n<p><iframe loading=\"lazy\" title=\"YouTube video player\" src=\"https:\/\/www.youtube.com\/embed\/GaLPIFaGdDA\" width=\"560\" height=\"315\" frameborder=\"0\" allowfullscreen=\"allowfullscreen\"><\/iframe><\/p>\n<p>Dans ce billet, nous allons <a href=\"https:\/\/www.elecyt.org\/blog\/2020\/10\/05\/comment-evaluer-la-qualite-dun-discours\/\" target=\"_blank\" rel=\"noopener\">\u00e9valuer son discours selon la m\u00e9thode Toastmasters<\/a> et comprendre comment rendre accessible un sujet compliqu\u00e9. Comme Alphanie va d\u00e9fendre les couleurs de la France pour la finale internationale \u00e0 Montr\u00e9al dans quelques mois, peut-\u00eatre pourrons-nous lui donner quelques conseils pour s&rsquo;am\u00e9liorer et remporter la palme d&rsquo;or.<\/p>\n<h6><strong>guider l&rsquo;auditeur pas \u00e0 pas<\/strong><\/h6>\n<p>Le premier d\u00e9fi que rel\u00e8ve Alphanie Midelet est d\u2019\u00e9viter de perdre son auditeur sur le chemin d\u2019une explication compliqu\u00e9e. Pour cela, elle adopte une structure simple et efficace\u00a0: un probl\u00e8me \u00e0 r\u00e9soudre (comment bien r\u00e9gler l\u2019appareil d\u2019apn\u00e9e du sommeil), une solution (les algorithmes d\u00e9velopp\u00e9s par la chercheuse) et les b\u00e9n\u00e9fices (\u00e9viter les crises cardiaques).<\/p>\n<p>Une structure simple prend par la main le public pas \u00e0 pas. En plus, la jeune femme prend soin de disposer des poteaux indicateurs en chemin pour rappeler la structure.<\/p>\n<p>Enfin, sa conclusion, en 5 secondes, r\u00e9sume le message.<\/p>\n<h6><strong>captiver l\u2019attention du public et la soutenir<\/strong><\/h6>\n<p>La chercheuse rend son discours captivant gr\u00e2ce \u00e0 une combinaison id\u00e9ale de stylistique, de vari\u00e9t\u00e9 vocale et de gestuelle.<\/p>\n<p>Sur le plan du style, elle file, tout au long de son propos, la m\u00e9taphore m\u00e9t\u00e9orologique qui est bien appropri\u00e9e au sujet de la respiration. Quelques chiffres sur la maladie du sommeil \u00e7a et l\u00e0 rendent sa parole plus convaincante.<\/p>\n<p>Elle utilise \u00e0 merveille la prosodie des mots\u00a0: par exemple \u201cdormir en respirant, c\u2019est important\u201d en les scandant comme dans une ritournelle. Elle manie la vari\u00e9t\u00e9 vocale, comme quand elle imite l\u2019enfant.<\/p>\n<p>Enfin, elle se sert de ses mains \u00e0 plusieurs occasions, pour \u00e9voquer l&rsquo;apn\u00e9e du sommeil et les voies a\u00e9riennes qui se bouchent et pour \u00e9voquer les diff\u00e9rentes cat\u00e9gories de patients. Cela lui permet d\u2019enrichir son discours en l\u2019accompagnant sur le plan non verbal.<\/p>\n<h6><strong>quelques maladresses ais\u00e9ment rectifiables<\/strong><\/h6>\n<p>Si la conclusion r\u00e9sume bien l\u2019ensemble du discours, elle m\u00e9riterait cependant d\u2019\u00eatre un peu moins scolaire et d\u2019ouvrir des perspectives. Pourquoi pas une citation qui reprendrait la m\u00e9taphore m\u00e9t\u00e9orologique\u00a0?<\/p>\n<p>Son d\u00e9bit de parole est parfois trop rapide. Cela nuit \u00e0 la compr\u00e9hension, comme par exemple le passage sur le c\u0153ur et son lien avec la respiration. Sans doute press\u00e9e par le temps, Alphanie a cherch\u00e9 \u00e0 placer plus de mots. Au contraire, elle pourrait essayer d\u2019en \u00e9liminer quelques-uns pour garder un d\u00e9bit suffisamment lent pour une bonne compr\u00e9hension.<\/p>\n<p>Enfin, ses mains en feuilles de vigne du d\u00e9but et de la fin ne sont pas des plus seyantes. Il serait pr\u00e9f\u00e9rable de laisser les bras tomber naturellement le long du corps<\/p>\n<h6><strong>pour aller plus loin<\/strong><\/h6>\n<p>Finalement, Alphanie d\u00e9montre qu\u2019un discours n&rsquo;a pas besoin d&rsquo;\u00eatre long pour \u00eatre clair et que m\u00eame la science la plus compliqu\u00e9e peut \u00eatre captivante. Nous lui souhaitons bonne chance pour la suite de la comp\u00e9tition.<\/p>\n<p>En attendant, si vous aussi vous r\u00eavez de raconter votre histoire en s\u00e9duisant ceux qui vous \u00e9coutent, venez assister \u00e0 l\u2019une de nos r\u00e9unions. Pour s\u2019inscrire, c\u2019est <a href=\"https:\/\/club-etincelle.org\/ou-nous-trouver\/\" target=\"_blank\" rel=\"noopener\">ici<\/a>.<\/p>\n","protected":false},"excerpt":{"rendered":"<p>La gagnante de \u201cMa th\u00e8se en 180 secondes\u201d nous montre comment Traitement du syndrome d&rsquo;apn\u00e9e obstructive du sommeil par pression positive continue : \u00e9tude des donn\u00e9es de t\u00e9l\u00e9surveillance pour comprendre l&rsquo;impact des modifications du traitement et pr\u00e9dire les \u00e9v\u00e8nements aigus. Voil\u00e0 un sujet de discours qui n\u2019int\u00e9resse qu\u2019une poign\u00e9e d\u2019experts, n\u2019est-ce-pas ? Pourtant, avec un [&hellip;]<\/p>\n","protected":false},"author":2,"featured_media":0,"comment_status":"open","ping_status":"open","sticky":false,"template":"","format":"standard","meta":{"_monsterinsights_skip_tracking":false,"_monsterinsights_sitenote_active":false,"_monsterinsights_sitenote_note":"","_monsterinsights_sitenote_category":0,"footnotes":""},"categories":[8,2],"tags":[],"class_list":["post-485","post","type-post","status-publish","format-standard","hentry","category-communication","category-toastmasters"],"yoast_head":"<!-- This site is optimized with the Yoast SEO plugin v27.4 - https:\/\/yoast.com\/product\/yoast-seo-wordpress\/ -->\n<title>Un chercheur peut-il conqu\u00e9rir son public en moins de 3 minutes ? - Fa\u00e7ons de parler<\/title>\n<meta name=\"robots\" content=\"index, follow, max-snippet:-1, max-image-preview:large, max-video-preview:-1\" \/>\n<link rel=\"canonical\" href=\"https:\/\/www.elecyt.org\/blog\/2022\/08\/17\/un-chercheur-peut-il-conquerir-son-public-en-moins-de-3-minutes\/\" \/>\n<meta property=\"og:locale\" content=\"fr_FR\" \/>\n<meta property=\"og:type\" content=\"article\" \/>\n<meta property=\"og:title\" content=\"Un chercheur peut-il conqu\u00e9rir son public en moins de 3 minutes ? - Fa\u00e7ons de parler\" \/>\n<meta property=\"og:description\" content=\"La gagnante de \u201cMa th\u00e8se en 180 secondes\u201d nous montre comment Traitement du syndrome d&rsquo;apn\u00e9e obstructive du sommeil par pression positive continue : \u00e9tude des donn\u00e9es de t\u00e9l\u00e9surveillance pour comprendre l&rsquo;impact des modifications du traitement et pr\u00e9dire les \u00e9v\u00e8nements aigus. Voil\u00e0 un sujet de discours qui n\u2019int\u00e9resse qu\u2019une poign\u00e9e d\u2019experts, n\u2019est-ce-pas ? Pourtant, avec un [&hellip;]\" \/>\n<meta property=\"og:url\" content=\"https:\/\/www.elecyt.org\/blog\/2022\/08\/17\/un-chercheur-peut-il-conquerir-son-public-en-moins-de-3-minutes\/\" \/>\n<meta property=\"og:site_name\" content=\"Fa\u00e7ons de parler\" \/>\n<meta property=\"article:published_time\" content=\"2022-08-17T17:12:52+00:00\" \/>\n<meta property=\"article:modified_time\" content=\"2022-08-17T17:20:56+00:00\" \/>\n<meta property=\"og:image\" content=\"https:\/\/www.elecyt.org\/blog\/wp-content\/uploads\/2022\/08\/Post_80_photo_1.png\" \/>\n<meta name=\"author\" content=\"Stephane Gantzer\" \/>\n<meta name=\"twitter:card\" content=\"summary_large_image\" \/>\n<meta name=\"twitter:label1\" content=\"\u00c9crit par\" \/>\n\t<meta name=\"twitter:data1\" content=\"Stephane Gantzer\" \/>\n\t<meta name=\"twitter:label2\" content=\"Dur\u00e9e de lecture estim\u00e9e\" \/>\n\t<meta name=\"twitter:data2\" content=\"4 minutes\" \/>\n<script type=\"application\/ld+json\" class=\"yoast-schema-graph\">{\"@context\":\"https:\\\/\\\/schema.org\",\"@graph\":[{\"@type\":\"Article\",\"@id\":\"https:\\\/\\\/www.elecyt.org\\\/blog\\\/2022\\\/08\\\/17\\\/un-chercheur-peut-il-conquerir-son-public-en-moins-de-3-minutes\\\/#article\",\"isPartOf\":{\"@id\":\"https:\\\/\\\/www.elecyt.org\\\/blog\\\/2022\\\/08\\\/17\\\/un-chercheur-peut-il-conquerir-son-public-en-moins-de-3-minutes\\\/\"},\"author\":{\"name\":\"Stephane Gantzer\",\"@id\":\"https:\\\/\\\/www.elecyt.org\\\/blog\\\/#\\\/schema\\\/person\\\/cd7dc81253b2db33748afb7355378e8b\"},\"headline\":\"Un chercheur peut-il conqu\u00e9rir son public en moins de 3 minutes ?\",\"datePublished\":\"2022-08-17T17:12:52+00:00\",\"dateModified\":\"2022-08-17T17:20:56+00:00\",\"mainEntityOfPage\":{\"@id\":\"https:\\\/\\\/www.elecyt.org\\\/blog\\\/2022\\\/08\\\/17\\\/un-chercheur-peut-il-conquerir-son-public-en-moins-de-3-minutes\\\/\"},\"wordCount\":668,\"commentCount\":0,\"publisher\":{\"@id\":\"https:\\\/\\\/www.elecyt.org\\\/blog\\\/#organization\"},\"image\":{\"@id\":\"https:\\\/\\\/www.elecyt.org\\\/blog\\\/2022\\\/08\\\/17\\\/un-chercheur-peut-il-conquerir-son-public-en-moins-de-3-minutes\\\/#primaryimage\"},\"thumbnailUrl\":\"https:\\\/\\\/www.elecyt.org\\\/blog\\\/wp-content\\\/uploads\\\/2022\\\/08\\\/Post_80_photo_1.png\",\"articleSection\":[\"Communication\",\"Toastmasters\"],\"inLanguage\":\"fr-FR\",\"potentialAction\":[{\"@type\":\"CommentAction\",\"name\":\"Comment\",\"target\":[\"https:\\\/\\\/www.elecyt.org\\\/blog\\\/2022\\\/08\\\/17\\\/un-chercheur-peut-il-conquerir-son-public-en-moins-de-3-minutes\\\/#respond\"]}]},{\"@type\":\"WebPage\",\"@id\":\"https:\\\/\\\/www.elecyt.org\\\/blog\\\/2022\\\/08\\\/17\\\/un-chercheur-peut-il-conquerir-son-public-en-moins-de-3-minutes\\\/\",\"url\":\"https:\\\/\\\/www.elecyt.org\\\/blog\\\/2022\\\/08\\\/17\\\/un-chercheur-peut-il-conquerir-son-public-en-moins-de-3-minutes\\\/\",\"name\":\"Un chercheur peut-il conqu\u00e9rir son public en moins de 3 minutes ? - Fa\u00e7ons de parler\",\"isPartOf\":{\"@id\":\"https:\\\/\\\/www.elecyt.org\\\/blog\\\/#website\"},\"primaryImageOfPage\":{\"@id\":\"https:\\\/\\\/www.elecyt.org\\\/blog\\\/2022\\\/08\\\/17\\\/un-chercheur-peut-il-conquerir-son-public-en-moins-de-3-minutes\\\/#primaryimage\"},\"image\":{\"@id\":\"https:\\\/\\\/www.elecyt.org\\\/blog\\\/2022\\\/08\\\/17\\\/un-chercheur-peut-il-conquerir-son-public-en-moins-de-3-minutes\\\/#primaryimage\"},\"thumbnailUrl\":\"https:\\\/\\\/www.elecyt.org\\\/blog\\\/wp-content\\\/uploads\\\/2022\\\/08\\\/Post_80_photo_1.png\",\"datePublished\":\"2022-08-17T17:12:52+00:00\",\"dateModified\":\"2022-08-17T17:20:56+00:00\",\"breadcrumb\":{\"@id\":\"https:\\\/\\\/www.elecyt.org\\\/blog\\\/2022\\\/08\\\/17\\\/un-chercheur-peut-il-conquerir-son-public-en-moins-de-3-minutes\\\/#breadcrumb\"},\"inLanguage\":\"fr-FR\",\"potentialAction\":[{\"@type\":\"ReadAction\",\"target\":[\"https:\\\/\\\/www.elecyt.org\\\/blog\\\/2022\\\/08\\\/17\\\/un-chercheur-peut-il-conquerir-son-public-en-moins-de-3-minutes\\\/\"]}]},{\"@type\":\"ImageObject\",\"inLanguage\":\"fr-FR\",\"@id\":\"https:\\\/\\\/www.elecyt.org\\\/blog\\\/2022\\\/08\\\/17\\\/un-chercheur-peut-il-conquerir-son-public-en-moins-de-3-minutes\\\/#primaryimage\",\"url\":\"https:\\\/\\\/www.elecyt.org\\\/blog\\\/wp-content\\\/uploads\\\/2022\\\/08\\\/Post_80_photo_1.png\",\"contentUrl\":\"https:\\\/\\\/www.elecyt.org\\\/blog\\\/wp-content\\\/uploads\\\/2022\\\/08\\\/Post_80_photo_1.png\",\"width\":371,\"height\":273},{\"@type\":\"BreadcrumbList\",\"@id\":\"https:\\\/\\\/www.elecyt.org\\\/blog\\\/2022\\\/08\\\/17\\\/un-chercheur-peut-il-conquerir-son-public-en-moins-de-3-minutes\\\/#breadcrumb\",\"itemListElement\":[{\"@type\":\"ListItem\",\"position\":1,\"name\":\"Accueil\",\"item\":\"https:\\\/\\\/www.elecyt.org\\\/blog\\\/\"},{\"@type\":\"ListItem\",\"position\":2,\"name\":\"Un chercheur peut-il conqu\u00e9rir son public en moins de 3 minutes ?\"}]},{\"@type\":\"WebSite\",\"@id\":\"https:\\\/\\\/www.elecyt.org\\\/blog\\\/#website\",\"url\":\"https:\\\/\\\/www.elecyt.org\\\/blog\\\/\",\"name\":\"Fa\u00e7ons de parler\",\"description\":\"La communication par la pratique\",\"publisher\":{\"@id\":\"https:\\\/\\\/www.elecyt.org\\\/blog\\\/#organization\"},\"potentialAction\":[{\"@type\":\"SearchAction\",\"target\":{\"@type\":\"EntryPoint\",\"urlTemplate\":\"https:\\\/\\\/www.elecyt.org\\\/blog\\\/?s={search_term_string}\"},\"query-input\":{\"@type\":\"PropertyValueSpecification\",\"valueRequired\":true,\"valueName\":\"search_term_string\"}}],\"inLanguage\":\"fr-FR\"},{\"@type\":\"Organization\",\"@id\":\"https:\\\/\\\/www.elecyt.org\\\/blog\\\/#organization\",\"name\":\"Fa\u00e7ons de parler\",\"url\":\"https:\\\/\\\/www.elecyt.org\\\/blog\\\/\",\"logo\":{\"@type\":\"ImageObject\",\"inLanguage\":\"fr-FR\",\"@id\":\"https:\\\/\\\/www.elecyt.org\\\/blog\\\/#\\\/schema\\\/logo\\\/image\\\/\",\"url\":\"https:\\\/\\\/www.elecyt.org\\\/blog\\\/wp-content\\\/uploads\\\/2021\\\/10\\\/cropped-Logo-ELECYT-CMJN.jpg\",\"contentUrl\":\"https:\\\/\\\/www.elecyt.org\\\/blog\\\/wp-content\\\/uploads\\\/2021\\\/10\\\/cropped-Logo-ELECYT-CMJN.jpg\",\"width\":966,\"height\":369,\"caption\":\"Fa\u00e7ons de parler\"},\"image\":{\"@id\":\"https:\\\/\\\/www.elecyt.org\\\/blog\\\/#\\\/schema\\\/logo\\\/image\\\/\"}},{\"@type\":\"Person\",\"@id\":\"https:\\\/\\\/www.elecyt.org\\\/blog\\\/#\\\/schema\\\/person\\\/cd7dc81253b2db33748afb7355378e8b\",\"name\":\"Stephane Gantzer\",\"image\":{\"@type\":\"ImageObject\",\"inLanguage\":\"fr-FR\",\"@id\":\"https:\\\/\\\/secure.gravatar.com\\\/avatar\\\/a026a9ac79640a4084e74bf3c5273fdf14b3d26d08f476fcfd36c1d77261b730?s=96&d=mm&r=g\",\"url\":\"https:\\\/\\\/secure.gravatar.com\\\/avatar\\\/a026a9ac79640a4084e74bf3c5273fdf14b3d26d08f476fcfd36c1d77261b730?s=96&d=mm&r=g\",\"contentUrl\":\"https:\\\/\\\/secure.gravatar.com\\\/avatar\\\/a026a9ac79640a4084e74bf3c5273fdf14b3d26d08f476fcfd36c1d77261b730?s=96&d=mm&r=g\",\"caption\":\"Stephane Gantzer\"},\"url\":\"https:\\\/\\\/www.elecyt.org\\\/blog\\\/author\\\/stephane-gantzer\\\/\"}]}<\/script>\n<!-- \/ Yoast SEO plugin. -->","yoast_head_json":{"title":"Un chercheur peut-il conqu\u00e9rir son public en moins de 3 minutes ? - Fa\u00e7ons de parler","robots":{"index":"index","follow":"follow","max-snippet":"max-snippet:-1","max-image-preview":"max-image-preview:large","max-video-preview":"max-video-preview:-1"},"canonical":"https:\/\/www.elecyt.org\/blog\/2022\/08\/17\/un-chercheur-peut-il-conquerir-son-public-en-moins-de-3-minutes\/","og_locale":"fr_FR","og_type":"article","og_title":"Un chercheur peut-il conqu\u00e9rir son public en moins de 3 minutes ? - Fa\u00e7ons de parler","og_description":"La gagnante de \u201cMa th\u00e8se en 180 secondes\u201d nous montre comment Traitement du syndrome d&rsquo;apn\u00e9e obstructive du sommeil par pression positive continue : \u00e9tude des donn\u00e9es de t\u00e9l\u00e9surveillance pour comprendre l&rsquo;impact des modifications du traitement et pr\u00e9dire les \u00e9v\u00e8nements aigus. Voil\u00e0 un sujet de discours qui n\u2019int\u00e9resse qu\u2019une poign\u00e9e d\u2019experts, n\u2019est-ce-pas ? Pourtant, avec un [&hellip;]","og_url":"https:\/\/www.elecyt.org\/blog\/2022\/08\/17\/un-chercheur-peut-il-conquerir-son-public-en-moins-de-3-minutes\/","og_site_name":"Fa\u00e7ons de parler","article_published_time":"2022-08-17T17:12:52+00:00","article_modified_time":"2022-08-17T17:20:56+00:00","og_image":[{"url":"https:\/\/www.elecyt.org\/blog\/wp-content\/uploads\/2022\/08\/Post_80_photo_1.png","type":"","width":"","height":""}],"author":"Stephane Gantzer","twitter_card":"summary_large_image","twitter_misc":{"\u00c9crit par":"Stephane Gantzer","Dur\u00e9e de lecture estim\u00e9e":"4 minutes"},"schema":{"@context":"https:\/\/schema.org","@graph":[{"@type":"Article","@id":"https:\/\/www.elecyt.org\/blog\/2022\/08\/17\/un-chercheur-peut-il-conquerir-son-public-en-moins-de-3-minutes\/#article","isPartOf":{"@id":"https:\/\/www.elecyt.org\/blog\/2022\/08\/17\/un-chercheur-peut-il-conquerir-son-public-en-moins-de-3-minutes\/"},"author":{"name":"Stephane Gantzer","@id":"https:\/\/www.elecyt.org\/blog\/#\/schema\/person\/cd7dc81253b2db33748afb7355378e8b"},"headline":"Un chercheur peut-il conqu\u00e9rir son public en moins de 3 minutes ?","datePublished":"2022-08-17T17:12:52+00:00","dateModified":"2022-08-17T17:20:56+00:00","mainEntityOfPage":{"@id":"https:\/\/www.elecyt.org\/blog\/2022\/08\/17\/un-chercheur-peut-il-conquerir-son-public-en-moins-de-3-minutes\/"},"wordCount":668,"commentCount":0,"publisher":{"@id":"https:\/\/www.elecyt.org\/blog\/#organization"},"image":{"@id":"https:\/\/www.elecyt.org\/blog\/2022\/08\/17\/un-chercheur-peut-il-conquerir-son-public-en-moins-de-3-minutes\/#primaryimage"},"thumbnailUrl":"https:\/\/www.elecyt.org\/blog\/wp-content\/uploads\/2022\/08\/Post_80_photo_1.png","articleSection":["Communication","Toastmasters"],"inLanguage":"fr-FR","potentialAction":[{"@type":"CommentAction","name":"Comment","target":["https:\/\/www.elecyt.org\/blog\/2022\/08\/17\/un-chercheur-peut-il-conquerir-son-public-en-moins-de-3-minutes\/#respond"]}]},{"@type":"WebPage","@id":"https:\/\/www.elecyt.org\/blog\/2022\/08\/17\/un-chercheur-peut-il-conquerir-son-public-en-moins-de-3-minutes\/","url":"https:\/\/www.elecyt.org\/blog\/2022\/08\/17\/un-chercheur-peut-il-conquerir-son-public-en-moins-de-3-minutes\/","name":"Un chercheur peut-il conqu\u00e9rir son public en moins de 3 minutes ? - Fa\u00e7ons de parler","isPartOf":{"@id":"https:\/\/www.elecyt.org\/blog\/#website"},"primaryImageOfPage":{"@id":"https:\/\/www.elecyt.org\/blog\/2022\/08\/17\/un-chercheur-peut-il-conquerir-son-public-en-moins-de-3-minutes\/#primaryimage"},"image":{"@id":"https:\/\/www.elecyt.org\/blog\/2022\/08\/17\/un-chercheur-peut-il-conquerir-son-public-en-moins-de-3-minutes\/#primaryimage"},"thumbnailUrl":"https:\/\/www.elecyt.org\/blog\/wp-content\/uploads\/2022\/08\/Post_80_photo_1.png","datePublished":"2022-08-17T17:12:52+00:00","dateModified":"2022-08-17T17:20:56+00:00","breadcrumb":{"@id":"https:\/\/www.elecyt.org\/blog\/2022\/08\/17\/un-chercheur-peut-il-conquerir-son-public-en-moins-de-3-minutes\/#breadcrumb"},"inLanguage":"fr-FR","potentialAction":[{"@type":"ReadAction","target":["https:\/\/www.elecyt.org\/blog\/2022\/08\/17\/un-chercheur-peut-il-conquerir-son-public-en-moins-de-3-minutes\/"]}]},{"@type":"ImageObject","inLanguage":"fr-FR","@id":"https:\/\/www.elecyt.org\/blog\/2022\/08\/17\/un-chercheur-peut-il-conquerir-son-public-en-moins-de-3-minutes\/#primaryimage","url":"https:\/\/www.elecyt.org\/blog\/wp-content\/uploads\/2022\/08\/Post_80_photo_1.png","contentUrl":"https:\/\/www.elecyt.org\/blog\/wp-content\/uploads\/2022\/08\/Post_80_photo_1.png","width":371,"height":273},{"@type":"BreadcrumbList","@id":"https:\/\/www.elecyt.org\/blog\/2022\/08\/17\/un-chercheur-peut-il-conquerir-son-public-en-moins-de-3-minutes\/#breadcrumb","itemListElement":[{"@type":"ListItem","position":1,"name":"Accueil","item":"https:\/\/www.elecyt.org\/blog\/"},{"@type":"ListItem","position":2,"name":"Un chercheur peut-il conqu\u00e9rir son public en moins de 3 minutes ?"}]},{"@type":"WebSite","@id":"https:\/\/www.elecyt.org\/blog\/#website","url":"https:\/\/www.elecyt.org\/blog\/","name":"Fa\u00e7ons de parler","description":"La communication par la pratique","publisher":{"@id":"https:\/\/www.elecyt.org\/blog\/#organization"},"potentialAction":[{"@type":"SearchAction","target":{"@type":"EntryPoint","urlTemplate":"https:\/\/www.elecyt.org\/blog\/?s={search_term_string}"},"query-input":{"@type":"PropertyValueSpecification","valueRequired":true,"valueName":"search_term_string"}}],"inLanguage":"fr-FR"},{"@type":"Organization","@id":"https:\/\/www.elecyt.org\/blog\/#organization","name":"Fa\u00e7ons de parler","url":"https:\/\/www.elecyt.org\/blog\/","logo":{"@type":"ImageObject","inLanguage":"fr-FR","@id":"https:\/\/www.elecyt.org\/blog\/#\/schema\/logo\/image\/","url":"https:\/\/www.elecyt.org\/blog\/wp-content\/uploads\/2021\/10\/cropped-Logo-ELECYT-CMJN.jpg","contentUrl":"https:\/\/www.elecyt.org\/blog\/wp-content\/uploads\/2021\/10\/cropped-Logo-ELECYT-CMJN.jpg","width":966,"height":369,"caption":"Fa\u00e7ons de parler"},"image":{"@id":"https:\/\/www.elecyt.org\/blog\/#\/schema\/logo\/image\/"}},{"@type":"Person","@id":"https:\/\/www.elecyt.org\/blog\/#\/schema\/person\/cd7dc81253b2db33748afb7355378e8b","name":"Stephane Gantzer","image":{"@type":"ImageObject","inLanguage":"fr-FR","@id":"https:\/\/secure.gravatar.com\/avatar\/a026a9ac79640a4084e74bf3c5273fdf14b3d26d08f476fcfd36c1d77261b730?s=96&d=mm&r=g","url":"https:\/\/secure.gravatar.com\/avatar\/a026a9ac79640a4084e74bf3c5273fdf14b3d26d08f476fcfd36c1d77261b730?s=96&d=mm&r=g","contentUrl":"https:\/\/secure.gravatar.com\/avatar\/a026a9ac79640a4084e74bf3c5273fdf14b3d26d08f476fcfd36c1d77261b730?s=96&d=mm&r=g","caption":"Stephane Gantzer"},"url":"https:\/\/www.elecyt.org\/blog\/author\/stephane-gantzer\/"}]}},"_links":{"self":[{"href":"https:\/\/www.elecyt.org\/blog\/wp-json\/wp\/v2\/posts\/485","targetHints":{"allow":["GET"]}}],"collection":[{"href":"https:\/\/www.elecyt.org\/blog\/wp-json\/wp\/v2\/posts"}],"about":[{"href":"https:\/\/www.elecyt.org\/blog\/wp-json\/wp\/v2\/types\/post"}],"author":[{"embeddable":true,"href":"https:\/\/www.elecyt.org\/blog\/wp-json\/wp\/v2\/users\/2"}],"replies":[{"embeddable":true,"href":"https:\/\/www.elecyt.org\/blog\/wp-json\/wp\/v2\/comments?post=485"}],"version-history":[{"count":4,"href":"https:\/\/www.elecyt.org\/blog\/wp-json\/wp\/v2\/posts\/485\/revisions"}],"predecessor-version":[{"id":490,"href":"https:\/\/www.elecyt.org\/blog\/wp-json\/wp\/v2\/posts\/485\/revisions\/490"}],"wp:attachment":[{"href":"https:\/\/www.elecyt.org\/blog\/wp-json\/wp\/v2\/media?parent=485"}],"wp:term":[{"taxonomy":"category","embeddable":true,"href":"https:\/\/www.elecyt.org\/blog\/wp-json\/wp\/v2\/categories?post=485"},{"taxonomy":"post_tag","embeddable":true,"href":"https:\/\/www.elecyt.org\/blog\/wp-json\/wp\/v2\/tags?post=485"}],"curies":[{"name":"wp","href":"https:\/\/api.w.org\/{rel}","templated":true}]}}