{"id":478,"date":"2022-08-12T16:14:59","date_gmt":"2022-08-12T14:14:59","guid":{"rendered":"https:\/\/www.elecyt.org\/blog\/?p=478"},"modified":"2022-08-16T16:21:27","modified_gmt":"2022-08-16T14:21:27","slug":"la-gestion-de-soi-ou-comment-devenir-prix-nobel-de-litterature","status":"publish","type":"post","link":"https:\/\/www.elecyt.org\/blog\/2022\/08\/12\/la-gestion-de-soi-ou-comment-devenir-prix-nobel-de-litterature\/","title":{"rendered":"La gestion de soi ou comment devenir prix Nobel de litt\u00e9rature"},"content":{"rendered":"<h5 style=\"text-align: center;\"><strong>La gestion de soi est une m\u00e9thode simple utilis\u00e9e par nombre d\u2019\u00e9crivains pour soutenir leur motivation<br \/>\n<\/strong><\/h5>\n<p><img loading=\"lazy\" decoding=\"async\" class=\"aligncenter wp-image-479 size-full\" src=\"https:\/\/www.elecyt.org\/blog\/wp-content\/uploads\/2022\/08\/Post_9_photo_1.png\" alt=\"\" width=\"640\" height=\"432\" srcset=\"https:\/\/www.elecyt.org\/blog\/wp-content\/uploads\/2022\/08\/Post_9_photo_1.png 640w, https:\/\/www.elecyt.org\/blog\/wp-content\/uploads\/2022\/08\/Post_9_photo_1-400x270.png 400w\" sizes=\"auto, (max-width: 640px) 100vw, 640px\" \/><\/p>\n<p class=\"has-drop-cap\">Dans sa propri\u00e9t\u00e9 de Key West, \u00e0 la tomb\u00e9e du jour, l\u2019\u00e9crivain inscrit le nombre de mots \u00e9crits dans la journ\u00e9e sur le graphique \u00e9pingl\u00e9 sous la t\u00eate de la gazelle ramen\u00e9e d&rsquo;Afrique. Les veilles de sortie en mer, il \u00e9crit davantage pour se sentir moins coupable de la journ\u00e9e pass\u00e9e loin de sa table de travail.<\/p>\n<p>Ce maniaque n&rsquo;est autre qu&rsquo;Ernest Hemingway, prix Nobel de litt\u00e9rature et auteur prolifique. Il illustre la gestion de soi, cette capacit\u00e9 \u00e0 contr\u00f4ler son activit\u00e9, ici l\u2019\u00e9criture, pour atteindre l\u2019objectif que l\u2019on s\u2019est fix\u00e9. La gestion de soi est particuli\u00e8rement utile \u00e0 l\u2019\u00e9crivain dont la motivation est mise \u00e0 rude \u00e9preuve, en particulier par les in\u00e9vitables lettres de rejet des \u00e9diteurs qu\u2019il re\u00e7oit au cours de sa carri\u00e8re.<\/p>\n<p>La gestion de soi repose sur trois piliers\u00a0: objectif, observation et \u00e9valuation.<\/p>\n<h6><strong>SE FIXER UN OBJECTIF AMBITIEUX<\/strong><\/h6>\n<p>Comment savoir qu\u2019on est arriv\u00e9 si l\u2019on n\u2019a pas d\u2019adresse ? Ainsi que les psychologues l&rsquo;ont d\u00e9montr\u00e9, il y a longtemps d\u00e9j\u00e0, il faut fixer un but \u00e0 ses actions. En particulier, ils ont remarqu\u00e9 que plus l\u2019objectif \u00e9tait audacieux, plus forte la motivation, plus grand l&rsquo;effort d\u00e9ploy\u00e9 et, in fine, meilleur le r\u00e9sultat.<\/p>\n<p>Pour cela, un but doit avoir trois caract\u00e9ristiques : \u00eatre tr\u00e8s sp\u00e9cifique, ambitieux et born\u00e9 par une \u00e9ch\u00e9ance. Ainsi, l&rsquo;auteur am\u00e9ricain de best-sellers Irving Wallace se fixait un nombre hebdomadaire de pages \u00e0 produire, proportionn\u00e9 au temps qu\u2019il consacrait \u00e0 l\u2019\u00e9criture.<\/p>\n<h6><strong>SAVOIR S\u2019OBSERVER<\/strong><\/h6>\n<p>Observer le comportement que l&rsquo;on souhaite am\u00e9liorer fournit l\u2019information utile au progr\u00e8s. Quels sont les obstacles qui s&rsquo;opposent au but qu&rsquo;on s&rsquo;est fix\u00e9 ? Dans quelles circonstances est-on plus ou moins performant ? En outre, observer permet de constater le succ\u00e8s des strat\u00e9gies d\u00e9ploy\u00e9es et l\u2019\u00e9volution vers le but. C\u2019est ce que faisait Hemingway avec ses relev\u00e9s quotidiens.<\/p>\n<h6><strong>\u00c9VALUER DE MANI\u00c8RE CONSTRUCTIVE<\/strong><\/h6>\n<p>\u00c9valuer, c&rsquo;est critiquer son comportement de mani\u00e8re constructive et bienveillante. C&rsquo;est se donner des conseils en vue de s&rsquo;am\u00e9liorer, souvent par petites touches. Hemingway avait remarqu\u00e9 en s\u2019observant qu\u2019il perdait du temps en reprenant le travail de la veille. Il eut l\u2019id\u00e9e de s&rsquo;arr\u00eater au milieu d&rsquo;une phrase pour reprendre le lendemain sans retard \u00e0 partir de cette phrase.<\/p>\n<p>Pour ma part, quand j\u2019\u00e9cris un discours, j\u2019ai pris l\u2019habitude d\u2019\u00e9tablir un plan d\u00e9taill\u00e9. J\u2019ai remarqu\u00e9 que cela lib\u00e9rait mon esprit en phase de r\u00e9daction.<\/p>\n<p>Le cas \u00e9ch\u00e9ant, l\u2019\u00e9valuation permet d\u2019adapter l&rsquo;objectif s&rsquo;il s&rsquo;av\u00e8re irr\u00e9aliste ou de s&rsquo;en fixer un plus ambitieux s&rsquo;il est vite atteint.<\/p>\n<h6><strong>POUR ALLER PLUS LOIN<\/strong><\/h6>\n<p>Objectif, observation et \u00e9valuation, ce sont aussi les piliers de la m\u00e9thode Toastmasters qui permet \u00e0 nos membres de ne plus appr\u00e9hender les prises de paroles en public. Int\u00e9ress\u00e9s\u00a0? Venez donc assister \u00e0 l\u2019une de nos soir\u00e9es conviviales. C\u2019est <a href=\"https:\/\/club-etincelle.org\/ou-nous-trouver\/\" target=\"_blank\" rel=\"noopener\">ici<\/a>.<\/p>\n<p>&nbsp;<\/p>\n","protected":false},"excerpt":{"rendered":"<p>La gestion de soi est une m\u00e9thode simple utilis\u00e9e par nombre d\u2019\u00e9crivains pour soutenir leur motivation Dans sa propri\u00e9t\u00e9 de Key West, \u00e0 la tomb\u00e9e du jour, l\u2019\u00e9crivain inscrit le nombre de mots \u00e9crits dans la journ\u00e9e sur le graphique \u00e9pingl\u00e9 sous la t\u00eate de la gazelle ramen\u00e9e d&rsquo;Afrique. Les veilles de sortie en mer, [&hellip;]<\/p>\n","protected":false},"author":2,"featured_media":0,"comment_status":"open","ping_status":"open","sticky":false,"template":"","format":"standard","meta":{"_monsterinsights_skip_tracking":false,"_monsterinsights_sitenote_active":false,"_monsterinsights_sitenote_note":"","_monsterinsights_sitenote_category":0,"footnotes":""},"categories":[8,9,2],"tags":[],"class_list":["post-478","post","type-post","status-publish","format-standard","hentry","category-communication","category-psychologie","category-toastmasters"],"yoast_head":"<!-- This site is optimized with the Yoast SEO plugin v27.4 - https:\/\/yoast.com\/product\/yoast-seo-wordpress\/ -->\n<title>La gestion de soi ou comment devenir prix Nobel de litt\u00e9rature - Fa\u00e7ons de parler<\/title>\n<meta name=\"robots\" content=\"index, follow, max-snippet:-1, max-image-preview:large, max-video-preview:-1\" \/>\n<link rel=\"canonical\" href=\"https:\/\/www.elecyt.org\/blog\/2022\/08\/12\/la-gestion-de-soi-ou-comment-devenir-prix-nobel-de-litterature\/\" \/>\n<meta property=\"og:locale\" content=\"fr_FR\" \/>\n<meta property=\"og:type\" content=\"article\" \/>\n<meta property=\"og:title\" content=\"La gestion de soi ou comment devenir prix Nobel de litt\u00e9rature - Fa\u00e7ons de parler\" \/>\n<meta property=\"og:description\" content=\"La gestion de soi est une m\u00e9thode simple utilis\u00e9e par nombre d\u2019\u00e9crivains pour soutenir leur motivation Dans sa propri\u00e9t\u00e9 de Key West, \u00e0 la tomb\u00e9e du jour, l\u2019\u00e9crivain inscrit le nombre de mots \u00e9crits dans la journ\u00e9e sur le graphique \u00e9pingl\u00e9 sous la t\u00eate de la gazelle ramen\u00e9e d&rsquo;Afrique. Les veilles de sortie en mer, [&hellip;]\" \/>\n<meta property=\"og:url\" content=\"https:\/\/www.elecyt.org\/blog\/2022\/08\/12\/la-gestion-de-soi-ou-comment-devenir-prix-nobel-de-litterature\/\" \/>\n<meta property=\"og:site_name\" content=\"Fa\u00e7ons de parler\" \/>\n<meta property=\"article:published_time\" content=\"2022-08-12T14:14:59+00:00\" \/>\n<meta property=\"article:modified_time\" content=\"2022-08-16T14:21:27+00:00\" \/>\n<meta property=\"og:image\" content=\"https:\/\/www.elecyt.org\/blog\/wp-content\/uploads\/2022\/08\/Post_9_photo_1.png\" \/>\n<meta name=\"author\" content=\"Stephane Gantzer\" \/>\n<meta name=\"twitter:card\" content=\"summary_large_image\" \/>\n<meta name=\"twitter:label1\" content=\"\u00c9crit par\" \/>\n\t<meta name=\"twitter:data1\" content=\"Stephane Gantzer\" \/>\n\t<meta name=\"twitter:label2\" content=\"Dur\u00e9e de lecture estim\u00e9e\" \/>\n\t<meta name=\"twitter:data2\" content=\"3 minutes\" \/>\n<script type=\"application\/ld+json\" class=\"yoast-schema-graph\">{\"@context\":\"https:\\\/\\\/schema.org\",\"@graph\":[{\"@type\":\"Article\",\"@id\":\"https:\\\/\\\/www.elecyt.org\\\/blog\\\/2022\\\/08\\\/12\\\/la-gestion-de-soi-ou-comment-devenir-prix-nobel-de-litterature\\\/#article\",\"isPartOf\":{\"@id\":\"https:\\\/\\\/www.elecyt.org\\\/blog\\\/2022\\\/08\\\/12\\\/la-gestion-de-soi-ou-comment-devenir-prix-nobel-de-litterature\\\/\"},\"author\":{\"name\":\"Stephane Gantzer\",\"@id\":\"https:\\\/\\\/www.elecyt.org\\\/blog\\\/#\\\/schema\\\/person\\\/cd7dc81253b2db33748afb7355378e8b\"},\"headline\":\"La gestion de soi ou comment devenir prix Nobel de litt\u00e9rature\",\"datePublished\":\"2022-08-12T14:14:59+00:00\",\"dateModified\":\"2022-08-16T14:21:27+00:00\",\"mainEntityOfPage\":{\"@id\":\"https:\\\/\\\/www.elecyt.org\\\/blog\\\/2022\\\/08\\\/12\\\/la-gestion-de-soi-ou-comment-devenir-prix-nobel-de-litterature\\\/\"},\"wordCount\":543,\"commentCount\":0,\"publisher\":{\"@id\":\"https:\\\/\\\/www.elecyt.org\\\/blog\\\/#organization\"},\"image\":{\"@id\":\"https:\\\/\\\/www.elecyt.org\\\/blog\\\/2022\\\/08\\\/12\\\/la-gestion-de-soi-ou-comment-devenir-prix-nobel-de-litterature\\\/#primaryimage\"},\"thumbnailUrl\":\"https:\\\/\\\/www.elecyt.org\\\/blog\\\/wp-content\\\/uploads\\\/2022\\\/08\\\/Post_9_photo_1.png\",\"articleSection\":[\"Communication\",\"Psychologie\",\"Toastmasters\"],\"inLanguage\":\"fr-FR\",\"potentialAction\":[{\"@type\":\"CommentAction\",\"name\":\"Comment\",\"target\":[\"https:\\\/\\\/www.elecyt.org\\\/blog\\\/2022\\\/08\\\/12\\\/la-gestion-de-soi-ou-comment-devenir-prix-nobel-de-litterature\\\/#respond\"]}]},{\"@type\":\"WebPage\",\"@id\":\"https:\\\/\\\/www.elecyt.org\\\/blog\\\/2022\\\/08\\\/12\\\/la-gestion-de-soi-ou-comment-devenir-prix-nobel-de-litterature\\\/\",\"url\":\"https:\\\/\\\/www.elecyt.org\\\/blog\\\/2022\\\/08\\\/12\\\/la-gestion-de-soi-ou-comment-devenir-prix-nobel-de-litterature\\\/\",\"name\":\"La gestion de soi ou comment devenir prix Nobel de litt\u00e9rature - Fa\u00e7ons de parler\",\"isPartOf\":{\"@id\":\"https:\\\/\\\/www.elecyt.org\\\/blog\\\/#website\"},\"primaryImageOfPage\":{\"@id\":\"https:\\\/\\\/www.elecyt.org\\\/blog\\\/2022\\\/08\\\/12\\\/la-gestion-de-soi-ou-comment-devenir-prix-nobel-de-litterature\\\/#primaryimage\"},\"image\":{\"@id\":\"https:\\\/\\\/www.elecyt.org\\\/blog\\\/2022\\\/08\\\/12\\\/la-gestion-de-soi-ou-comment-devenir-prix-nobel-de-litterature\\\/#primaryimage\"},\"thumbnailUrl\":\"https:\\\/\\\/www.elecyt.org\\\/blog\\\/wp-content\\\/uploads\\\/2022\\\/08\\\/Post_9_photo_1.png\",\"datePublished\":\"2022-08-12T14:14:59+00:00\",\"dateModified\":\"2022-08-16T14:21:27+00:00\",\"breadcrumb\":{\"@id\":\"https:\\\/\\\/www.elecyt.org\\\/blog\\\/2022\\\/08\\\/12\\\/la-gestion-de-soi-ou-comment-devenir-prix-nobel-de-litterature\\\/#breadcrumb\"},\"inLanguage\":\"fr-FR\",\"potentialAction\":[{\"@type\":\"ReadAction\",\"target\":[\"https:\\\/\\\/www.elecyt.org\\\/blog\\\/2022\\\/08\\\/12\\\/la-gestion-de-soi-ou-comment-devenir-prix-nobel-de-litterature\\\/\"]}]},{\"@type\":\"ImageObject\",\"inLanguage\":\"fr-FR\",\"@id\":\"https:\\\/\\\/www.elecyt.org\\\/blog\\\/2022\\\/08\\\/12\\\/la-gestion-de-soi-ou-comment-devenir-prix-nobel-de-litterature\\\/#primaryimage\",\"url\":\"https:\\\/\\\/www.elecyt.org\\\/blog\\\/wp-content\\\/uploads\\\/2022\\\/08\\\/Post_9_photo_1.png\",\"contentUrl\":\"https:\\\/\\\/www.elecyt.org\\\/blog\\\/wp-content\\\/uploads\\\/2022\\\/08\\\/Post_9_photo_1.png\",\"width\":640,\"height\":432},{\"@type\":\"BreadcrumbList\",\"@id\":\"https:\\\/\\\/www.elecyt.org\\\/blog\\\/2022\\\/08\\\/12\\\/la-gestion-de-soi-ou-comment-devenir-prix-nobel-de-litterature\\\/#breadcrumb\",\"itemListElement\":[{\"@type\":\"ListItem\",\"position\":1,\"name\":\"Accueil\",\"item\":\"https:\\\/\\\/www.elecyt.org\\\/blog\\\/\"},{\"@type\":\"ListItem\",\"position\":2,\"name\":\"La gestion de soi ou comment devenir prix Nobel de litt\u00e9rature\"}]},{\"@type\":\"WebSite\",\"@id\":\"https:\\\/\\\/www.elecyt.org\\\/blog\\\/#website\",\"url\":\"https:\\\/\\\/www.elecyt.org\\\/blog\\\/\",\"name\":\"Fa\u00e7ons de parler\",\"description\":\"La communication par la pratique\",\"publisher\":{\"@id\":\"https:\\\/\\\/www.elecyt.org\\\/blog\\\/#organization\"},\"potentialAction\":[{\"@type\":\"SearchAction\",\"target\":{\"@type\":\"EntryPoint\",\"urlTemplate\":\"https:\\\/\\\/www.elecyt.org\\\/blog\\\/?s={search_term_string}\"},\"query-input\":{\"@type\":\"PropertyValueSpecification\",\"valueRequired\":true,\"valueName\":\"search_term_string\"}}],\"inLanguage\":\"fr-FR\"},{\"@type\":\"Organization\",\"@id\":\"https:\\\/\\\/www.elecyt.org\\\/blog\\\/#organization\",\"name\":\"Fa\u00e7ons de parler\",\"url\":\"https:\\\/\\\/www.elecyt.org\\\/blog\\\/\",\"logo\":{\"@type\":\"ImageObject\",\"inLanguage\":\"fr-FR\",\"@id\":\"https:\\\/\\\/www.elecyt.org\\\/blog\\\/#\\\/schema\\\/logo\\\/image\\\/\",\"url\":\"https:\\\/\\\/www.elecyt.org\\\/blog\\\/wp-content\\\/uploads\\\/2021\\\/10\\\/cropped-Logo-ELECYT-CMJN.jpg\",\"contentUrl\":\"https:\\\/\\\/www.elecyt.org\\\/blog\\\/wp-content\\\/uploads\\\/2021\\\/10\\\/cropped-Logo-ELECYT-CMJN.jpg\",\"width\":966,\"height\":369,\"caption\":\"Fa\u00e7ons de parler\"},\"image\":{\"@id\":\"https:\\\/\\\/www.elecyt.org\\\/blog\\\/#\\\/schema\\\/logo\\\/image\\\/\"}},{\"@type\":\"Person\",\"@id\":\"https:\\\/\\\/www.elecyt.org\\\/blog\\\/#\\\/schema\\\/person\\\/cd7dc81253b2db33748afb7355378e8b\",\"name\":\"Stephane Gantzer\",\"image\":{\"@type\":\"ImageObject\",\"inLanguage\":\"fr-FR\",\"@id\":\"https:\\\/\\\/secure.gravatar.com\\\/avatar\\\/a026a9ac79640a4084e74bf3c5273fdf14b3d26d08f476fcfd36c1d77261b730?s=96&d=mm&r=g\",\"url\":\"https:\\\/\\\/secure.gravatar.com\\\/avatar\\\/a026a9ac79640a4084e74bf3c5273fdf14b3d26d08f476fcfd36c1d77261b730?s=96&d=mm&r=g\",\"contentUrl\":\"https:\\\/\\\/secure.gravatar.com\\\/avatar\\\/a026a9ac79640a4084e74bf3c5273fdf14b3d26d08f476fcfd36c1d77261b730?s=96&d=mm&r=g\",\"caption\":\"Stephane Gantzer\"},\"url\":\"https:\\\/\\\/www.elecyt.org\\\/blog\\\/author\\\/stephane-gantzer\\\/\"}]}<\/script>\n<!-- \/ Yoast SEO plugin. -->","yoast_head_json":{"title":"La gestion de soi ou comment devenir prix Nobel de litt\u00e9rature - Fa\u00e7ons de parler","robots":{"index":"index","follow":"follow","max-snippet":"max-snippet:-1","max-image-preview":"max-image-preview:large","max-video-preview":"max-video-preview:-1"},"canonical":"https:\/\/www.elecyt.org\/blog\/2022\/08\/12\/la-gestion-de-soi-ou-comment-devenir-prix-nobel-de-litterature\/","og_locale":"fr_FR","og_type":"article","og_title":"La gestion de soi ou comment devenir prix Nobel de litt\u00e9rature - Fa\u00e7ons de parler","og_description":"La gestion de soi est une m\u00e9thode simple utilis\u00e9e par nombre d\u2019\u00e9crivains pour soutenir leur motivation Dans sa propri\u00e9t\u00e9 de Key West, \u00e0 la tomb\u00e9e du jour, l\u2019\u00e9crivain inscrit le nombre de mots \u00e9crits dans la journ\u00e9e sur le graphique \u00e9pingl\u00e9 sous la t\u00eate de la gazelle ramen\u00e9e d&rsquo;Afrique. Les veilles de sortie en mer, [&hellip;]","og_url":"https:\/\/www.elecyt.org\/blog\/2022\/08\/12\/la-gestion-de-soi-ou-comment-devenir-prix-nobel-de-litterature\/","og_site_name":"Fa\u00e7ons de parler","article_published_time":"2022-08-12T14:14:59+00:00","article_modified_time":"2022-08-16T14:21:27+00:00","og_image":[{"url":"https:\/\/www.elecyt.org\/blog\/wp-content\/uploads\/2022\/08\/Post_9_photo_1.png","type":"","width":"","height":""}],"author":"Stephane Gantzer","twitter_card":"summary_large_image","twitter_misc":{"\u00c9crit par":"Stephane Gantzer","Dur\u00e9e de lecture estim\u00e9e":"3 minutes"},"schema":{"@context":"https:\/\/schema.org","@graph":[{"@type":"Article","@id":"https:\/\/www.elecyt.org\/blog\/2022\/08\/12\/la-gestion-de-soi-ou-comment-devenir-prix-nobel-de-litterature\/#article","isPartOf":{"@id":"https:\/\/www.elecyt.org\/blog\/2022\/08\/12\/la-gestion-de-soi-ou-comment-devenir-prix-nobel-de-litterature\/"},"author":{"name":"Stephane Gantzer","@id":"https:\/\/www.elecyt.org\/blog\/#\/schema\/person\/cd7dc81253b2db33748afb7355378e8b"},"headline":"La gestion de soi ou comment devenir prix Nobel de litt\u00e9rature","datePublished":"2022-08-12T14:14:59+00:00","dateModified":"2022-08-16T14:21:27+00:00","mainEntityOfPage":{"@id":"https:\/\/www.elecyt.org\/blog\/2022\/08\/12\/la-gestion-de-soi-ou-comment-devenir-prix-nobel-de-litterature\/"},"wordCount":543,"commentCount":0,"publisher":{"@id":"https:\/\/www.elecyt.org\/blog\/#organization"},"image":{"@id":"https:\/\/www.elecyt.org\/blog\/2022\/08\/12\/la-gestion-de-soi-ou-comment-devenir-prix-nobel-de-litterature\/#primaryimage"},"thumbnailUrl":"https:\/\/www.elecyt.org\/blog\/wp-content\/uploads\/2022\/08\/Post_9_photo_1.png","articleSection":["Communication","Psychologie","Toastmasters"],"inLanguage":"fr-FR","potentialAction":[{"@type":"CommentAction","name":"Comment","target":["https:\/\/www.elecyt.org\/blog\/2022\/08\/12\/la-gestion-de-soi-ou-comment-devenir-prix-nobel-de-litterature\/#respond"]}]},{"@type":"WebPage","@id":"https:\/\/www.elecyt.org\/blog\/2022\/08\/12\/la-gestion-de-soi-ou-comment-devenir-prix-nobel-de-litterature\/","url":"https:\/\/www.elecyt.org\/blog\/2022\/08\/12\/la-gestion-de-soi-ou-comment-devenir-prix-nobel-de-litterature\/","name":"La gestion de soi ou comment devenir prix Nobel de litt\u00e9rature - Fa\u00e7ons de parler","isPartOf":{"@id":"https:\/\/www.elecyt.org\/blog\/#website"},"primaryImageOfPage":{"@id":"https:\/\/www.elecyt.org\/blog\/2022\/08\/12\/la-gestion-de-soi-ou-comment-devenir-prix-nobel-de-litterature\/#primaryimage"},"image":{"@id":"https:\/\/www.elecyt.org\/blog\/2022\/08\/12\/la-gestion-de-soi-ou-comment-devenir-prix-nobel-de-litterature\/#primaryimage"},"thumbnailUrl":"https:\/\/www.elecyt.org\/blog\/wp-content\/uploads\/2022\/08\/Post_9_photo_1.png","datePublished":"2022-08-12T14:14:59+00:00","dateModified":"2022-08-16T14:21:27+00:00","breadcrumb":{"@id":"https:\/\/www.elecyt.org\/blog\/2022\/08\/12\/la-gestion-de-soi-ou-comment-devenir-prix-nobel-de-litterature\/#breadcrumb"},"inLanguage":"fr-FR","potentialAction":[{"@type":"ReadAction","target":["https:\/\/www.elecyt.org\/blog\/2022\/08\/12\/la-gestion-de-soi-ou-comment-devenir-prix-nobel-de-litterature\/"]}]},{"@type":"ImageObject","inLanguage":"fr-FR","@id":"https:\/\/www.elecyt.org\/blog\/2022\/08\/12\/la-gestion-de-soi-ou-comment-devenir-prix-nobel-de-litterature\/#primaryimage","url":"https:\/\/www.elecyt.org\/blog\/wp-content\/uploads\/2022\/08\/Post_9_photo_1.png","contentUrl":"https:\/\/www.elecyt.org\/blog\/wp-content\/uploads\/2022\/08\/Post_9_photo_1.png","width":640,"height":432},{"@type":"BreadcrumbList","@id":"https:\/\/www.elecyt.org\/blog\/2022\/08\/12\/la-gestion-de-soi-ou-comment-devenir-prix-nobel-de-litterature\/#breadcrumb","itemListElement":[{"@type":"ListItem","position":1,"name":"Accueil","item":"https:\/\/www.elecyt.org\/blog\/"},{"@type":"ListItem","position":2,"name":"La gestion de soi ou comment devenir prix Nobel de litt\u00e9rature"}]},{"@type":"WebSite","@id":"https:\/\/www.elecyt.org\/blog\/#website","url":"https:\/\/www.elecyt.org\/blog\/","name":"Fa\u00e7ons de parler","description":"La communication par la pratique","publisher":{"@id":"https:\/\/www.elecyt.org\/blog\/#organization"},"potentialAction":[{"@type":"SearchAction","target":{"@type":"EntryPoint","urlTemplate":"https:\/\/www.elecyt.org\/blog\/?s={search_term_string}"},"query-input":{"@type":"PropertyValueSpecification","valueRequired":true,"valueName":"search_term_string"}}],"inLanguage":"fr-FR"},{"@type":"Organization","@id":"https:\/\/www.elecyt.org\/blog\/#organization","name":"Fa\u00e7ons de parler","url":"https:\/\/www.elecyt.org\/blog\/","logo":{"@type":"ImageObject","inLanguage":"fr-FR","@id":"https:\/\/www.elecyt.org\/blog\/#\/schema\/logo\/image\/","url":"https:\/\/www.elecyt.org\/blog\/wp-content\/uploads\/2021\/10\/cropped-Logo-ELECYT-CMJN.jpg","contentUrl":"https:\/\/www.elecyt.org\/blog\/wp-content\/uploads\/2021\/10\/cropped-Logo-ELECYT-CMJN.jpg","width":966,"height":369,"caption":"Fa\u00e7ons de parler"},"image":{"@id":"https:\/\/www.elecyt.org\/blog\/#\/schema\/logo\/image\/"}},{"@type":"Person","@id":"https:\/\/www.elecyt.org\/blog\/#\/schema\/person\/cd7dc81253b2db33748afb7355378e8b","name":"Stephane Gantzer","image":{"@type":"ImageObject","inLanguage":"fr-FR","@id":"https:\/\/secure.gravatar.com\/avatar\/a026a9ac79640a4084e74bf3c5273fdf14b3d26d08f476fcfd36c1d77261b730?s=96&d=mm&r=g","url":"https:\/\/secure.gravatar.com\/avatar\/a026a9ac79640a4084e74bf3c5273fdf14b3d26d08f476fcfd36c1d77261b730?s=96&d=mm&r=g","contentUrl":"https:\/\/secure.gravatar.com\/avatar\/a026a9ac79640a4084e74bf3c5273fdf14b3d26d08f476fcfd36c1d77261b730?s=96&d=mm&r=g","caption":"Stephane Gantzer"},"url":"https:\/\/www.elecyt.org\/blog\/author\/stephane-gantzer\/"}]}},"_links":{"self":[{"href":"https:\/\/www.elecyt.org\/blog\/wp-json\/wp\/v2\/posts\/478","targetHints":{"allow":["GET"]}}],"collection":[{"href":"https:\/\/www.elecyt.org\/blog\/wp-json\/wp\/v2\/posts"}],"about":[{"href":"https:\/\/www.elecyt.org\/blog\/wp-json\/wp\/v2\/types\/post"}],"author":[{"embeddable":true,"href":"https:\/\/www.elecyt.org\/blog\/wp-json\/wp\/v2\/users\/2"}],"replies":[{"embeddable":true,"href":"https:\/\/www.elecyt.org\/blog\/wp-json\/wp\/v2\/comments?post=478"}],"version-history":[{"count":5,"href":"https:\/\/www.elecyt.org\/blog\/wp-json\/wp\/v2\/posts\/478\/revisions"}],"predecessor-version":[{"id":481,"href":"https:\/\/www.elecyt.org\/blog\/wp-json\/wp\/v2\/posts\/478\/revisions\/481"}],"wp:attachment":[{"href":"https:\/\/www.elecyt.org\/blog\/wp-json\/wp\/v2\/media?parent=478"}],"wp:term":[{"taxonomy":"category","embeddable":true,"href":"https:\/\/www.elecyt.org\/blog\/wp-json\/wp\/v2\/categories?post=478"},{"taxonomy":"post_tag","embeddable":true,"href":"https:\/\/www.elecyt.org\/blog\/wp-json\/wp\/v2\/tags?post=478"}],"curies":[{"name":"wp","href":"https:\/\/api.w.org\/{rel}","templated":true}]}}