{"id":466,"date":"2022-06-27T14:24:18","date_gmt":"2022-06-27T12:24:18","guid":{"rendered":"https:\/\/www.elecyt.org\/blog\/?p=466"},"modified":"2022-06-28T15:26:47","modified_gmt":"2022-06-28T13:26:47","slug":"les-enseignements-des-grands-orateurs-de-lhistoire-ciceron","status":"publish","type":"post","link":"https:\/\/www.elecyt.org\/blog\/2022\/06\/27\/les-enseignements-des-grands-orateurs-de-lhistoire-ciceron\/","title":{"rendered":"Les enseignements des grands orateurs de l&rsquo;Histoire: Cic\u00e9ron"},"content":{"rendered":"<h5 style=\"text-align: center;\">Pour Cic\u00e9ron, l\u2019immense orateur latin, l\u2019\u00e9loquence fut le moyen d\u2019acc\u00e9der aux plus hautes fonctions de la R\u00e9publique romaine<\/h5>\n<p><img loading=\"lazy\" decoding=\"async\" class=\"aligncenter wp-image-467 size-full\" src=\"https:\/\/www.elecyt.org\/blog\/wp-content\/uploads\/2022\/06\/Post_42_photo_1.png\" alt=\"\" width=\"627\" height=\"428\" srcset=\"https:\/\/www.elecyt.org\/blog\/wp-content\/uploads\/2022\/06\/Post_42_photo_1.png 627w, https:\/\/www.elecyt.org\/blog\/wp-content\/uploads\/2022\/06\/Post_42_photo_1-400x273.png 400w\" sizes=\"auto, (max-width: 627px) 100vw, 627px\" \/><\/p>\n<p class=\"has-drop-cap\">Jusqu&rsquo;\u00e0 quand, Catilina, abuseras-tu de notre patience ?\u00a0\u00bb Dans l&rsquo;enceinte du S\u00e9nat romain, ces mots de Cic\u00e9ron r\u00e9sonnent comme un glas. Ils convaincront les s\u00e9nateurs romains de mettre fin aux conjurations de Catilina.<\/p>\n<p>Dans cet article, nous poursuivons avec Cic\u00e9ron, l\u2019un des hommes politiques les plus c\u00e9l\u00e8bres de l\u2019Antiquit\u00e9, la s\u00e9rie des portraits de grands orateurs de l\u2019Histoire. Son \u00e9loquence r\u00e9put\u00e9e lui aura permis de s\u2019extraire de sa condition relativement modeste. Et aussi de d\u00e9fendre la R\u00e9publique romaine contre les coups de ses adversaires.<\/p>\n<h6><strong>PREMI\u00c8RES ARMES<\/strong><\/h6>\n<p>Cic\u00e9ron na\u00eet dans une famille de la petite bourgeoisie latine . C&rsquo;est pourquoi l\u2019aristocratie romaine niera sa l\u00e9gitimit\u00e9 pour embrasser une carri\u00e8re politique d\u2019envergure. Quelques mois d&rsquo;un service militaire d\u00e9plaisant le d\u00e9go\u00fbtent du m\u00e9tier des armes. Par l\u00e0, il se d\u00e9marque de son contemporain Jules C\u00e9sar dont plusieurs membres de la famille \u00e9taient d\u00e9j\u00e0 d\u2019\u00e9minents praticiens et qui se couvrit de gloire dans ses campagnes militaires.<\/p>\n<p>Dans sa jeunesse, Cic\u00e9ron \u00e9tudie le droit, la philosophie et la rh\u00e9torique. Un de ces ma\u00eetres, Philon de Larsa, lui enseigne, dans la tradition des penseurs grecs, que c&rsquo;est en opposant les points de vue que surgit la v\u00e9rit\u00e9. Il commence alors une carri\u00e8re d&rsquo;avocat. Son \u00e9loquence lui fait gagner des proc\u00e8s rendant ainsi ses clients redevables pour se constituer un solide r\u00e9seau d\u2019influence.<\/p>\n<p>Le fait d&rsquo;arme qui le rend c\u00e9l\u00e8bre est le proc\u00e8s contre Verr\u00e8s. Ancien propr\u00e9teur de Sicile, ce dernier a tremp\u00e9 dans des affaires de corruption et de pillage d\u2019\u0153uvres d\u2019art. La plaidoirie de Cic\u00e9ron est si brillante que son adversaire, que d\u00e9fend pourtant le plus grand orateur de l\u2019\u00e9poque, s\u2019enfuit \u00e0 Marseille pour \u00e9chapper \u00e0 une condamnation certaine.<\/p>\n<h6><strong>L\u2019HOMME POLITIQUE<\/strong><\/h6>\n<p>A 30 ans, l&rsquo;\u00e2ge minimum l\u00e9gal, il entame le \u201ccursus honorum\u201d, pour acc\u00e9der aux plus importantes magistratures publiques. D\u2019abord questeur, puis \u00e9dile, il devient consul, le poste le plus \u00e9lev\u00e9 dans la R\u00e9publique romaine. Il est le premier \u201chomo novus\u201d (homme nouveau, c\u2019est-\u00e0-dire n\u2019ayant aucun magistrat dans sa famille) \u00e0 exercer cette charge. Ce parcours politique brillant n&rsquo;a b\u00e9n\u00e9fici\u00e9 d&rsquo;aucun autre appui que son prestige d&rsquo;avocat et d&rsquo;orateur. L\u2019\u00e9loquence a constitu\u00e9, en quelque sorte, son \u201cascenseur social\u201d.<\/p>\n<p>Cic\u00e9ron \u00e9tait-il cet orateur pompeux d\u00e9cri\u00e9 par Montaigne qui disait de lui : \u201c[sa] pratique oratoire \u2026, c&rsquo;est l&rsquo;art de faire des grands souliers pour un petit pied\u201d? Au contraire, son apport \u00e0 l\u2019art rh\u00e9torique est, n\u00e9anmoins, immense.<\/p>\n<h6><strong>LE TH\u00c9ORICIEN DE L\u2019\u00c9LOQUENCE<\/strong><\/h6>\n<p>Pour la post\u00e9rit\u00e9, Cic\u00e9ron est d\u2019abord un th\u00e9oricien dont les trait\u00e9s d\u2019\u00e9loquence ont travers\u00e9 les \u00e9poques jusqu&rsquo;\u00e0 nous. Comme le <em>De Inventione<\/em>, sur la composition de l\u2019argumentation, ou le <em>De Oratore<\/em>, sur l\u2019art oratoire en g\u00e9n\u00e9ral. Il a ainsi d\u00e9fini les conditions pour que l&rsquo;homme de parole, m\u00ealant habilet\u00e9 politique et rh\u00e9torique, inspire le gouvernement de la cit\u00e9.<\/p>\n<p>Pour lui, un grand orateur doit occuper une place de premier plan dans cette cit\u00e9, plus \u00e9minente que les militaires. Sa devise \u00e9tait d\u2019ailleurs \u201cQue les armes le c\u00e8dent \u00e0 la toge\u201d. A cette fin, le (bon) discours a trois fonctions compl\u00e9mentaires: instruire en prouvant ce qu&rsquo;on affirme, plaire pour se concilier la bienveillance de l&rsquo;auditoire et \u00e9mouvoir pour \u00e9veiller les \u00e9motions utiles \u00e0 la cause.<\/p>\n<p>Il a, en particulier, codifi\u00e9 l\u2019\u201cinventio\u201d, ce moment, dans l\u2019\u00e9laboration d\u2019un discours, o\u00f9 l\u2019orateur recherche les id\u00e9es pour chacune des parties de sa prise de parole que sont l&rsquo;exorde, la narration, la division, la confirmation, la r\u00e9futation et la conclusion. Par exemple, l\u2019exorde, dont d\u00e9pend le succ\u00e8s de tout le discours, doit, selon Cic\u00e9ron, capter l\u2019attention des auditeurs sur le sujet pr\u00e9sent\u00e9, concilier leur bienveillance et montrer que l\u2019int\u00e9r\u00eat du public rejoint celui de l\u2019orateur.<\/p>\n<h6><strong>ENCORE D\u2019ACTUALIT\u00c9 DE NOS JOURS<\/strong><\/h6>\n<p>De tels objectifs sont ceux de l\u2019introduction d\u2019un discours moderne bien structur\u00e9, telle qu\u2019on l\u2019enseigne chez Toastmasters. A cet \u00e9gard, Cic\u00e9ron peut \u00eatre consid\u00e9r\u00e9 comme l\u2019inventeur du concept de <strong><u>convenance<\/u><\/strong>, cette capacit\u00e9 de l\u2019orateur \u00e0 adapter son discours aux circonstances, car, pour lui, le bon rh\u00e9teur ne doit pas s&rsquo;adresser \u00e0 tout le monde de la m\u00eame fa\u00e7on.<\/p>\n<p>Cic\u00e9ron fut aussi un praticien, qui pronon\u00e7a 150 discours marquants en 40 ans de carri\u00e8re. Chez Toastmasters, il aurait pu donc \u00eatre 4 fois DTM<sup class=\"modern-footnotes-footnote \" data-mfn=\"1\" data-mfn-post-scope=\"000000002691f74c000000001e9a897f_466\"><a href=\"javascript:void(0)\"  role=\"button\" aria-pressed=\"false\" aria-describedby=\"mfn-content-000000002691f74c000000001e9a897f_466-1\">1<\/a><\/sup><span id=\"mfn-content-000000002691f74c000000001e9a897f_466-1\" role=\"tooltip\" class=\"modern-footnotes-footnote__note\" tabindex=\"0\" data-mfn=\"1\">DTM : Distinguished Toastmaster. C\u2019est le plus haut niveau atteint par un adh\u00e9rent.<\/span> ! Avec ses \u00e9l\u00e8ves, il se livrait \u00e0 des exercices oratoires sur des th\u00e8mes d&rsquo;actualit\u00e9, sans doute proches des Table Topics\u2122 de Toastmasters.<\/p>\n<h6><strong>POUR ALLER PLUS LOIN<\/strong><\/h6>\n<p>Cic\u00e9ron repr\u00e9sente donc la quintessence de l\u2019\u00e9loquence latine. Son expertise lui a permis de gravir un \u00e0 un les \u00e9chelons de la R\u00e9publique romaine. Malheureusement, les armes ont eu raison de lui puisqu\u2019il mourut assassin\u00e9 \u00e0 l&rsquo;\u00e2ge de 63 ans, sur ordre de son ultime ennemi, Marc-Antoine.<\/p>\n<p>Il n\u2019en reste pas moins que sa gloire d&rsquo;orateur a travers\u00e9 les si\u00e8cles. Voulez-vous rencontrer les Cic\u00e9rons de demain? Venez donc assister \u00e0 une r\u00e9union Toastmasters. C\u2019est <a href=\"https:\/\/club-etincelle.org\/ou-nous-trouver\/\" target=\"_blank\" rel=\"noopener\">ici<\/a>.<\/p>\n<p>&nbsp;<\/p>\n","protected":false},"excerpt":{"rendered":"<p>Pour Cic\u00e9ron, l\u2019immense orateur latin, l\u2019\u00e9loquence fut le moyen d\u2019acc\u00e9der aux plus hautes fonctions de la R\u00e9publique romaine Jusqu&rsquo;\u00e0 quand, Catilina, abuseras-tu de notre patience ?\u00a0\u00bb Dans l&rsquo;enceinte du S\u00e9nat romain, ces mots de Cic\u00e9ron r\u00e9sonnent comme un glas. Ils convaincront les s\u00e9nateurs romains de mettre fin aux conjurations de Catilina. Dans cet article, nous [&hellip;]<\/p>\n","protected":false},"author":2,"featured_media":0,"comment_status":"open","ping_status":"open","sticky":false,"template":"","format":"standard","meta":{"_monsterinsights_skip_tracking":false,"_monsterinsights_sitenote_active":false,"_monsterinsights_sitenote_note":"","_monsterinsights_sitenote_category":0,"footnotes":""},"categories":[8,2],"tags":[],"class_list":["post-466","post","type-post","status-publish","format-standard","hentry","category-communication","category-toastmasters"],"yoast_head":"<!-- This site is optimized with the Yoast SEO plugin v27.4 - https:\/\/yoast.com\/product\/yoast-seo-wordpress\/ -->\n<title>Les enseignements des grands orateurs de l&#039;Histoire: Cic\u00e9ron - Fa\u00e7ons de parler<\/title>\n<meta name=\"robots\" content=\"index, follow, max-snippet:-1, max-image-preview:large, max-video-preview:-1\" \/>\n<link rel=\"canonical\" href=\"https:\/\/www.elecyt.org\/blog\/2022\/06\/27\/les-enseignements-des-grands-orateurs-de-lhistoire-ciceron\/\" \/>\n<meta property=\"og:locale\" content=\"fr_FR\" \/>\n<meta property=\"og:type\" content=\"article\" \/>\n<meta property=\"og:title\" content=\"Les enseignements des grands orateurs de l&#039;Histoire: Cic\u00e9ron - Fa\u00e7ons de parler\" \/>\n<meta property=\"og:description\" content=\"Pour Cic\u00e9ron, l\u2019immense orateur latin, l\u2019\u00e9loquence fut le moyen d\u2019acc\u00e9der aux plus hautes fonctions de la R\u00e9publique romaine Jusqu&rsquo;\u00e0 quand, Catilina, abuseras-tu de notre patience ?\u00a0\u00bb Dans l&rsquo;enceinte du S\u00e9nat romain, ces mots de Cic\u00e9ron r\u00e9sonnent comme un glas. Ils convaincront les s\u00e9nateurs romains de mettre fin aux conjurations de Catilina. Dans cet article, nous [&hellip;]\" \/>\n<meta property=\"og:url\" content=\"https:\/\/www.elecyt.org\/blog\/2022\/06\/27\/les-enseignements-des-grands-orateurs-de-lhistoire-ciceron\/\" \/>\n<meta property=\"og:site_name\" content=\"Fa\u00e7ons de parler\" \/>\n<meta property=\"article:published_time\" content=\"2022-06-27T12:24:18+00:00\" \/>\n<meta property=\"article:modified_time\" content=\"2022-06-28T13:26:47+00:00\" \/>\n<meta property=\"og:image\" content=\"https:\/\/www.elecyt.org\/blog\/wp-content\/uploads\/2022\/06\/Post_42_photo_1.png\" \/>\n<meta name=\"author\" content=\"Stephane Gantzer\" \/>\n<meta name=\"twitter:card\" content=\"summary_large_image\" \/>\n<meta name=\"twitter:label1\" content=\"\u00c9crit par\" \/>\n\t<meta name=\"twitter:data1\" content=\"Stephane Gantzer\" \/>\n\t<meta name=\"twitter:label2\" content=\"Dur\u00e9e de lecture estim\u00e9e\" \/>\n\t<meta name=\"twitter:data2\" content=\"5 minutes\" \/>\n<script type=\"application\/ld+json\" class=\"yoast-schema-graph\">{\"@context\":\"https:\\\/\\\/schema.org\",\"@graph\":[{\"@type\":\"Article\",\"@id\":\"https:\\\/\\\/www.elecyt.org\\\/blog\\\/2022\\\/06\\\/27\\\/les-enseignements-des-grands-orateurs-de-lhistoire-ciceron\\\/#article\",\"isPartOf\":{\"@id\":\"https:\\\/\\\/www.elecyt.org\\\/blog\\\/2022\\\/06\\\/27\\\/les-enseignements-des-grands-orateurs-de-lhistoire-ciceron\\\/\"},\"author\":{\"name\":\"Stephane Gantzer\",\"@id\":\"https:\\\/\\\/www.elecyt.org\\\/blog\\\/#\\\/schema\\\/person\\\/cd7dc81253b2db33748afb7355378e8b\"},\"headline\":\"Les enseignements des grands orateurs de l&rsquo;Histoire: Cic\u00e9ron\",\"datePublished\":\"2022-06-27T12:24:18+00:00\",\"dateModified\":\"2022-06-28T13:26:47+00:00\",\"mainEntityOfPage\":{\"@id\":\"https:\\\/\\\/www.elecyt.org\\\/blog\\\/2022\\\/06\\\/27\\\/les-enseignements-des-grands-orateurs-de-lhistoire-ciceron\\\/\"},\"wordCount\":941,\"commentCount\":0,\"publisher\":{\"@id\":\"https:\\\/\\\/www.elecyt.org\\\/blog\\\/#organization\"},\"image\":{\"@id\":\"https:\\\/\\\/www.elecyt.org\\\/blog\\\/2022\\\/06\\\/27\\\/les-enseignements-des-grands-orateurs-de-lhistoire-ciceron\\\/#primaryimage\"},\"thumbnailUrl\":\"https:\\\/\\\/www.elecyt.org\\\/blog\\\/wp-content\\\/uploads\\\/2022\\\/06\\\/Post_42_photo_1.png\",\"articleSection\":[\"Communication\",\"Toastmasters\"],\"inLanguage\":\"fr-FR\",\"potentialAction\":[{\"@type\":\"CommentAction\",\"name\":\"Comment\",\"target\":[\"https:\\\/\\\/www.elecyt.org\\\/blog\\\/2022\\\/06\\\/27\\\/les-enseignements-des-grands-orateurs-de-lhistoire-ciceron\\\/#respond\"]}]},{\"@type\":\"WebPage\",\"@id\":\"https:\\\/\\\/www.elecyt.org\\\/blog\\\/2022\\\/06\\\/27\\\/les-enseignements-des-grands-orateurs-de-lhistoire-ciceron\\\/\",\"url\":\"https:\\\/\\\/www.elecyt.org\\\/blog\\\/2022\\\/06\\\/27\\\/les-enseignements-des-grands-orateurs-de-lhistoire-ciceron\\\/\",\"name\":\"Les enseignements des grands orateurs de l'Histoire: Cic\u00e9ron - Fa\u00e7ons de parler\",\"isPartOf\":{\"@id\":\"https:\\\/\\\/www.elecyt.org\\\/blog\\\/#website\"},\"primaryImageOfPage\":{\"@id\":\"https:\\\/\\\/www.elecyt.org\\\/blog\\\/2022\\\/06\\\/27\\\/les-enseignements-des-grands-orateurs-de-lhistoire-ciceron\\\/#primaryimage\"},\"image\":{\"@id\":\"https:\\\/\\\/www.elecyt.org\\\/blog\\\/2022\\\/06\\\/27\\\/les-enseignements-des-grands-orateurs-de-lhistoire-ciceron\\\/#primaryimage\"},\"thumbnailUrl\":\"https:\\\/\\\/www.elecyt.org\\\/blog\\\/wp-content\\\/uploads\\\/2022\\\/06\\\/Post_42_photo_1.png\",\"datePublished\":\"2022-06-27T12:24:18+00:00\",\"dateModified\":\"2022-06-28T13:26:47+00:00\",\"breadcrumb\":{\"@id\":\"https:\\\/\\\/www.elecyt.org\\\/blog\\\/2022\\\/06\\\/27\\\/les-enseignements-des-grands-orateurs-de-lhistoire-ciceron\\\/#breadcrumb\"},\"inLanguage\":\"fr-FR\",\"potentialAction\":[{\"@type\":\"ReadAction\",\"target\":[\"https:\\\/\\\/www.elecyt.org\\\/blog\\\/2022\\\/06\\\/27\\\/les-enseignements-des-grands-orateurs-de-lhistoire-ciceron\\\/\"]}]},{\"@type\":\"ImageObject\",\"inLanguage\":\"fr-FR\",\"@id\":\"https:\\\/\\\/www.elecyt.org\\\/blog\\\/2022\\\/06\\\/27\\\/les-enseignements-des-grands-orateurs-de-lhistoire-ciceron\\\/#primaryimage\",\"url\":\"https:\\\/\\\/www.elecyt.org\\\/blog\\\/wp-content\\\/uploads\\\/2022\\\/06\\\/Post_42_photo_1.png\",\"contentUrl\":\"https:\\\/\\\/www.elecyt.org\\\/blog\\\/wp-content\\\/uploads\\\/2022\\\/06\\\/Post_42_photo_1.png\",\"width\":627,\"height\":428},{\"@type\":\"BreadcrumbList\",\"@id\":\"https:\\\/\\\/www.elecyt.org\\\/blog\\\/2022\\\/06\\\/27\\\/les-enseignements-des-grands-orateurs-de-lhistoire-ciceron\\\/#breadcrumb\",\"itemListElement\":[{\"@type\":\"ListItem\",\"position\":1,\"name\":\"Accueil\",\"item\":\"https:\\\/\\\/www.elecyt.org\\\/blog\\\/\"},{\"@type\":\"ListItem\",\"position\":2,\"name\":\"Les enseignements des grands orateurs de l&rsquo;Histoire: Cic\u00e9ron\"}]},{\"@type\":\"WebSite\",\"@id\":\"https:\\\/\\\/www.elecyt.org\\\/blog\\\/#website\",\"url\":\"https:\\\/\\\/www.elecyt.org\\\/blog\\\/\",\"name\":\"Fa\u00e7ons de parler\",\"description\":\"La communication par la pratique\",\"publisher\":{\"@id\":\"https:\\\/\\\/www.elecyt.org\\\/blog\\\/#organization\"},\"potentialAction\":[{\"@type\":\"SearchAction\",\"target\":{\"@type\":\"EntryPoint\",\"urlTemplate\":\"https:\\\/\\\/www.elecyt.org\\\/blog\\\/?s={search_term_string}\"},\"query-input\":{\"@type\":\"PropertyValueSpecification\",\"valueRequired\":true,\"valueName\":\"search_term_string\"}}],\"inLanguage\":\"fr-FR\"},{\"@type\":\"Organization\",\"@id\":\"https:\\\/\\\/www.elecyt.org\\\/blog\\\/#organization\",\"name\":\"Fa\u00e7ons de parler\",\"url\":\"https:\\\/\\\/www.elecyt.org\\\/blog\\\/\",\"logo\":{\"@type\":\"ImageObject\",\"inLanguage\":\"fr-FR\",\"@id\":\"https:\\\/\\\/www.elecyt.org\\\/blog\\\/#\\\/schema\\\/logo\\\/image\\\/\",\"url\":\"https:\\\/\\\/www.elecyt.org\\\/blog\\\/wp-content\\\/uploads\\\/2021\\\/10\\\/cropped-Logo-ELECYT-CMJN.jpg\",\"contentUrl\":\"https:\\\/\\\/www.elecyt.org\\\/blog\\\/wp-content\\\/uploads\\\/2021\\\/10\\\/cropped-Logo-ELECYT-CMJN.jpg\",\"width\":966,\"height\":369,\"caption\":\"Fa\u00e7ons de parler\"},\"image\":{\"@id\":\"https:\\\/\\\/www.elecyt.org\\\/blog\\\/#\\\/schema\\\/logo\\\/image\\\/\"}},{\"@type\":\"Person\",\"@id\":\"https:\\\/\\\/www.elecyt.org\\\/blog\\\/#\\\/schema\\\/person\\\/cd7dc81253b2db33748afb7355378e8b\",\"name\":\"Stephane Gantzer\",\"image\":{\"@type\":\"ImageObject\",\"inLanguage\":\"fr-FR\",\"@id\":\"https:\\\/\\\/secure.gravatar.com\\\/avatar\\\/a026a9ac79640a4084e74bf3c5273fdf14b3d26d08f476fcfd36c1d77261b730?s=96&d=mm&r=g\",\"url\":\"https:\\\/\\\/secure.gravatar.com\\\/avatar\\\/a026a9ac79640a4084e74bf3c5273fdf14b3d26d08f476fcfd36c1d77261b730?s=96&d=mm&r=g\",\"contentUrl\":\"https:\\\/\\\/secure.gravatar.com\\\/avatar\\\/a026a9ac79640a4084e74bf3c5273fdf14b3d26d08f476fcfd36c1d77261b730?s=96&d=mm&r=g\",\"caption\":\"Stephane Gantzer\"},\"url\":\"https:\\\/\\\/www.elecyt.org\\\/blog\\\/author\\\/stephane-gantzer\\\/\"}]}<\/script>\n<!-- \/ Yoast SEO plugin. -->","yoast_head_json":{"title":"Les enseignements des grands orateurs de l'Histoire: Cic\u00e9ron - Fa\u00e7ons de parler","robots":{"index":"index","follow":"follow","max-snippet":"max-snippet:-1","max-image-preview":"max-image-preview:large","max-video-preview":"max-video-preview:-1"},"canonical":"https:\/\/www.elecyt.org\/blog\/2022\/06\/27\/les-enseignements-des-grands-orateurs-de-lhistoire-ciceron\/","og_locale":"fr_FR","og_type":"article","og_title":"Les enseignements des grands orateurs de l'Histoire: Cic\u00e9ron - Fa\u00e7ons de parler","og_description":"Pour Cic\u00e9ron, l\u2019immense orateur latin, l\u2019\u00e9loquence fut le moyen d\u2019acc\u00e9der aux plus hautes fonctions de la R\u00e9publique romaine Jusqu&rsquo;\u00e0 quand, Catilina, abuseras-tu de notre patience ?\u00a0\u00bb Dans l&rsquo;enceinte du S\u00e9nat romain, ces mots de Cic\u00e9ron r\u00e9sonnent comme un glas. Ils convaincront les s\u00e9nateurs romains de mettre fin aux conjurations de Catilina. Dans cet article, nous [&hellip;]","og_url":"https:\/\/www.elecyt.org\/blog\/2022\/06\/27\/les-enseignements-des-grands-orateurs-de-lhistoire-ciceron\/","og_site_name":"Fa\u00e7ons de parler","article_published_time":"2022-06-27T12:24:18+00:00","article_modified_time":"2022-06-28T13:26:47+00:00","og_image":[{"url":"https:\/\/www.elecyt.org\/blog\/wp-content\/uploads\/2022\/06\/Post_42_photo_1.png","type":"","width":"","height":""}],"author":"Stephane Gantzer","twitter_card":"summary_large_image","twitter_misc":{"\u00c9crit par":"Stephane Gantzer","Dur\u00e9e de lecture estim\u00e9e":"5 minutes"},"schema":{"@context":"https:\/\/schema.org","@graph":[{"@type":"Article","@id":"https:\/\/www.elecyt.org\/blog\/2022\/06\/27\/les-enseignements-des-grands-orateurs-de-lhistoire-ciceron\/#article","isPartOf":{"@id":"https:\/\/www.elecyt.org\/blog\/2022\/06\/27\/les-enseignements-des-grands-orateurs-de-lhistoire-ciceron\/"},"author":{"name":"Stephane Gantzer","@id":"https:\/\/www.elecyt.org\/blog\/#\/schema\/person\/cd7dc81253b2db33748afb7355378e8b"},"headline":"Les enseignements des grands orateurs de l&rsquo;Histoire: Cic\u00e9ron","datePublished":"2022-06-27T12:24:18+00:00","dateModified":"2022-06-28T13:26:47+00:00","mainEntityOfPage":{"@id":"https:\/\/www.elecyt.org\/blog\/2022\/06\/27\/les-enseignements-des-grands-orateurs-de-lhistoire-ciceron\/"},"wordCount":941,"commentCount":0,"publisher":{"@id":"https:\/\/www.elecyt.org\/blog\/#organization"},"image":{"@id":"https:\/\/www.elecyt.org\/blog\/2022\/06\/27\/les-enseignements-des-grands-orateurs-de-lhistoire-ciceron\/#primaryimage"},"thumbnailUrl":"https:\/\/www.elecyt.org\/blog\/wp-content\/uploads\/2022\/06\/Post_42_photo_1.png","articleSection":["Communication","Toastmasters"],"inLanguage":"fr-FR","potentialAction":[{"@type":"CommentAction","name":"Comment","target":["https:\/\/www.elecyt.org\/blog\/2022\/06\/27\/les-enseignements-des-grands-orateurs-de-lhistoire-ciceron\/#respond"]}]},{"@type":"WebPage","@id":"https:\/\/www.elecyt.org\/blog\/2022\/06\/27\/les-enseignements-des-grands-orateurs-de-lhistoire-ciceron\/","url":"https:\/\/www.elecyt.org\/blog\/2022\/06\/27\/les-enseignements-des-grands-orateurs-de-lhistoire-ciceron\/","name":"Les enseignements des grands orateurs de l'Histoire: Cic\u00e9ron - Fa\u00e7ons de parler","isPartOf":{"@id":"https:\/\/www.elecyt.org\/blog\/#website"},"primaryImageOfPage":{"@id":"https:\/\/www.elecyt.org\/blog\/2022\/06\/27\/les-enseignements-des-grands-orateurs-de-lhistoire-ciceron\/#primaryimage"},"image":{"@id":"https:\/\/www.elecyt.org\/blog\/2022\/06\/27\/les-enseignements-des-grands-orateurs-de-lhistoire-ciceron\/#primaryimage"},"thumbnailUrl":"https:\/\/www.elecyt.org\/blog\/wp-content\/uploads\/2022\/06\/Post_42_photo_1.png","datePublished":"2022-06-27T12:24:18+00:00","dateModified":"2022-06-28T13:26:47+00:00","breadcrumb":{"@id":"https:\/\/www.elecyt.org\/blog\/2022\/06\/27\/les-enseignements-des-grands-orateurs-de-lhistoire-ciceron\/#breadcrumb"},"inLanguage":"fr-FR","potentialAction":[{"@type":"ReadAction","target":["https:\/\/www.elecyt.org\/blog\/2022\/06\/27\/les-enseignements-des-grands-orateurs-de-lhistoire-ciceron\/"]}]},{"@type":"ImageObject","inLanguage":"fr-FR","@id":"https:\/\/www.elecyt.org\/blog\/2022\/06\/27\/les-enseignements-des-grands-orateurs-de-lhistoire-ciceron\/#primaryimage","url":"https:\/\/www.elecyt.org\/blog\/wp-content\/uploads\/2022\/06\/Post_42_photo_1.png","contentUrl":"https:\/\/www.elecyt.org\/blog\/wp-content\/uploads\/2022\/06\/Post_42_photo_1.png","width":627,"height":428},{"@type":"BreadcrumbList","@id":"https:\/\/www.elecyt.org\/blog\/2022\/06\/27\/les-enseignements-des-grands-orateurs-de-lhistoire-ciceron\/#breadcrumb","itemListElement":[{"@type":"ListItem","position":1,"name":"Accueil","item":"https:\/\/www.elecyt.org\/blog\/"},{"@type":"ListItem","position":2,"name":"Les enseignements des grands orateurs de l&rsquo;Histoire: Cic\u00e9ron"}]},{"@type":"WebSite","@id":"https:\/\/www.elecyt.org\/blog\/#website","url":"https:\/\/www.elecyt.org\/blog\/","name":"Fa\u00e7ons de parler","description":"La communication par la pratique","publisher":{"@id":"https:\/\/www.elecyt.org\/blog\/#organization"},"potentialAction":[{"@type":"SearchAction","target":{"@type":"EntryPoint","urlTemplate":"https:\/\/www.elecyt.org\/blog\/?s={search_term_string}"},"query-input":{"@type":"PropertyValueSpecification","valueRequired":true,"valueName":"search_term_string"}}],"inLanguage":"fr-FR"},{"@type":"Organization","@id":"https:\/\/www.elecyt.org\/blog\/#organization","name":"Fa\u00e7ons de parler","url":"https:\/\/www.elecyt.org\/blog\/","logo":{"@type":"ImageObject","inLanguage":"fr-FR","@id":"https:\/\/www.elecyt.org\/blog\/#\/schema\/logo\/image\/","url":"https:\/\/www.elecyt.org\/blog\/wp-content\/uploads\/2021\/10\/cropped-Logo-ELECYT-CMJN.jpg","contentUrl":"https:\/\/www.elecyt.org\/blog\/wp-content\/uploads\/2021\/10\/cropped-Logo-ELECYT-CMJN.jpg","width":966,"height":369,"caption":"Fa\u00e7ons de parler"},"image":{"@id":"https:\/\/www.elecyt.org\/blog\/#\/schema\/logo\/image\/"}},{"@type":"Person","@id":"https:\/\/www.elecyt.org\/blog\/#\/schema\/person\/cd7dc81253b2db33748afb7355378e8b","name":"Stephane Gantzer","image":{"@type":"ImageObject","inLanguage":"fr-FR","@id":"https:\/\/secure.gravatar.com\/avatar\/a026a9ac79640a4084e74bf3c5273fdf14b3d26d08f476fcfd36c1d77261b730?s=96&d=mm&r=g","url":"https:\/\/secure.gravatar.com\/avatar\/a026a9ac79640a4084e74bf3c5273fdf14b3d26d08f476fcfd36c1d77261b730?s=96&d=mm&r=g","contentUrl":"https:\/\/secure.gravatar.com\/avatar\/a026a9ac79640a4084e74bf3c5273fdf14b3d26d08f476fcfd36c1d77261b730?s=96&d=mm&r=g","caption":"Stephane Gantzer"},"url":"https:\/\/www.elecyt.org\/blog\/author\/stephane-gantzer\/"}]}},"_links":{"self":[{"href":"https:\/\/www.elecyt.org\/blog\/wp-json\/wp\/v2\/posts\/466","targetHints":{"allow":["GET"]}}],"collection":[{"href":"https:\/\/www.elecyt.org\/blog\/wp-json\/wp\/v2\/posts"}],"about":[{"href":"https:\/\/www.elecyt.org\/blog\/wp-json\/wp\/v2\/types\/post"}],"author":[{"embeddable":true,"href":"https:\/\/www.elecyt.org\/blog\/wp-json\/wp\/v2\/users\/2"}],"replies":[{"embeddable":true,"href":"https:\/\/www.elecyt.org\/blog\/wp-json\/wp\/v2\/comments?post=466"}],"version-history":[{"count":9,"href":"https:\/\/www.elecyt.org\/blog\/wp-json\/wp\/v2\/posts\/466\/revisions"}],"predecessor-version":[{"id":476,"href":"https:\/\/www.elecyt.org\/blog\/wp-json\/wp\/v2\/posts\/466\/revisions\/476"}],"wp:attachment":[{"href":"https:\/\/www.elecyt.org\/blog\/wp-json\/wp\/v2\/media?parent=466"}],"wp:term":[{"taxonomy":"category","embeddable":true,"href":"https:\/\/www.elecyt.org\/blog\/wp-json\/wp\/v2\/categories?post=466"},{"taxonomy":"post_tag","embeddable":true,"href":"https:\/\/www.elecyt.org\/blog\/wp-json\/wp\/v2\/tags?post=466"}],"curies":[{"name":"wp","href":"https:\/\/api.w.org\/{rel}","templated":true}]}}