{"id":452,"date":"2022-06-23T17:43:57","date_gmt":"2022-06-23T15:43:57","guid":{"rendered":"https:\/\/www.elecyt.org\/blog\/?p=452"},"modified":"2022-06-23T18:24:32","modified_gmt":"2022-06-23T16:24:32","slug":"comment-aider-les-gens-a-changer","status":"publish","type":"post","link":"https:\/\/www.elecyt.org\/blog\/2022\/06\/23\/comment-aider-les-gens-a-changer\/","title":{"rendered":"Comment aider les gens \u00e0 changer ?"},"content":{"rendered":"<h5 style=\"text-align: center;\"><strong>L&rsquo;entretien motivationnel est un mode de communication con\u00e7u pour surmonter la r\u00e9ticence face au changement<\/strong><\/h5>\n<p><img loading=\"lazy\" decoding=\"async\" class=\"aligncenter wp-image-453 size-full\" src=\"https:\/\/www.elecyt.org\/blog\/wp-content\/uploads\/2022\/06\/Post_66_photo_1.png\" alt=\"\" width=\"627\" height=\"418\" srcset=\"https:\/\/www.elecyt.org\/blog\/wp-content\/uploads\/2022\/06\/Post_66_photo_1.png 627w, https:\/\/www.elecyt.org\/blog\/wp-content\/uploads\/2022\/06\/Post_66_photo_1-400x267.png 400w\" sizes=\"auto, (max-width: 627px) 100vw, 627px\" \/><\/p>\n<p class=\"has-drop-cap\">Le pharmacien prend son courage \u00e0 deux mains: \u00ab\u00a0Madame Legal, si vous en \u00eates d&rsquo;accord, j&rsquo;aimerais parler de la vaccination contre le covid avec vous\u00a0\u00bb. \u00ab\u00a0Oh vous savez, on m&rsquo;a dit que ce n&rsquo;\u00e9tait pas bon \u00e0 cause de mes probl\u00e8mes cardiaques\u00a0\u00bb. Malgr\u00e9 cette entr\u00e9e en mati\u00e8re difficile, il parviendra \u00e0 modifier le point de vue de sa cliente. Pour cela, il utilisera une d\u00e9marche \u00e0 laquelle il vient de se former: l&rsquo;entretien motivationnel.<\/p>\n<p>L&rsquo;entretien motivationnel, plut\u00f4t qu&rsquo;une technique, est un mode de communication entre deux personnes, l&rsquo;un le \u00ab\u00a0client\u00a0\u00bb qui b\u00e9n\u00e9ficie de l&rsquo;intervention, l&rsquo;autre l \u00ab\u00a0intervenant\u00a0\u00bb qui anime le dialogue. Il permet de surmonter la r\u00e9ticence du client face \u00e0 un changement rendu n\u00e9cessaire par une situation probl\u00e9matique, comme ici la vaccination contre le covid.<\/p>\n<h6><strong>UNE BR\u00c8VE HISTOIRE DE LA M\u00c9THODE<\/strong><\/h6>\n<p>Le pr\u00e9curseur de l&rsquo;entretien motivationnel est le psychologue am\u00e9ricain Carl Rogers (1902-1987). Il est le p\u00e8re de l&rsquo;approche centr\u00e9e sur la personne. Elle postule que le client poss\u00e8de les ressources pour se sortir de ses probl\u00e8mes. Il sait ce qui est le mieux pour lui et comment il doit conduire sa vie. De fait, l&rsquo;intervenant n&rsquo;est ni un expert, ni un conseiller, mais un accompagnant. Il aide le client \u00e0 \u00e9laborer, \u00e0 explorer et \u00e0 r\u00e9fl\u00e9chir. Il ne porte pas de jugement, ni n\u00e9gatif, ni positif, sur les orientations que va prendre le client.<\/p>\n<p>William Miller (n\u00e9 en 1947), dans la lign\u00e9e de Rogers, est l&rsquo;inventeur de l&rsquo;entretien motivationnel. Dans sa pratique de m\u00e9decin addictologue, il a constat\u00e9 que les intervenants les plus empathiques \u00e9taient ceux dont les patients diminuaient le plus leur consommation d&rsquo;alcool. Il remarqua que les probl\u00e8mes auxquels font fassent les patients sont li\u00e9s \u00e0 des choix o\u00f9 il y a toujours une alternative: changer ou maintenir le statu quo. Face \u00e0 ce choix, ils sont ambivalents.<\/p>\n<p>Il a montr\u00e9 que la probabilit\u00e9 qu&rsquo;un client change \u00e9tait corr\u00e9l\u00e9e \u00e0 la fr\u00e9quence, dans son discours, d&rsquo;expressions manifestant le changement, comme par exemple \u00ab\u00a0j&rsquo;ai l&rsquo;intention de\u00a0\u00bb, \u00ab\u00a0je souhaiterais\u00a0\u00bb. Il a donc compl\u00e9t\u00e9 l&rsquo;approche non-directive de Rogers en \u00e9dictant quelques principes destin\u00e9s \u00e0 augmenter l&rsquo;apparition des mots du changement chez les clients.<\/p>\n<h6><strong>PRINCIPES DE L&rsquo;ENTRETIEN MOTIVATIONNEL<\/strong><\/h6>\n<p>Pour Miller, deux facteurs principaux motivent un client \u00e0 changer. D&rsquo;une part, la valeur qu&rsquo;il attache \u00e0 ce changement, son importance. Et d&rsquo;autre part, la confiance qu&rsquo;il a en sa capacit\u00e9 d&rsquo;accomplir ce changement. En cela, Miller s&rsquo;est appuy\u00e9 sur les travaux d&rsquo;Albert Bandura d\u00e9montrant que la confiance pr\u00e9disait la mise en acte r\u00e9ussie d&rsquo;une modification du comportement.<\/p>\n<p>Afin d&rsquo;\u00e9voquer l&rsquo;importance du changement et de susciter la confiance chez le client, l&rsquo;intervenant doit d\u00e9velopper des capacit\u00e9s d&#8217;empathie. Elles lui permettront d&rsquo;entrer en r\u00e9sonance avec le client sans \u00eatre submerg\u00e9 par l&rsquo;\u00e9motion. L&rsquo;\u00e9coute non directive est l&rsquo;instrument cl\u00e9 pour manifester cette empathie.<\/p>\n<p>Client et intervenants sont des partenaires: le client apporte l&rsquo;expertise de lui-m\u00eame, tandis que l&rsquo;intervenant apporte une expertise de la probl\u00e9matique du client.<\/p>\n<p>L&rsquo;intervenant ne fournit pas de jugement, ni de conseils, mais des informations destin\u00e9es \u00e0 \u00e9clairer la d\u00e9cision du patient.<\/p>\n<h6><strong>DES OUTILS POUR SUSCITER LE DISCOURS-CHANGEMENT<\/strong><\/h6>\n<p>Au fil du temps, Miller et ses \u00e9mules ont codifi\u00e9 de nombreux instruments pour faciliter la communication entre le client et l&rsquo;intervenant. Les plus utilis\u00e9s sont rassembl\u00e9s dans l&rsquo;acronyme <strong>OuVERD<\/strong>:<\/p>\n<ul>\n<li>Poser des questions <strong><u>Ou<\/u><\/strong>vertes. A la diff\u00e9rence des questions ferm\u00e9es auxquelles on r\u00e9pond par oui ou par non, elles permettent au client de d\u00e9velopper sa r\u00e9ponse. Par exemple \u201cComment pourriez-vous vous y prendre pour y arriver ?\u201d,\u00a0 ou bien \u201cEt maintenant, que pensez-vous faire ?\u201d<\/li>\n<li><strong><u>V<\/u><\/strong>aloriser les forces, les valeurs et les efforts du client. La valorisation augmente la confiance en soi du client. Il ne s&rsquo;agit pas de le f\u00e9liciter, mais de relever, dans son r\u00e9cit, des \u00e9l\u00e9ments objectifs qui montrent ses valeurs, de lui rappeler ses r\u00e9ussites et ses points forts<\/li>\n<li><strong><u>E<\/u><\/strong>couter en reflet pour v\u00e9rifier qu\u2019il a bien compris le client. Les reflets peuvent \u00eatre simples, en r\u00e9p\u00e9tant ce qui vient d\u2019\u00eatre dit, double, en refl\u00e9tant deux assertions qui semblent se contredire, exag\u00e9r\u00e9, en amplifiant volontairement le reflet ou hypoth\u00e9tique, en \u00e9mettant une supposition qui compl\u00e8te la parole de la personne. Ces reflets ont pour but de permettre \u00e0 la conversation de se d\u00e9velopper et d\u2019explorer toutes les facettes de l\u2019ambivalence, en suscitant un discours-changement<\/li>\n<li><strong><u>R<\/u><\/strong>\u00e9sumer de temps en temps, pour rappeler le discours-changement exprim\u00e9 par le client<\/li>\n<li><strong><u>D<\/u><\/strong>onner de l&rsquo;information en demandant la permission au client et \u00e0 condition que cela corresponde \u00e0 un besoin.<\/li>\n<\/ul>\n<h6><strong>\u00a0<\/strong><strong>DES APPLICATIONS DANS DE NOMBREUX DOMAINES<\/strong><\/h6>\n<p>A l&rsquo;origine, l&rsquo;addictologie fut le premier domaine d&rsquo;intervention de l&rsquo;entretien motivationnel. Depuis lors, de nombreux champs l&rsquo;utilise, en particulier:<\/p>\n<ul>\n<li>M\u00e9dical, dans le cadre de l&rsquo;\u00e9ducation th\u00e9rapeutique, du traitement des maladies chroniques et de la di\u00e9t\u00e9tique<\/li>\n<li>Social, notamment dans un contexte de pr\u00e9vention (r\u00e9duction des violences conjugales ou du risque sexuel)<\/li>\n<li>\u00c9ducation, pour l&rsquo;accompagnement des \u00e9l\u00e8ves en difficult\u00e9 ou le <a href=\"https:\/\/www.elecyt.org\/blog\/2022\/06\/21\/le-mentorat-ou-la-machine-a-motivation\/\" target=\"_blank\" rel=\"noopener\">mentorat<\/a> dans la formation<\/li>\n<li>Judiciaire, pour accompagner la r\u00e9insertion apr\u00e8s un parcours carc\u00e9ral<\/li>\n<li>Insertion professionnelle, pour l&rsquo;accompagnement des ch\u00f4meurs<\/li>\n<\/ul>\n<p>Cette m\u00e9thode est particuli\u00e8rement efficace avec de jeunes clients. Elle se pratique \u00e9galement en groupe. Elle continue \u00e0 \u00eatre \u00e9valu\u00e9e et am\u00e9lior\u00e9e au travers de nombreux essais cliniques.<\/p>\n<h6><strong>POUR ALLER PLUS LOIN<\/strong><\/h6>\n<p>L&rsquo;entretien motivationnel est une d\u00e9marche qui allie humanisme et efficacit\u00e9. L&rsquo;association francophone de d\u00e9veloppement de l&rsquo;entretien motivationnel (<a href=\"https:\/\/afdem.org\/\" target=\"_blank\" rel=\"noopener\">AFDEM<\/a>) organise r\u00e9guli\u00e8rement des <a href=\"https:\/\/afdem.org\/formations\/\" target=\"_blank\" rel=\"noopener\">formations<\/a> \u00e0 sa pratique, depuis le niveau le plus basique jusqu&rsquo;\u00e0 la supervision (lien). Alors qu&rsquo;attendez-vous pour vous inscrire?<\/p>\n","protected":false},"excerpt":{"rendered":"<p>L&rsquo;entretien motivationnel est un mode de communication con\u00e7u pour surmonter la r\u00e9ticence face au changement Le pharmacien prend son courage \u00e0 deux mains: \u00ab\u00a0Madame Legal, si vous en \u00eates d&rsquo;accord, j&rsquo;aimerais parler de la vaccination contre le covid avec vous\u00a0\u00bb. \u00ab\u00a0Oh vous savez, on m&rsquo;a dit que ce n&rsquo;\u00e9tait pas bon \u00e0 cause de mes [&hellip;]<\/p>\n","protected":false},"author":2,"featured_media":0,"comment_status":"open","ping_status":"open","sticky":false,"template":"","format":"standard","meta":{"_monsterinsights_skip_tracking":false,"_monsterinsights_sitenote_active":false,"_monsterinsights_sitenote_note":"","_monsterinsights_sitenote_category":0,"footnotes":""},"categories":[13,12,9],"tags":[],"class_list":["post-452","post","type-post","status-publish","format-standard","hentry","category-insertion-professionnelle","category-mentorat","category-psychologie"],"yoast_head":"<!-- This site is optimized with the Yoast SEO plugin v27.4 - https:\/\/yoast.com\/product\/yoast-seo-wordpress\/ -->\n<title>Comment aider les gens \u00e0 changer ? - Fa\u00e7ons de parler<\/title>\n<meta name=\"robots\" content=\"index, follow, max-snippet:-1, max-image-preview:large, max-video-preview:-1\" \/>\n<link rel=\"canonical\" href=\"https:\/\/www.elecyt.org\/blog\/2022\/06\/23\/comment-aider-les-gens-a-changer\/\" \/>\n<meta property=\"og:locale\" content=\"fr_FR\" \/>\n<meta property=\"og:type\" content=\"article\" \/>\n<meta property=\"og:title\" content=\"Comment aider les gens \u00e0 changer ? - Fa\u00e7ons de parler\" \/>\n<meta property=\"og:description\" content=\"L&rsquo;entretien motivationnel est un mode de communication con\u00e7u pour surmonter la r\u00e9ticence face au changement Le pharmacien prend son courage \u00e0 deux mains: \u00ab\u00a0Madame Legal, si vous en \u00eates d&rsquo;accord, j&rsquo;aimerais parler de la vaccination contre le covid avec vous\u00a0\u00bb. \u00ab\u00a0Oh vous savez, on m&rsquo;a dit que ce n&rsquo;\u00e9tait pas bon \u00e0 cause de mes [&hellip;]\" \/>\n<meta property=\"og:url\" content=\"https:\/\/www.elecyt.org\/blog\/2022\/06\/23\/comment-aider-les-gens-a-changer\/\" \/>\n<meta property=\"og:site_name\" content=\"Fa\u00e7ons de parler\" \/>\n<meta property=\"article:published_time\" content=\"2022-06-23T15:43:57+00:00\" \/>\n<meta property=\"article:modified_time\" content=\"2022-06-23T16:24:32+00:00\" \/>\n<meta property=\"og:image\" content=\"https:\/\/www.elecyt.org\/blog\/wp-content\/uploads\/2022\/06\/Post_66_photo_1.png\" \/>\n<meta name=\"author\" content=\"Stephane Gantzer\" \/>\n<meta name=\"twitter:card\" content=\"summary_large_image\" \/>\n<meta name=\"twitter:label1\" content=\"\u00c9crit par\" \/>\n\t<meta name=\"twitter:data1\" content=\"Stephane Gantzer\" \/>\n\t<meta name=\"twitter:label2\" content=\"Dur\u00e9e de lecture estim\u00e9e\" \/>\n\t<meta name=\"twitter:data2\" content=\"5 minutes\" \/>\n<script type=\"application\/ld+json\" class=\"yoast-schema-graph\">{\"@context\":\"https:\\\/\\\/schema.org\",\"@graph\":[{\"@type\":\"Article\",\"@id\":\"https:\\\/\\\/www.elecyt.org\\\/blog\\\/2022\\\/06\\\/23\\\/comment-aider-les-gens-a-changer\\\/#article\",\"isPartOf\":{\"@id\":\"https:\\\/\\\/www.elecyt.org\\\/blog\\\/2022\\\/06\\\/23\\\/comment-aider-les-gens-a-changer\\\/\"},\"author\":{\"name\":\"Stephane Gantzer\",\"@id\":\"https:\\\/\\\/www.elecyt.org\\\/blog\\\/#\\\/schema\\\/person\\\/cd7dc81253b2db33748afb7355378e8b\"},\"headline\":\"Comment aider les gens \u00e0 changer ?\",\"datePublished\":\"2022-06-23T15:43:57+00:00\",\"dateModified\":\"2022-06-23T16:24:32+00:00\",\"mainEntityOfPage\":{\"@id\":\"https:\\\/\\\/www.elecyt.org\\\/blog\\\/2022\\\/06\\\/23\\\/comment-aider-les-gens-a-changer\\\/\"},\"wordCount\":984,\"commentCount\":0,\"publisher\":{\"@id\":\"https:\\\/\\\/www.elecyt.org\\\/blog\\\/#organization\"},\"image\":{\"@id\":\"https:\\\/\\\/www.elecyt.org\\\/blog\\\/2022\\\/06\\\/23\\\/comment-aider-les-gens-a-changer\\\/#primaryimage\"},\"thumbnailUrl\":\"https:\\\/\\\/www.elecyt.org\\\/blog\\\/wp-content\\\/uploads\\\/2022\\\/06\\\/Post_66_photo_1.png\",\"articleSection\":[\"Insertion professionnelle\",\"Mentorat\",\"Psychologie\"],\"inLanguage\":\"fr-FR\",\"potentialAction\":[{\"@type\":\"CommentAction\",\"name\":\"Comment\",\"target\":[\"https:\\\/\\\/www.elecyt.org\\\/blog\\\/2022\\\/06\\\/23\\\/comment-aider-les-gens-a-changer\\\/#respond\"]}]},{\"@type\":\"WebPage\",\"@id\":\"https:\\\/\\\/www.elecyt.org\\\/blog\\\/2022\\\/06\\\/23\\\/comment-aider-les-gens-a-changer\\\/\",\"url\":\"https:\\\/\\\/www.elecyt.org\\\/blog\\\/2022\\\/06\\\/23\\\/comment-aider-les-gens-a-changer\\\/\",\"name\":\"Comment aider les gens \u00e0 changer ? - Fa\u00e7ons de parler\",\"isPartOf\":{\"@id\":\"https:\\\/\\\/www.elecyt.org\\\/blog\\\/#website\"},\"primaryImageOfPage\":{\"@id\":\"https:\\\/\\\/www.elecyt.org\\\/blog\\\/2022\\\/06\\\/23\\\/comment-aider-les-gens-a-changer\\\/#primaryimage\"},\"image\":{\"@id\":\"https:\\\/\\\/www.elecyt.org\\\/blog\\\/2022\\\/06\\\/23\\\/comment-aider-les-gens-a-changer\\\/#primaryimage\"},\"thumbnailUrl\":\"https:\\\/\\\/www.elecyt.org\\\/blog\\\/wp-content\\\/uploads\\\/2022\\\/06\\\/Post_66_photo_1.png\",\"datePublished\":\"2022-06-23T15:43:57+00:00\",\"dateModified\":\"2022-06-23T16:24:32+00:00\",\"breadcrumb\":{\"@id\":\"https:\\\/\\\/www.elecyt.org\\\/blog\\\/2022\\\/06\\\/23\\\/comment-aider-les-gens-a-changer\\\/#breadcrumb\"},\"inLanguage\":\"fr-FR\",\"potentialAction\":[{\"@type\":\"ReadAction\",\"target\":[\"https:\\\/\\\/www.elecyt.org\\\/blog\\\/2022\\\/06\\\/23\\\/comment-aider-les-gens-a-changer\\\/\"]}]},{\"@type\":\"ImageObject\",\"inLanguage\":\"fr-FR\",\"@id\":\"https:\\\/\\\/www.elecyt.org\\\/blog\\\/2022\\\/06\\\/23\\\/comment-aider-les-gens-a-changer\\\/#primaryimage\",\"url\":\"https:\\\/\\\/www.elecyt.org\\\/blog\\\/wp-content\\\/uploads\\\/2022\\\/06\\\/Post_66_photo_1.png\",\"contentUrl\":\"https:\\\/\\\/www.elecyt.org\\\/blog\\\/wp-content\\\/uploads\\\/2022\\\/06\\\/Post_66_photo_1.png\",\"width\":627,\"height\":418},{\"@type\":\"BreadcrumbList\",\"@id\":\"https:\\\/\\\/www.elecyt.org\\\/blog\\\/2022\\\/06\\\/23\\\/comment-aider-les-gens-a-changer\\\/#breadcrumb\",\"itemListElement\":[{\"@type\":\"ListItem\",\"position\":1,\"name\":\"Accueil\",\"item\":\"https:\\\/\\\/www.elecyt.org\\\/blog\\\/\"},{\"@type\":\"ListItem\",\"position\":2,\"name\":\"Comment aider les gens \u00e0 changer ?\"}]},{\"@type\":\"WebSite\",\"@id\":\"https:\\\/\\\/www.elecyt.org\\\/blog\\\/#website\",\"url\":\"https:\\\/\\\/www.elecyt.org\\\/blog\\\/\",\"name\":\"Fa\u00e7ons de parler\",\"description\":\"La communication par la pratique\",\"publisher\":{\"@id\":\"https:\\\/\\\/www.elecyt.org\\\/blog\\\/#organization\"},\"potentialAction\":[{\"@type\":\"SearchAction\",\"target\":{\"@type\":\"EntryPoint\",\"urlTemplate\":\"https:\\\/\\\/www.elecyt.org\\\/blog\\\/?s={search_term_string}\"},\"query-input\":{\"@type\":\"PropertyValueSpecification\",\"valueRequired\":true,\"valueName\":\"search_term_string\"}}],\"inLanguage\":\"fr-FR\"},{\"@type\":\"Organization\",\"@id\":\"https:\\\/\\\/www.elecyt.org\\\/blog\\\/#organization\",\"name\":\"Fa\u00e7ons de parler\",\"url\":\"https:\\\/\\\/www.elecyt.org\\\/blog\\\/\",\"logo\":{\"@type\":\"ImageObject\",\"inLanguage\":\"fr-FR\",\"@id\":\"https:\\\/\\\/www.elecyt.org\\\/blog\\\/#\\\/schema\\\/logo\\\/image\\\/\",\"url\":\"https:\\\/\\\/www.elecyt.org\\\/blog\\\/wp-content\\\/uploads\\\/2021\\\/10\\\/cropped-Logo-ELECYT-CMJN.jpg\",\"contentUrl\":\"https:\\\/\\\/www.elecyt.org\\\/blog\\\/wp-content\\\/uploads\\\/2021\\\/10\\\/cropped-Logo-ELECYT-CMJN.jpg\",\"width\":966,\"height\":369,\"caption\":\"Fa\u00e7ons de parler\"},\"image\":{\"@id\":\"https:\\\/\\\/www.elecyt.org\\\/blog\\\/#\\\/schema\\\/logo\\\/image\\\/\"}},{\"@type\":\"Person\",\"@id\":\"https:\\\/\\\/www.elecyt.org\\\/blog\\\/#\\\/schema\\\/person\\\/cd7dc81253b2db33748afb7355378e8b\",\"name\":\"Stephane Gantzer\",\"image\":{\"@type\":\"ImageObject\",\"inLanguage\":\"fr-FR\",\"@id\":\"https:\\\/\\\/secure.gravatar.com\\\/avatar\\\/a026a9ac79640a4084e74bf3c5273fdf14b3d26d08f476fcfd36c1d77261b730?s=96&d=mm&r=g\",\"url\":\"https:\\\/\\\/secure.gravatar.com\\\/avatar\\\/a026a9ac79640a4084e74bf3c5273fdf14b3d26d08f476fcfd36c1d77261b730?s=96&d=mm&r=g\",\"contentUrl\":\"https:\\\/\\\/secure.gravatar.com\\\/avatar\\\/a026a9ac79640a4084e74bf3c5273fdf14b3d26d08f476fcfd36c1d77261b730?s=96&d=mm&r=g\",\"caption\":\"Stephane Gantzer\"},\"url\":\"https:\\\/\\\/www.elecyt.org\\\/blog\\\/author\\\/stephane-gantzer\\\/\"}]}<\/script>\n<!-- \/ Yoast SEO plugin. -->","yoast_head_json":{"title":"Comment aider les gens \u00e0 changer ? - Fa\u00e7ons de parler","robots":{"index":"index","follow":"follow","max-snippet":"max-snippet:-1","max-image-preview":"max-image-preview:large","max-video-preview":"max-video-preview:-1"},"canonical":"https:\/\/www.elecyt.org\/blog\/2022\/06\/23\/comment-aider-les-gens-a-changer\/","og_locale":"fr_FR","og_type":"article","og_title":"Comment aider les gens \u00e0 changer ? - Fa\u00e7ons de parler","og_description":"L&rsquo;entretien motivationnel est un mode de communication con\u00e7u pour surmonter la r\u00e9ticence face au changement Le pharmacien prend son courage \u00e0 deux mains: \u00ab\u00a0Madame Legal, si vous en \u00eates d&rsquo;accord, j&rsquo;aimerais parler de la vaccination contre le covid avec vous\u00a0\u00bb. \u00ab\u00a0Oh vous savez, on m&rsquo;a dit que ce n&rsquo;\u00e9tait pas bon \u00e0 cause de mes [&hellip;]","og_url":"https:\/\/www.elecyt.org\/blog\/2022\/06\/23\/comment-aider-les-gens-a-changer\/","og_site_name":"Fa\u00e7ons de parler","article_published_time":"2022-06-23T15:43:57+00:00","article_modified_time":"2022-06-23T16:24:32+00:00","og_image":[{"url":"https:\/\/www.elecyt.org\/blog\/wp-content\/uploads\/2022\/06\/Post_66_photo_1.png","type":"","width":"","height":""}],"author":"Stephane Gantzer","twitter_card":"summary_large_image","twitter_misc":{"\u00c9crit par":"Stephane Gantzer","Dur\u00e9e de lecture estim\u00e9e":"5 minutes"},"schema":{"@context":"https:\/\/schema.org","@graph":[{"@type":"Article","@id":"https:\/\/www.elecyt.org\/blog\/2022\/06\/23\/comment-aider-les-gens-a-changer\/#article","isPartOf":{"@id":"https:\/\/www.elecyt.org\/blog\/2022\/06\/23\/comment-aider-les-gens-a-changer\/"},"author":{"name":"Stephane Gantzer","@id":"https:\/\/www.elecyt.org\/blog\/#\/schema\/person\/cd7dc81253b2db33748afb7355378e8b"},"headline":"Comment aider les gens \u00e0 changer ?","datePublished":"2022-06-23T15:43:57+00:00","dateModified":"2022-06-23T16:24:32+00:00","mainEntityOfPage":{"@id":"https:\/\/www.elecyt.org\/blog\/2022\/06\/23\/comment-aider-les-gens-a-changer\/"},"wordCount":984,"commentCount":0,"publisher":{"@id":"https:\/\/www.elecyt.org\/blog\/#organization"},"image":{"@id":"https:\/\/www.elecyt.org\/blog\/2022\/06\/23\/comment-aider-les-gens-a-changer\/#primaryimage"},"thumbnailUrl":"https:\/\/www.elecyt.org\/blog\/wp-content\/uploads\/2022\/06\/Post_66_photo_1.png","articleSection":["Insertion professionnelle","Mentorat","Psychologie"],"inLanguage":"fr-FR","potentialAction":[{"@type":"CommentAction","name":"Comment","target":["https:\/\/www.elecyt.org\/blog\/2022\/06\/23\/comment-aider-les-gens-a-changer\/#respond"]}]},{"@type":"WebPage","@id":"https:\/\/www.elecyt.org\/blog\/2022\/06\/23\/comment-aider-les-gens-a-changer\/","url":"https:\/\/www.elecyt.org\/blog\/2022\/06\/23\/comment-aider-les-gens-a-changer\/","name":"Comment aider les gens \u00e0 changer ? - Fa\u00e7ons de parler","isPartOf":{"@id":"https:\/\/www.elecyt.org\/blog\/#website"},"primaryImageOfPage":{"@id":"https:\/\/www.elecyt.org\/blog\/2022\/06\/23\/comment-aider-les-gens-a-changer\/#primaryimage"},"image":{"@id":"https:\/\/www.elecyt.org\/blog\/2022\/06\/23\/comment-aider-les-gens-a-changer\/#primaryimage"},"thumbnailUrl":"https:\/\/www.elecyt.org\/blog\/wp-content\/uploads\/2022\/06\/Post_66_photo_1.png","datePublished":"2022-06-23T15:43:57+00:00","dateModified":"2022-06-23T16:24:32+00:00","breadcrumb":{"@id":"https:\/\/www.elecyt.org\/blog\/2022\/06\/23\/comment-aider-les-gens-a-changer\/#breadcrumb"},"inLanguage":"fr-FR","potentialAction":[{"@type":"ReadAction","target":["https:\/\/www.elecyt.org\/blog\/2022\/06\/23\/comment-aider-les-gens-a-changer\/"]}]},{"@type":"ImageObject","inLanguage":"fr-FR","@id":"https:\/\/www.elecyt.org\/blog\/2022\/06\/23\/comment-aider-les-gens-a-changer\/#primaryimage","url":"https:\/\/www.elecyt.org\/blog\/wp-content\/uploads\/2022\/06\/Post_66_photo_1.png","contentUrl":"https:\/\/www.elecyt.org\/blog\/wp-content\/uploads\/2022\/06\/Post_66_photo_1.png","width":627,"height":418},{"@type":"BreadcrumbList","@id":"https:\/\/www.elecyt.org\/blog\/2022\/06\/23\/comment-aider-les-gens-a-changer\/#breadcrumb","itemListElement":[{"@type":"ListItem","position":1,"name":"Accueil","item":"https:\/\/www.elecyt.org\/blog\/"},{"@type":"ListItem","position":2,"name":"Comment aider les gens \u00e0 changer ?"}]},{"@type":"WebSite","@id":"https:\/\/www.elecyt.org\/blog\/#website","url":"https:\/\/www.elecyt.org\/blog\/","name":"Fa\u00e7ons de parler","description":"La communication par la pratique","publisher":{"@id":"https:\/\/www.elecyt.org\/blog\/#organization"},"potentialAction":[{"@type":"SearchAction","target":{"@type":"EntryPoint","urlTemplate":"https:\/\/www.elecyt.org\/blog\/?s={search_term_string}"},"query-input":{"@type":"PropertyValueSpecification","valueRequired":true,"valueName":"search_term_string"}}],"inLanguage":"fr-FR"},{"@type":"Organization","@id":"https:\/\/www.elecyt.org\/blog\/#organization","name":"Fa\u00e7ons de parler","url":"https:\/\/www.elecyt.org\/blog\/","logo":{"@type":"ImageObject","inLanguage":"fr-FR","@id":"https:\/\/www.elecyt.org\/blog\/#\/schema\/logo\/image\/","url":"https:\/\/www.elecyt.org\/blog\/wp-content\/uploads\/2021\/10\/cropped-Logo-ELECYT-CMJN.jpg","contentUrl":"https:\/\/www.elecyt.org\/blog\/wp-content\/uploads\/2021\/10\/cropped-Logo-ELECYT-CMJN.jpg","width":966,"height":369,"caption":"Fa\u00e7ons de parler"},"image":{"@id":"https:\/\/www.elecyt.org\/blog\/#\/schema\/logo\/image\/"}},{"@type":"Person","@id":"https:\/\/www.elecyt.org\/blog\/#\/schema\/person\/cd7dc81253b2db33748afb7355378e8b","name":"Stephane Gantzer","image":{"@type":"ImageObject","inLanguage":"fr-FR","@id":"https:\/\/secure.gravatar.com\/avatar\/a026a9ac79640a4084e74bf3c5273fdf14b3d26d08f476fcfd36c1d77261b730?s=96&d=mm&r=g","url":"https:\/\/secure.gravatar.com\/avatar\/a026a9ac79640a4084e74bf3c5273fdf14b3d26d08f476fcfd36c1d77261b730?s=96&d=mm&r=g","contentUrl":"https:\/\/secure.gravatar.com\/avatar\/a026a9ac79640a4084e74bf3c5273fdf14b3d26d08f476fcfd36c1d77261b730?s=96&d=mm&r=g","caption":"Stephane Gantzer"},"url":"https:\/\/www.elecyt.org\/blog\/author\/stephane-gantzer\/"}]}},"_links":{"self":[{"href":"https:\/\/www.elecyt.org\/blog\/wp-json\/wp\/v2\/posts\/452","targetHints":{"allow":["GET"]}}],"collection":[{"href":"https:\/\/www.elecyt.org\/blog\/wp-json\/wp\/v2\/posts"}],"about":[{"href":"https:\/\/www.elecyt.org\/blog\/wp-json\/wp\/v2\/types\/post"}],"author":[{"embeddable":true,"href":"https:\/\/www.elecyt.org\/blog\/wp-json\/wp\/v2\/users\/2"}],"replies":[{"embeddable":true,"href":"https:\/\/www.elecyt.org\/blog\/wp-json\/wp\/v2\/comments?post=452"}],"version-history":[{"count":5,"href":"https:\/\/www.elecyt.org\/blog\/wp-json\/wp\/v2\/posts\/452\/revisions"}],"predecessor-version":[{"id":458,"href":"https:\/\/www.elecyt.org\/blog\/wp-json\/wp\/v2\/posts\/452\/revisions\/458"}],"wp:attachment":[{"href":"https:\/\/www.elecyt.org\/blog\/wp-json\/wp\/v2\/media?parent=452"}],"wp:term":[{"taxonomy":"category","embeddable":true,"href":"https:\/\/www.elecyt.org\/blog\/wp-json\/wp\/v2\/categories?post=452"},{"taxonomy":"post_tag","embeddable":true,"href":"https:\/\/www.elecyt.org\/blog\/wp-json\/wp\/v2\/tags?post=452"}],"curies":[{"name":"wp","href":"https:\/\/api.w.org\/{rel}","templated":true}]}}