{"id":428,"date":"2022-06-18T16:00:37","date_gmt":"2022-06-18T14:00:37","guid":{"rendered":"https:\/\/www.elecyt.org\/blog\/?p=428"},"modified":"2022-06-21T16:25:00","modified_gmt":"2022-06-21T14:25:00","slug":"la-dramaturgie-appliquee-a-lart-oratoire","status":"publish","type":"post","link":"https:\/\/www.elecyt.org\/blog\/2022\/06\/18\/la-dramaturgie-appliquee-a-lart-oratoire\/","title":{"rendered":"La dramaturgie appliqu\u00e9e \u00e0 l&rsquo;art oratoire"},"content":{"rendered":"<h5 style=\"text-align: center;\"><strong>Depuis la nuit des temps, la dramaturgie a cr\u00e9\u00e9 nombre d\u2019\u0153uvres au th\u00e9\u00e2tre ou au cin\u00e9ma. Elle peut aussi rendre un discours plus efficace<\/strong><\/h5>\n<p><img loading=\"lazy\" decoding=\"async\" class=\"aligncenter wp-image-429 size-full\" src=\"https:\/\/www.elecyt.org\/blog\/wp-content\/uploads\/2022\/06\/Post_46_photo_1.png\" alt=\"\" width=\"376\" height=\"340\" \/><\/p>\n<p class=\"has-drop-cap\">N&rsquo;importe quel orateur un peu exp\u00e9riment\u00e9 le sait. Un bon discours se doit de capter imm\u00e9diatement l&rsquo;attention de l\u2019auditeur. Il doit soutenir celle-ci dans la dur\u00e9e pour rester dans les m\u00e9moires. C&rsquo;est, finalement, la m\u00eame chose qu&rsquo;une bonne s\u00e9rie Netflix qui repose sur un r\u00e9cit palpitant. Dans son livre <em>La Dramaturgie<\/em>, Yves Lavandier a recens\u00e9 les principes auxquels ob\u00e9it tout r\u00e9cit de bonne qualit\u00e9 dramatique.<\/p>\n<p>Les applications vont du th\u00e9\u00e2tre \u00e0 la bande dessin\u00e9e, en passant par le cin\u00e9ma et, donc, les s\u00e9ries t\u00e9l\u00e9vis\u00e9es. Comment ces principes pourraient-ils aussi s&rsquo;appliquer aux discours qu&rsquo;on prononce dans les r\u00e9unions Toastmasters?<\/p>\n<p>Cet article pr\u00e9sente les principes de la dramaturgie, son apport \u00e0 la rh\u00e9torique et les r\u00e8gles pour \u00ab\u00a0dramatiser\u00a0\u00bb un discours.<\/p>\n<h6>Qu&rsquo;est-ce que la dramaturgie?<\/h6>\n<p>Pour Lavandier, le r\u00e9cit dramatis\u00e9 entra\u00eene un personnage \u00e0 la poursuite d&rsquo;un objectif. En chemin, il rencontre des obstacles qui s&rsquo;y opposent. Il en existe plusieurs variantes.<\/p>\n<p>Ainsi, le voyage du h\u00e9ros d\u00e9peint les p\u00e9rip\u00e9ties d\u2019un homme ordinaire affrontant des obstacles extraordinaires. Ceux-ci contribuent \u00e0 le rendre meilleur et, \u00e0 travers lui, l&rsquo;ensemble de l&rsquo;humanit\u00e9. La saga Star Wars a us\u00e9 jusqu\u2019\u00e0 la corde ce type de r\u00e9cit.<\/p>\n<p>Dans la trag\u00e9die, le h\u00e9ros progresse gr\u00e2ce \u00e0 ses qualit\u00e9s. Puis ses propres d\u00e9fauts le conduisent in\u00e9luctablement \u00e0 sa chute. Le destin d\u2019\u0152dipe en est un mod\u00e8le embl\u00e9matique.<\/p>\n<p>Pour les discours, la dramaturgie pr\u00e9sente deux int\u00e9r\u00eats. Elle en renforce le caract\u00e8re persuasif. Et elle en facilite la m\u00e9morisation pour le public.<\/p>\n<h6>DES EFFETS PROUVES<\/h6>\n<p>Les publicitaires utilisent souvent la persuasion narrative lorsqu\u2019ils saupoudrent leurs messages de personnages sympathiques ou d&rsquo;histoires dr\u00f4les. Jennifer Edson Escalas de l\u2019Universit\u00e9 Vanderbilt a montr\u00e9 qu\u2019un auditoire r\u00e9pondait plus positivement aux publicit\u00e9s sous une forme narrative plut\u00f4t que sous forme d&rsquo;arguments en faveur du produit.<\/p>\n<p>Une autre chercheuse, M\u00e9lanie Green, dans une \u00e9tude de 2006, a montr\u00e9 que si on percevait une information comme factuelle, celle-ci r\u00e9veillait l\u2019esprit critique chez le r\u00e9cepteur. Si, en revanche, on la percevait comme une fiction, elle avait l\u2019effet inverse. Les gens accepteraient les id\u00e9es plus facilement lorsque leur esprit est en mode r\u00e9cit plut\u00f4t qu\u2019en mode analytique.<\/p>\n<p>De son c\u00f4t\u00e9, Chip Heath a demand\u00e9 \u00e0 ses \u00e9tudiants de Stanford de prononcer un discours sur la criminalit\u00e9. 63% des auditeurs se souvenaient des discours comportant des histoires. Et seulement 5 % se souvenaient de ceux avec des statistiques. Les histoires favoriseraient la m\u00e9morisation par les \u00e9motions qu&rsquo;elles d\u00e9clenchent.<\/p>\n<h6>La dramaturgie appliqu\u00e9e \u00e0 la rh\u00e9torique<\/h6>\n<p>Si la dramaturgie enrichit un discours, comment l&rsquo;utiliser \u00e0 bon escient? L\u2019art de raconter des histoires, quand il est appliqu\u00e9 \u00e0 la rh\u00e9torique, ob\u00e9it \u00e0 ses propres r\u00e8gles.<\/p>\n<p>Tout d&rsquo;abord, un discours, par nature tr\u00e8s court, doit \u00eatre concis. L&rsquo;introduction doit ramasser en quelques phrases la description du futur h\u00e9ros, son objectif et le d\u00e9clenchement du r\u00e9cit. Pour susciter l\u2019empathie du public, l&rsquo;enjeu doit \u00eatre clair et universel. Ensuite, la caract\u00e9risation des personnages ne peut qu\u2019\u00eatre sch\u00e9matique, par exemple en caract\u00e9risant le h\u00e9ros par son activit\u00e9. La conclusion doit comporter une chute. Enfin, une bonne histoire doit converger vers un but, id\u00e9alement une v\u00e9rit\u00e9 d\u00e9couverte par l\u2019orateur.<\/p>\n<p>Pour injecter de la dramaturgie, deux approches sont envisageables. Tout d\u2019abord, l\u2019approche descendante. A partir de la <a href=\"https:\/\/www.elecyt.org\/blog\/?p=257&amp;preview=true\" target=\"_blank\" rel=\"noopener\">proposition du discours<\/a>, l\u2019orateur r\u00e9fl\u00e9chit aux histoires, personnelles ou non, qui pourront illustrer cette proposition. Ensuite, l\u2019approche ascendante ; elle part d&rsquo;une histoire captivante et en cherche un sens qui puisse devenir une proposition de discours. Une fois que l\u2019histoire se dessine, sa qualit\u00e9 peut \u00eatre am\u00e9lior\u00e9e gr\u00e2ce \u00e0 une <a href=\"https:\/\/1drv.ms\/b\/s!Ap23OVd6Iw4i233-cNb-dc5WLGdi?e=MrQT8o\" target=\"_blank\" rel=\"noopener\">checklist<\/a> avant de la d\u00e9tailler dans le plan du discours. Cette m\u00eame checklist peut s\u2019utiliser pour \u00e9valuer, en vue de l\u2019am\u00e9liorer, un discours existant sous l\u2019angle de la dramaturgie.<\/p>\n<h6>POUR ALLER PLUS LOIN<\/h6>\n<p>En conclusion, la dramaturgie rend un discours plus int\u00e9ressant. Dans un <a href=\"https:\/\/www.elecyt.org\/blog\/2021\/04\/27\/un-discours-humoristique-aux-rayons-x\/\" target=\"_blank\" rel=\"noopener\">prochain article<\/a>, nous \u00e9tudierons comment ces principes ont \u00e9t\u00e9 appliqu\u00e9s (ou pas) \u00e0 un discours humoristique. En attendant, si vous voulez \u00e9couter de bons r\u00e9cits dramatis\u00e9s, venez nous rendre visite. C\u2019est <a href=\"https:\/\/club-etincelle.org\/ou-nous-trouver\/\" target=\"_blank\" rel=\"noopener\">ici<\/a>.<\/p>\n<p>&nbsp;<\/p>\n","protected":false},"excerpt":{"rendered":"<p>Depuis la nuit des temps, la dramaturgie a cr\u00e9\u00e9 nombre d\u2019\u0153uvres au th\u00e9\u00e2tre ou au cin\u00e9ma. Elle peut aussi rendre un discours plus efficace N&rsquo;importe quel orateur un peu exp\u00e9riment\u00e9 le sait. Un bon discours se doit de capter imm\u00e9diatement l&rsquo;attention de l\u2019auditeur. Il doit soutenir celle-ci dans la dur\u00e9e pour rester dans les m\u00e9moires. [&hellip;]<\/p>\n","protected":false},"author":2,"featured_media":0,"comment_status":"open","ping_status":"open","sticky":false,"template":"","format":"standard","meta":{"_monsterinsights_skip_tracking":false,"_monsterinsights_sitenote_active":false,"_monsterinsights_sitenote_note":"","_monsterinsights_sitenote_category":0,"footnotes":""},"categories":[8,9,2],"tags":[],"class_list":["post-428","post","type-post","status-publish","format-standard","hentry","category-communication","category-psychologie","category-toastmasters"],"yoast_head":"<!-- This site is optimized with the Yoast SEO plugin v27.4 - https:\/\/yoast.com\/product\/yoast-seo-wordpress\/ -->\n<title>La dramaturgie appliqu\u00e9e \u00e0 l&#039;art oratoire - Fa\u00e7ons de parler<\/title>\n<meta name=\"robots\" content=\"index, follow, max-snippet:-1, max-image-preview:large, max-video-preview:-1\" \/>\n<link rel=\"canonical\" href=\"https:\/\/www.elecyt.org\/blog\/2022\/06\/18\/la-dramaturgie-appliquee-a-lart-oratoire\/\" \/>\n<meta property=\"og:locale\" content=\"fr_FR\" \/>\n<meta property=\"og:type\" content=\"article\" \/>\n<meta property=\"og:title\" content=\"La dramaturgie appliqu\u00e9e \u00e0 l&#039;art oratoire - Fa\u00e7ons de parler\" \/>\n<meta property=\"og:description\" content=\"Depuis la nuit des temps, la dramaturgie a cr\u00e9\u00e9 nombre d\u2019\u0153uvres au th\u00e9\u00e2tre ou au cin\u00e9ma. Elle peut aussi rendre un discours plus efficace N&rsquo;importe quel orateur un peu exp\u00e9riment\u00e9 le sait. Un bon discours se doit de capter imm\u00e9diatement l&rsquo;attention de l\u2019auditeur. Il doit soutenir celle-ci dans la dur\u00e9e pour rester dans les m\u00e9moires. [&hellip;]\" \/>\n<meta property=\"og:url\" content=\"https:\/\/www.elecyt.org\/blog\/2022\/06\/18\/la-dramaturgie-appliquee-a-lart-oratoire\/\" \/>\n<meta property=\"og:site_name\" content=\"Fa\u00e7ons de parler\" \/>\n<meta property=\"article:published_time\" content=\"2022-06-18T14:00:37+00:00\" \/>\n<meta property=\"article:modified_time\" content=\"2022-06-21T14:25:00+00:00\" \/>\n<meta property=\"og:image\" content=\"https:\/\/www.elecyt.org\/blog\/wp-content\/uploads\/2022\/06\/Post_46_photo_1.png\" \/>\n<meta name=\"author\" content=\"Stephane Gantzer\" \/>\n<meta name=\"twitter:card\" content=\"summary_large_image\" \/>\n<meta name=\"twitter:label1\" content=\"\u00c9crit par\" \/>\n\t<meta name=\"twitter:data1\" content=\"Stephane Gantzer\" \/>\n\t<meta name=\"twitter:label2\" content=\"Dur\u00e9e de lecture estim\u00e9e\" \/>\n\t<meta name=\"twitter:data2\" content=\"4 minutes\" \/>\n<script type=\"application\/ld+json\" class=\"yoast-schema-graph\">{\"@context\":\"https:\\\/\\\/schema.org\",\"@graph\":[{\"@type\":\"Article\",\"@id\":\"https:\\\/\\\/www.elecyt.org\\\/blog\\\/2022\\\/06\\\/18\\\/la-dramaturgie-appliquee-a-lart-oratoire\\\/#article\",\"isPartOf\":{\"@id\":\"https:\\\/\\\/www.elecyt.org\\\/blog\\\/2022\\\/06\\\/18\\\/la-dramaturgie-appliquee-a-lart-oratoire\\\/\"},\"author\":{\"name\":\"Stephane Gantzer\",\"@id\":\"https:\\\/\\\/www.elecyt.org\\\/blog\\\/#\\\/schema\\\/person\\\/cd7dc81253b2db33748afb7355378e8b\"},\"headline\":\"La dramaturgie appliqu\u00e9e \u00e0 l&rsquo;art oratoire\",\"datePublished\":\"2022-06-18T14:00:37+00:00\",\"dateModified\":\"2022-06-21T14:25:00+00:00\",\"mainEntityOfPage\":{\"@id\":\"https:\\\/\\\/www.elecyt.org\\\/blog\\\/2022\\\/06\\\/18\\\/la-dramaturgie-appliquee-a-lart-oratoire\\\/\"},\"wordCount\":771,\"commentCount\":0,\"publisher\":{\"@id\":\"https:\\\/\\\/www.elecyt.org\\\/blog\\\/#organization\"},\"image\":{\"@id\":\"https:\\\/\\\/www.elecyt.org\\\/blog\\\/2022\\\/06\\\/18\\\/la-dramaturgie-appliquee-a-lart-oratoire\\\/#primaryimage\"},\"thumbnailUrl\":\"https:\\\/\\\/www.elecyt.org\\\/blog\\\/wp-content\\\/uploads\\\/2022\\\/06\\\/Post_46_photo_1.png\",\"articleSection\":[\"Communication\",\"Psychologie\",\"Toastmasters\"],\"inLanguage\":\"fr-FR\",\"potentialAction\":[{\"@type\":\"CommentAction\",\"name\":\"Comment\",\"target\":[\"https:\\\/\\\/www.elecyt.org\\\/blog\\\/2022\\\/06\\\/18\\\/la-dramaturgie-appliquee-a-lart-oratoire\\\/#respond\"]}]},{\"@type\":\"WebPage\",\"@id\":\"https:\\\/\\\/www.elecyt.org\\\/blog\\\/2022\\\/06\\\/18\\\/la-dramaturgie-appliquee-a-lart-oratoire\\\/\",\"url\":\"https:\\\/\\\/www.elecyt.org\\\/blog\\\/2022\\\/06\\\/18\\\/la-dramaturgie-appliquee-a-lart-oratoire\\\/\",\"name\":\"La dramaturgie appliqu\u00e9e \u00e0 l'art oratoire - Fa\u00e7ons de parler\",\"isPartOf\":{\"@id\":\"https:\\\/\\\/www.elecyt.org\\\/blog\\\/#website\"},\"primaryImageOfPage\":{\"@id\":\"https:\\\/\\\/www.elecyt.org\\\/blog\\\/2022\\\/06\\\/18\\\/la-dramaturgie-appliquee-a-lart-oratoire\\\/#primaryimage\"},\"image\":{\"@id\":\"https:\\\/\\\/www.elecyt.org\\\/blog\\\/2022\\\/06\\\/18\\\/la-dramaturgie-appliquee-a-lart-oratoire\\\/#primaryimage\"},\"thumbnailUrl\":\"https:\\\/\\\/www.elecyt.org\\\/blog\\\/wp-content\\\/uploads\\\/2022\\\/06\\\/Post_46_photo_1.png\",\"datePublished\":\"2022-06-18T14:00:37+00:00\",\"dateModified\":\"2022-06-21T14:25:00+00:00\",\"breadcrumb\":{\"@id\":\"https:\\\/\\\/www.elecyt.org\\\/blog\\\/2022\\\/06\\\/18\\\/la-dramaturgie-appliquee-a-lart-oratoire\\\/#breadcrumb\"},\"inLanguage\":\"fr-FR\",\"potentialAction\":[{\"@type\":\"ReadAction\",\"target\":[\"https:\\\/\\\/www.elecyt.org\\\/blog\\\/2022\\\/06\\\/18\\\/la-dramaturgie-appliquee-a-lart-oratoire\\\/\"]}]},{\"@type\":\"ImageObject\",\"inLanguage\":\"fr-FR\",\"@id\":\"https:\\\/\\\/www.elecyt.org\\\/blog\\\/2022\\\/06\\\/18\\\/la-dramaturgie-appliquee-a-lart-oratoire\\\/#primaryimage\",\"url\":\"https:\\\/\\\/www.elecyt.org\\\/blog\\\/wp-content\\\/uploads\\\/2022\\\/06\\\/Post_46_photo_1.png\",\"contentUrl\":\"https:\\\/\\\/www.elecyt.org\\\/blog\\\/wp-content\\\/uploads\\\/2022\\\/06\\\/Post_46_photo_1.png\",\"width\":376,\"height\":340},{\"@type\":\"BreadcrumbList\",\"@id\":\"https:\\\/\\\/www.elecyt.org\\\/blog\\\/2022\\\/06\\\/18\\\/la-dramaturgie-appliquee-a-lart-oratoire\\\/#breadcrumb\",\"itemListElement\":[{\"@type\":\"ListItem\",\"position\":1,\"name\":\"Accueil\",\"item\":\"https:\\\/\\\/www.elecyt.org\\\/blog\\\/\"},{\"@type\":\"ListItem\",\"position\":2,\"name\":\"La dramaturgie appliqu\u00e9e \u00e0 l&rsquo;art oratoire\"}]},{\"@type\":\"WebSite\",\"@id\":\"https:\\\/\\\/www.elecyt.org\\\/blog\\\/#website\",\"url\":\"https:\\\/\\\/www.elecyt.org\\\/blog\\\/\",\"name\":\"Fa\u00e7ons de parler\",\"description\":\"La communication par la pratique\",\"publisher\":{\"@id\":\"https:\\\/\\\/www.elecyt.org\\\/blog\\\/#organization\"},\"potentialAction\":[{\"@type\":\"SearchAction\",\"target\":{\"@type\":\"EntryPoint\",\"urlTemplate\":\"https:\\\/\\\/www.elecyt.org\\\/blog\\\/?s={search_term_string}\"},\"query-input\":{\"@type\":\"PropertyValueSpecification\",\"valueRequired\":true,\"valueName\":\"search_term_string\"}}],\"inLanguage\":\"fr-FR\"},{\"@type\":\"Organization\",\"@id\":\"https:\\\/\\\/www.elecyt.org\\\/blog\\\/#organization\",\"name\":\"Fa\u00e7ons de parler\",\"url\":\"https:\\\/\\\/www.elecyt.org\\\/blog\\\/\",\"logo\":{\"@type\":\"ImageObject\",\"inLanguage\":\"fr-FR\",\"@id\":\"https:\\\/\\\/www.elecyt.org\\\/blog\\\/#\\\/schema\\\/logo\\\/image\\\/\",\"url\":\"https:\\\/\\\/www.elecyt.org\\\/blog\\\/wp-content\\\/uploads\\\/2021\\\/10\\\/cropped-Logo-ELECYT-CMJN.jpg\",\"contentUrl\":\"https:\\\/\\\/www.elecyt.org\\\/blog\\\/wp-content\\\/uploads\\\/2021\\\/10\\\/cropped-Logo-ELECYT-CMJN.jpg\",\"width\":966,\"height\":369,\"caption\":\"Fa\u00e7ons de parler\"},\"image\":{\"@id\":\"https:\\\/\\\/www.elecyt.org\\\/blog\\\/#\\\/schema\\\/logo\\\/image\\\/\"}},{\"@type\":\"Person\",\"@id\":\"https:\\\/\\\/www.elecyt.org\\\/blog\\\/#\\\/schema\\\/person\\\/cd7dc81253b2db33748afb7355378e8b\",\"name\":\"Stephane Gantzer\",\"image\":{\"@type\":\"ImageObject\",\"inLanguage\":\"fr-FR\",\"@id\":\"https:\\\/\\\/secure.gravatar.com\\\/avatar\\\/a026a9ac79640a4084e74bf3c5273fdf14b3d26d08f476fcfd36c1d77261b730?s=96&d=mm&r=g\",\"url\":\"https:\\\/\\\/secure.gravatar.com\\\/avatar\\\/a026a9ac79640a4084e74bf3c5273fdf14b3d26d08f476fcfd36c1d77261b730?s=96&d=mm&r=g\",\"contentUrl\":\"https:\\\/\\\/secure.gravatar.com\\\/avatar\\\/a026a9ac79640a4084e74bf3c5273fdf14b3d26d08f476fcfd36c1d77261b730?s=96&d=mm&r=g\",\"caption\":\"Stephane Gantzer\"},\"url\":\"https:\\\/\\\/www.elecyt.org\\\/blog\\\/author\\\/stephane-gantzer\\\/\"}]}<\/script>\n<!-- \/ Yoast SEO plugin. -->","yoast_head_json":{"title":"La dramaturgie appliqu\u00e9e \u00e0 l'art oratoire - Fa\u00e7ons de parler","robots":{"index":"index","follow":"follow","max-snippet":"max-snippet:-1","max-image-preview":"max-image-preview:large","max-video-preview":"max-video-preview:-1"},"canonical":"https:\/\/www.elecyt.org\/blog\/2022\/06\/18\/la-dramaturgie-appliquee-a-lart-oratoire\/","og_locale":"fr_FR","og_type":"article","og_title":"La dramaturgie appliqu\u00e9e \u00e0 l'art oratoire - Fa\u00e7ons de parler","og_description":"Depuis la nuit des temps, la dramaturgie a cr\u00e9\u00e9 nombre d\u2019\u0153uvres au th\u00e9\u00e2tre ou au cin\u00e9ma. Elle peut aussi rendre un discours plus efficace N&rsquo;importe quel orateur un peu exp\u00e9riment\u00e9 le sait. Un bon discours se doit de capter imm\u00e9diatement l&rsquo;attention de l\u2019auditeur. Il doit soutenir celle-ci dans la dur\u00e9e pour rester dans les m\u00e9moires. [&hellip;]","og_url":"https:\/\/www.elecyt.org\/blog\/2022\/06\/18\/la-dramaturgie-appliquee-a-lart-oratoire\/","og_site_name":"Fa\u00e7ons de parler","article_published_time":"2022-06-18T14:00:37+00:00","article_modified_time":"2022-06-21T14:25:00+00:00","og_image":[{"url":"https:\/\/www.elecyt.org\/blog\/wp-content\/uploads\/2022\/06\/Post_46_photo_1.png","type":"","width":"","height":""}],"author":"Stephane Gantzer","twitter_card":"summary_large_image","twitter_misc":{"\u00c9crit par":"Stephane Gantzer","Dur\u00e9e de lecture estim\u00e9e":"4 minutes"},"schema":{"@context":"https:\/\/schema.org","@graph":[{"@type":"Article","@id":"https:\/\/www.elecyt.org\/blog\/2022\/06\/18\/la-dramaturgie-appliquee-a-lart-oratoire\/#article","isPartOf":{"@id":"https:\/\/www.elecyt.org\/blog\/2022\/06\/18\/la-dramaturgie-appliquee-a-lart-oratoire\/"},"author":{"name":"Stephane Gantzer","@id":"https:\/\/www.elecyt.org\/blog\/#\/schema\/person\/cd7dc81253b2db33748afb7355378e8b"},"headline":"La dramaturgie appliqu\u00e9e \u00e0 l&rsquo;art oratoire","datePublished":"2022-06-18T14:00:37+00:00","dateModified":"2022-06-21T14:25:00+00:00","mainEntityOfPage":{"@id":"https:\/\/www.elecyt.org\/blog\/2022\/06\/18\/la-dramaturgie-appliquee-a-lart-oratoire\/"},"wordCount":771,"commentCount":0,"publisher":{"@id":"https:\/\/www.elecyt.org\/blog\/#organization"},"image":{"@id":"https:\/\/www.elecyt.org\/blog\/2022\/06\/18\/la-dramaturgie-appliquee-a-lart-oratoire\/#primaryimage"},"thumbnailUrl":"https:\/\/www.elecyt.org\/blog\/wp-content\/uploads\/2022\/06\/Post_46_photo_1.png","articleSection":["Communication","Psychologie","Toastmasters"],"inLanguage":"fr-FR","potentialAction":[{"@type":"CommentAction","name":"Comment","target":["https:\/\/www.elecyt.org\/blog\/2022\/06\/18\/la-dramaturgie-appliquee-a-lart-oratoire\/#respond"]}]},{"@type":"WebPage","@id":"https:\/\/www.elecyt.org\/blog\/2022\/06\/18\/la-dramaturgie-appliquee-a-lart-oratoire\/","url":"https:\/\/www.elecyt.org\/blog\/2022\/06\/18\/la-dramaturgie-appliquee-a-lart-oratoire\/","name":"La dramaturgie appliqu\u00e9e \u00e0 l'art oratoire - Fa\u00e7ons de parler","isPartOf":{"@id":"https:\/\/www.elecyt.org\/blog\/#website"},"primaryImageOfPage":{"@id":"https:\/\/www.elecyt.org\/blog\/2022\/06\/18\/la-dramaturgie-appliquee-a-lart-oratoire\/#primaryimage"},"image":{"@id":"https:\/\/www.elecyt.org\/blog\/2022\/06\/18\/la-dramaturgie-appliquee-a-lart-oratoire\/#primaryimage"},"thumbnailUrl":"https:\/\/www.elecyt.org\/blog\/wp-content\/uploads\/2022\/06\/Post_46_photo_1.png","datePublished":"2022-06-18T14:00:37+00:00","dateModified":"2022-06-21T14:25:00+00:00","breadcrumb":{"@id":"https:\/\/www.elecyt.org\/blog\/2022\/06\/18\/la-dramaturgie-appliquee-a-lart-oratoire\/#breadcrumb"},"inLanguage":"fr-FR","potentialAction":[{"@type":"ReadAction","target":["https:\/\/www.elecyt.org\/blog\/2022\/06\/18\/la-dramaturgie-appliquee-a-lart-oratoire\/"]}]},{"@type":"ImageObject","inLanguage":"fr-FR","@id":"https:\/\/www.elecyt.org\/blog\/2022\/06\/18\/la-dramaturgie-appliquee-a-lart-oratoire\/#primaryimage","url":"https:\/\/www.elecyt.org\/blog\/wp-content\/uploads\/2022\/06\/Post_46_photo_1.png","contentUrl":"https:\/\/www.elecyt.org\/blog\/wp-content\/uploads\/2022\/06\/Post_46_photo_1.png","width":376,"height":340},{"@type":"BreadcrumbList","@id":"https:\/\/www.elecyt.org\/blog\/2022\/06\/18\/la-dramaturgie-appliquee-a-lart-oratoire\/#breadcrumb","itemListElement":[{"@type":"ListItem","position":1,"name":"Accueil","item":"https:\/\/www.elecyt.org\/blog\/"},{"@type":"ListItem","position":2,"name":"La dramaturgie appliqu\u00e9e \u00e0 l&rsquo;art oratoire"}]},{"@type":"WebSite","@id":"https:\/\/www.elecyt.org\/blog\/#website","url":"https:\/\/www.elecyt.org\/blog\/","name":"Fa\u00e7ons de parler","description":"La communication par la pratique","publisher":{"@id":"https:\/\/www.elecyt.org\/blog\/#organization"},"potentialAction":[{"@type":"SearchAction","target":{"@type":"EntryPoint","urlTemplate":"https:\/\/www.elecyt.org\/blog\/?s={search_term_string}"},"query-input":{"@type":"PropertyValueSpecification","valueRequired":true,"valueName":"search_term_string"}}],"inLanguage":"fr-FR"},{"@type":"Organization","@id":"https:\/\/www.elecyt.org\/blog\/#organization","name":"Fa\u00e7ons de parler","url":"https:\/\/www.elecyt.org\/blog\/","logo":{"@type":"ImageObject","inLanguage":"fr-FR","@id":"https:\/\/www.elecyt.org\/blog\/#\/schema\/logo\/image\/","url":"https:\/\/www.elecyt.org\/blog\/wp-content\/uploads\/2021\/10\/cropped-Logo-ELECYT-CMJN.jpg","contentUrl":"https:\/\/www.elecyt.org\/blog\/wp-content\/uploads\/2021\/10\/cropped-Logo-ELECYT-CMJN.jpg","width":966,"height":369,"caption":"Fa\u00e7ons de parler"},"image":{"@id":"https:\/\/www.elecyt.org\/blog\/#\/schema\/logo\/image\/"}},{"@type":"Person","@id":"https:\/\/www.elecyt.org\/blog\/#\/schema\/person\/cd7dc81253b2db33748afb7355378e8b","name":"Stephane Gantzer","image":{"@type":"ImageObject","inLanguage":"fr-FR","@id":"https:\/\/secure.gravatar.com\/avatar\/a026a9ac79640a4084e74bf3c5273fdf14b3d26d08f476fcfd36c1d77261b730?s=96&d=mm&r=g","url":"https:\/\/secure.gravatar.com\/avatar\/a026a9ac79640a4084e74bf3c5273fdf14b3d26d08f476fcfd36c1d77261b730?s=96&d=mm&r=g","contentUrl":"https:\/\/secure.gravatar.com\/avatar\/a026a9ac79640a4084e74bf3c5273fdf14b3d26d08f476fcfd36c1d77261b730?s=96&d=mm&r=g","caption":"Stephane Gantzer"},"url":"https:\/\/www.elecyt.org\/blog\/author\/stephane-gantzer\/"}]}},"_links":{"self":[{"href":"https:\/\/www.elecyt.org\/blog\/wp-json\/wp\/v2\/posts\/428","targetHints":{"allow":["GET"]}}],"collection":[{"href":"https:\/\/www.elecyt.org\/blog\/wp-json\/wp\/v2\/posts"}],"about":[{"href":"https:\/\/www.elecyt.org\/blog\/wp-json\/wp\/v2\/types\/post"}],"author":[{"embeddable":true,"href":"https:\/\/www.elecyt.org\/blog\/wp-json\/wp\/v2\/users\/2"}],"replies":[{"embeddable":true,"href":"https:\/\/www.elecyt.org\/blog\/wp-json\/wp\/v2\/comments?post=428"}],"version-history":[{"count":8,"href":"https:\/\/www.elecyt.org\/blog\/wp-json\/wp\/v2\/posts\/428\/revisions"}],"predecessor-version":[{"id":433,"href":"https:\/\/www.elecyt.org\/blog\/wp-json\/wp\/v2\/posts\/428\/revisions\/433"}],"wp:attachment":[{"href":"https:\/\/www.elecyt.org\/blog\/wp-json\/wp\/v2\/media?parent=428"}],"wp:term":[{"taxonomy":"category","embeddable":true,"href":"https:\/\/www.elecyt.org\/blog\/wp-json\/wp\/v2\/categories?post=428"},{"taxonomy":"post_tag","embeddable":true,"href":"https:\/\/www.elecyt.org\/blog\/wp-json\/wp\/v2\/tags?post=428"}],"curies":[{"name":"wp","href":"https:\/\/api.w.org\/{rel}","templated":true}]}}