{"id":397,"date":"2022-06-01T22:03:38","date_gmt":"2022-06-01T20:03:38","guid":{"rendered":"https:\/\/www.elecyt.org\/blog\/?p=397"},"modified":"2022-06-07T12:50:18","modified_gmt":"2022-06-07T10:50:18","slug":"bien-utiliser-zoom-pour-reussir-vos-reunions-virtuelles","status":"publish","type":"post","link":"https:\/\/www.elecyt.org\/blog\/2022\/06\/01\/bien-utiliser-zoom-pour-reussir-vos-reunions-virtuelles\/","title":{"rendered":"Bien utiliser Zoom pour r\u00e9ussir vos r\u00e9unions virtuelles"},"content":{"rendered":"<h5 style=\"text-align: center;\"><strong>\u00catre le Zoom master d\u2019une soir\u00e9e Toastmasters \u00e0 distance est facile \u00e0 condition de ma\u00eetriser les fonctions avanc\u00e9es de cet outil versatile<\/strong><\/h5>\n<p><img loading=\"lazy\" decoding=\"async\" class=\"aligncenter wp-image-398 size-full\" src=\"https:\/\/www.elecyt.org\/blog\/wp-content\/uploads\/2022\/06\/Post_76_photo_1.png\" alt=\"\" width=\"565\" height=\"499\" srcset=\"https:\/\/www.elecyt.org\/blog\/wp-content\/uploads\/2022\/06\/Post_76_photo_1.png 565w, https:\/\/www.elecyt.org\/blog\/wp-content\/uploads\/2022\/06\/Post_76_photo_1-400x353.png 400w\" sizes=\"auto, (max-width: 565px) 100vw, 565px\" \/><\/p>\n<p class=\"has-drop-cap\">L\u2019application de visioconf\u00e9rence Zoom a permis \u00e0 nos clubs de poursuivre les r\u00e9unions hebdomadaires pendant plusieurs mois de pand\u00e9mie. Cet outil est maintenant rentr\u00e9 dans les m\u0153urs. En cons\u00e9quence, tout orateur digne de ce nom se doit de le domestiquer. Aussi, m\u00eame apr\u00e8s la fin de l\u2019\u00e9pid\u00e9mie, quand nos r\u00e9unions en pr\u00e9sentiel ont repris, nos adh\u00e9rents ont demand\u00e9 \u00e0 conserver une r\u00e9union virtuelle mensuelle.<\/p>\n<p>Dans ce tutoriel, nous allons apprendre \u00e0 organiser le d\u00e9roulement d\u2019une r\u00e9union Toastmasters sur Zoom<\/p>\n<h6><strong>AVANT LA R\u00c9UNION<\/strong><\/h6>\n<p>Pour planifier es r\u00e9unions Zoom, nos clubs ont cr\u00e9\u00e9 un r\u00f4le de Zoom master (ZM) qui est responsable de l\u2019outil. Sa premi\u00e8re t\u00e2che consiste \u00e0 programmer la r\u00e9union Zoom. Pour cela,\u00a0 il utilise le compte payant des clubs, dont le login est \u00e0 demander au Pr\u00e9sident ou VP Formation d\u2019un des deux clubs. La vid\u00e9o ci-dessous, extraite d\u2019une formation \u00e0 Zoom, explique les \u00e9tapes \u00e0 suivre.<\/p>\n<p><iframe loading=\"lazy\" title=\"YouTube video player\" src=\"https:\/\/www.youtube.com\/embed\/SVaQVVkt2NU\" width=\"560\" height=\"315\" frameborder=\"0\" allowfullscreen=\"allowfullscreen\"><\/iframe><\/p>\n<p>Pr\u00e9parer les votes du public \u00e0 l\u2019avance permet de d\u00e9charger le ZM pendant la s\u00e9ance. Il s\u2019agit des votes pour la meilleure improvisation et, s\u2019il y a au moins trois discours, de ceux du meilleur discours et de la meilleure \u00e9valuation.<\/p>\n<p><iframe loading=\"lazy\" title=\"YouTube video player\" src=\"https:\/\/www.youtube.com\/embed\/5sil8Z3q0SE\" width=\"560\" height=\"315\" frameborder=\"0\" allowfullscreen=\"allowfullscreen\"><\/iframe><\/p>\n<p>Un conducteur de r\u00e9union tel que <a href=\"https:\/\/1drv.ms\/b\/s!Ap23OVd6Iw4i7lXsi29vZjj8QABB?e=58NkZ0\" target=\"_blank\" rel=\"noopener\">celui-ci<\/a> facilitera la vie lors de la r\u00e9union, car il est facile d\u2019oublier une \u00e9tape, comme par exemple enregistrer la r\u00e9union.<\/p>\n<p><iframe loading=\"lazy\" title=\"YouTube video player\" src=\"https:\/\/www.youtube.com\/embed\/t16kCX-atD8\" width=\"560\" height=\"315\" frameborder=\"0\" allowfullscreen=\"allowfullscreen\"><\/iframe><\/p>\n<p>Enfin, juste avant les r\u00e9unions, pr\u00e9parer le programme pour le t\u00e9l\u00e9charger en d\u00e9but de r\u00e9union est tr\u00e8s recommand\u00e9.<\/p>\n<p><iframe loading=\"lazy\" title=\"YouTube video player\" src=\"https:\/\/www.youtube.com\/embed\/L3BPMqXANVE\" width=\"560\" height=\"315\" frameborder=\"0\" allowfullscreen=\"allowfullscreen\"><\/iframe><\/p>\n<h6><strong>PENDANT LA R\u00c9UNION<\/strong><\/h6>\n<p>En d\u00e9but de s\u00e9ance, renommer les invit\u00e9s (\u201cInvit\u00e9(e) \u2013 Pr\u00e9nom\u201d ) soulage l&rsquo;animateur en localisant facilement tous les invit\u00e9s.<\/p>\n<p>Renommer facilite aussi la cr\u00e9ation de la salle qui servira au VP RP pour animer la s\u00e9ance de questions\/r\u00e9ponses avec les invit\u00e9s lors de la pause.<\/p>\n<p><iframe loading=\"lazy\" title=\"YouTube video player\" src=\"https:\/\/www.youtube.com\/embed\/fzzEMeOjd_k\" width=\"560\" height=\"315\" frameborder=\"0\" allowfullscreen=\"allowfullscreen\"><\/iframe><\/p>\n<p>L\u2019enregistrement de la r\u00e9union dans le cloud permet de garder la trace des prestations avec l\u2019orateur en plein \u00e9cran. Cela permettra \u00e0 ceux qui ont prononc\u00e9 un discours ou effectu\u00e9 une \u00e9valuation de recevoir le clip de leur prestation.<\/p>\n<p><iframe loading=\"lazy\" title=\"YouTube video player\" src=\"https:\/\/www.youtube.com\/embed\/dvtw8p2wcsY\" width=\"560\" height=\"315\" frameborder=\"0\" allowfullscreen=\"allowfullscreen\"><\/iframe><\/p>\n<p>Le ZM t\u00e9l\u00e9charge le programme de la soir\u00e9e pr\u00e9par\u00e9 avant la r\u00e9union pour permettre de suivre la s\u00e9quence des interventions. L\u2019animateur de soir\u00e9e, l\u2019\u00e9valuateur g\u00e9n\u00e9ral et le chronom\u00e9treur pourront ensuite s\u2019y r\u00e9f\u00e9rer.<\/p>\n<p><iframe loading=\"lazy\" title=\"YouTube video player\" src=\"https:\/\/www.youtube.com\/embed\/m-gtHoSr5ZA\" width=\"560\" height=\"315\" frameborder=\"0\" allowfullscreen=\"allowfullscreen\"><\/iframe><\/p>\n<p>Au cours de la soir\u00e9e, le ZM lancera plusieurs sondages pour recueillir les votes du public.<\/p>\n<p><iframe loading=\"lazy\" title=\"YouTube video player\" src=\"https:\/\/www.youtube.com\/embed\/ryIlvd-cMEQ\" width=\"560\" height=\"315\" frameborder=\"0\" allowfullscreen=\"allowfullscreen\"><\/iframe><\/p>\n<p>Enfin, le ZM pr\u00e9pare la salle de r\u00e9union pour les invit\u00e9s et la d\u00e9marre juste avant la pause.<\/p>\n<p><iframe loading=\"lazy\" title=\"YouTube video player\" src=\"https:\/\/www.youtube.com\/embed\/5weXlktbr1M\" width=\"560\" height=\"315\" frameborder=\"0\" allowfullscreen=\"allowfullscreen\"><\/iframe><\/p>\n<h6><strong>POUR ALLER PLUS LOIN<\/strong><\/h6>\n<p>Gr\u00e2ce \u00e0 ce tutoriel, tout le monde dans un club peut tenir le r\u00f4le de Zoom master. Venez assister \u00e0 une de nos r\u00e9unions virtuelles (ou r\u00e9elles). C\u2019est <a href=\"https:\/\/club-etincelle.org\/ou-nous-trouver\/\" target=\"_blank\" rel=\"noopener\">ici<\/a>.<\/p>\n","protected":false},"excerpt":{"rendered":"<p>\u00catre le Zoom master d\u2019une soir\u00e9e Toastmasters \u00e0 distance est facile \u00e0 condition de ma\u00eetriser les fonctions avanc\u00e9es de cet outil versatile L\u2019application de visioconf\u00e9rence Zoom a permis \u00e0 nos clubs de poursuivre les r\u00e9unions hebdomadaires pendant plusieurs mois de pand\u00e9mie. Cet outil est maintenant rentr\u00e9 dans les m\u0153urs. En cons\u00e9quence, tout orateur digne de [&hellip;]<\/p>\n","protected":false},"author":2,"featured_media":0,"comment_status":"open","ping_status":"open","sticky":false,"template":"","format":"standard","meta":{"_monsterinsights_skip_tracking":false,"_monsterinsights_sitenote_active":false,"_monsterinsights_sitenote_note":"","_monsterinsights_sitenote_category":0,"footnotes":""},"categories":[8,2],"tags":[],"class_list":["post-397","post","type-post","status-publish","format-standard","hentry","category-communication","category-toastmasters"],"yoast_head":"<!-- This site is optimized with the Yoast SEO plugin v27.4 - https:\/\/yoast.com\/product\/yoast-seo-wordpress\/ -->\n<title>Bien utiliser Zoom pour r\u00e9ussir vos r\u00e9unions virtuelles - Fa\u00e7ons de parler<\/title>\n<meta name=\"robots\" content=\"index, follow, max-snippet:-1, max-image-preview:large, max-video-preview:-1\" \/>\n<link rel=\"canonical\" href=\"https:\/\/www.elecyt.org\/blog\/2022\/06\/01\/bien-utiliser-zoom-pour-reussir-vos-reunions-virtuelles\/\" \/>\n<meta property=\"og:locale\" content=\"fr_FR\" \/>\n<meta property=\"og:type\" content=\"article\" \/>\n<meta property=\"og:title\" content=\"Bien utiliser Zoom pour r\u00e9ussir vos r\u00e9unions virtuelles - Fa\u00e7ons de parler\" \/>\n<meta property=\"og:description\" content=\"\u00catre le Zoom master d\u2019une soir\u00e9e Toastmasters \u00e0 distance est facile \u00e0 condition de ma\u00eetriser les fonctions avanc\u00e9es de cet outil versatile L\u2019application de visioconf\u00e9rence Zoom a permis \u00e0 nos clubs de poursuivre les r\u00e9unions hebdomadaires pendant plusieurs mois de pand\u00e9mie. Cet outil est maintenant rentr\u00e9 dans les m\u0153urs. En cons\u00e9quence, tout orateur digne de [&hellip;]\" \/>\n<meta property=\"og:url\" content=\"https:\/\/www.elecyt.org\/blog\/2022\/06\/01\/bien-utiliser-zoom-pour-reussir-vos-reunions-virtuelles\/\" \/>\n<meta property=\"og:site_name\" content=\"Fa\u00e7ons de parler\" \/>\n<meta property=\"article:published_time\" content=\"2022-06-01T20:03:38+00:00\" \/>\n<meta property=\"article:modified_time\" content=\"2022-06-07T10:50:18+00:00\" \/>\n<meta property=\"og:image\" content=\"https:\/\/www.elecyt.org\/blog\/wp-content\/uploads\/2022\/06\/Post_76_photo_1.png\" \/>\n<meta name=\"author\" content=\"Stephane Gantzer\" \/>\n<meta name=\"twitter:card\" content=\"summary_large_image\" \/>\n<meta name=\"twitter:label1\" content=\"\u00c9crit par\" \/>\n\t<meta name=\"twitter:data1\" content=\"Stephane Gantzer\" \/>\n\t<meta name=\"twitter:label2\" content=\"Dur\u00e9e de lecture estim\u00e9e\" \/>\n\t<meta name=\"twitter:data2\" content=\"3 minutes\" \/>\n<script type=\"application\/ld+json\" class=\"yoast-schema-graph\">{\"@context\":\"https:\\\/\\\/schema.org\",\"@graph\":[{\"@type\":\"Article\",\"@id\":\"https:\\\/\\\/www.elecyt.org\\\/blog\\\/2022\\\/06\\\/01\\\/bien-utiliser-zoom-pour-reussir-vos-reunions-virtuelles\\\/#article\",\"isPartOf\":{\"@id\":\"https:\\\/\\\/www.elecyt.org\\\/blog\\\/2022\\\/06\\\/01\\\/bien-utiliser-zoom-pour-reussir-vos-reunions-virtuelles\\\/\"},\"author\":{\"name\":\"Stephane Gantzer\",\"@id\":\"https:\\\/\\\/www.elecyt.org\\\/blog\\\/#\\\/schema\\\/person\\\/cd7dc81253b2db33748afb7355378e8b\"},\"headline\":\"Bien utiliser Zoom pour r\u00e9ussir vos r\u00e9unions virtuelles\",\"datePublished\":\"2022-06-01T20:03:38+00:00\",\"dateModified\":\"2022-06-07T10:50:18+00:00\",\"mainEntityOfPage\":{\"@id\":\"https:\\\/\\\/www.elecyt.org\\\/blog\\\/2022\\\/06\\\/01\\\/bien-utiliser-zoom-pour-reussir-vos-reunions-virtuelles\\\/\"},\"wordCount\":526,\"commentCount\":0,\"publisher\":{\"@id\":\"https:\\\/\\\/www.elecyt.org\\\/blog\\\/#organization\"},\"image\":{\"@id\":\"https:\\\/\\\/www.elecyt.org\\\/blog\\\/2022\\\/06\\\/01\\\/bien-utiliser-zoom-pour-reussir-vos-reunions-virtuelles\\\/#primaryimage\"},\"thumbnailUrl\":\"https:\\\/\\\/www.elecyt.org\\\/blog\\\/wp-content\\\/uploads\\\/2022\\\/06\\\/Post_76_photo_1.png\",\"articleSection\":[\"Communication\",\"Toastmasters\"],\"inLanguage\":\"fr-FR\",\"potentialAction\":[{\"@type\":\"CommentAction\",\"name\":\"Comment\",\"target\":[\"https:\\\/\\\/www.elecyt.org\\\/blog\\\/2022\\\/06\\\/01\\\/bien-utiliser-zoom-pour-reussir-vos-reunions-virtuelles\\\/#respond\"]}]},{\"@type\":\"WebPage\",\"@id\":\"https:\\\/\\\/www.elecyt.org\\\/blog\\\/2022\\\/06\\\/01\\\/bien-utiliser-zoom-pour-reussir-vos-reunions-virtuelles\\\/\",\"url\":\"https:\\\/\\\/www.elecyt.org\\\/blog\\\/2022\\\/06\\\/01\\\/bien-utiliser-zoom-pour-reussir-vos-reunions-virtuelles\\\/\",\"name\":\"Bien utiliser Zoom pour r\u00e9ussir vos r\u00e9unions virtuelles - Fa\u00e7ons de parler\",\"isPartOf\":{\"@id\":\"https:\\\/\\\/www.elecyt.org\\\/blog\\\/#website\"},\"primaryImageOfPage\":{\"@id\":\"https:\\\/\\\/www.elecyt.org\\\/blog\\\/2022\\\/06\\\/01\\\/bien-utiliser-zoom-pour-reussir-vos-reunions-virtuelles\\\/#primaryimage\"},\"image\":{\"@id\":\"https:\\\/\\\/www.elecyt.org\\\/blog\\\/2022\\\/06\\\/01\\\/bien-utiliser-zoom-pour-reussir-vos-reunions-virtuelles\\\/#primaryimage\"},\"thumbnailUrl\":\"https:\\\/\\\/www.elecyt.org\\\/blog\\\/wp-content\\\/uploads\\\/2022\\\/06\\\/Post_76_photo_1.png\",\"datePublished\":\"2022-06-01T20:03:38+00:00\",\"dateModified\":\"2022-06-07T10:50:18+00:00\",\"breadcrumb\":{\"@id\":\"https:\\\/\\\/www.elecyt.org\\\/blog\\\/2022\\\/06\\\/01\\\/bien-utiliser-zoom-pour-reussir-vos-reunions-virtuelles\\\/#breadcrumb\"},\"inLanguage\":\"fr-FR\",\"potentialAction\":[{\"@type\":\"ReadAction\",\"target\":[\"https:\\\/\\\/www.elecyt.org\\\/blog\\\/2022\\\/06\\\/01\\\/bien-utiliser-zoom-pour-reussir-vos-reunions-virtuelles\\\/\"]}]},{\"@type\":\"ImageObject\",\"inLanguage\":\"fr-FR\",\"@id\":\"https:\\\/\\\/www.elecyt.org\\\/blog\\\/2022\\\/06\\\/01\\\/bien-utiliser-zoom-pour-reussir-vos-reunions-virtuelles\\\/#primaryimage\",\"url\":\"https:\\\/\\\/www.elecyt.org\\\/blog\\\/wp-content\\\/uploads\\\/2022\\\/06\\\/Post_76_photo_1.png\",\"contentUrl\":\"https:\\\/\\\/www.elecyt.org\\\/blog\\\/wp-content\\\/uploads\\\/2022\\\/06\\\/Post_76_photo_1.png\",\"width\":565,\"height\":499},{\"@type\":\"BreadcrumbList\",\"@id\":\"https:\\\/\\\/www.elecyt.org\\\/blog\\\/2022\\\/06\\\/01\\\/bien-utiliser-zoom-pour-reussir-vos-reunions-virtuelles\\\/#breadcrumb\",\"itemListElement\":[{\"@type\":\"ListItem\",\"position\":1,\"name\":\"Accueil\",\"item\":\"https:\\\/\\\/www.elecyt.org\\\/blog\\\/\"},{\"@type\":\"ListItem\",\"position\":2,\"name\":\"Bien utiliser Zoom pour r\u00e9ussir vos r\u00e9unions virtuelles\"}]},{\"@type\":\"WebSite\",\"@id\":\"https:\\\/\\\/www.elecyt.org\\\/blog\\\/#website\",\"url\":\"https:\\\/\\\/www.elecyt.org\\\/blog\\\/\",\"name\":\"Fa\u00e7ons de parler\",\"description\":\"La communication par la pratique\",\"publisher\":{\"@id\":\"https:\\\/\\\/www.elecyt.org\\\/blog\\\/#organization\"},\"potentialAction\":[{\"@type\":\"SearchAction\",\"target\":{\"@type\":\"EntryPoint\",\"urlTemplate\":\"https:\\\/\\\/www.elecyt.org\\\/blog\\\/?s={search_term_string}\"},\"query-input\":{\"@type\":\"PropertyValueSpecification\",\"valueRequired\":true,\"valueName\":\"search_term_string\"}}],\"inLanguage\":\"fr-FR\"},{\"@type\":\"Organization\",\"@id\":\"https:\\\/\\\/www.elecyt.org\\\/blog\\\/#organization\",\"name\":\"Fa\u00e7ons de parler\",\"url\":\"https:\\\/\\\/www.elecyt.org\\\/blog\\\/\",\"logo\":{\"@type\":\"ImageObject\",\"inLanguage\":\"fr-FR\",\"@id\":\"https:\\\/\\\/www.elecyt.org\\\/blog\\\/#\\\/schema\\\/logo\\\/image\\\/\",\"url\":\"https:\\\/\\\/www.elecyt.org\\\/blog\\\/wp-content\\\/uploads\\\/2021\\\/10\\\/cropped-Logo-ELECYT-CMJN.jpg\",\"contentUrl\":\"https:\\\/\\\/www.elecyt.org\\\/blog\\\/wp-content\\\/uploads\\\/2021\\\/10\\\/cropped-Logo-ELECYT-CMJN.jpg\",\"width\":966,\"height\":369,\"caption\":\"Fa\u00e7ons de parler\"},\"image\":{\"@id\":\"https:\\\/\\\/www.elecyt.org\\\/blog\\\/#\\\/schema\\\/logo\\\/image\\\/\"}},{\"@type\":\"Person\",\"@id\":\"https:\\\/\\\/www.elecyt.org\\\/blog\\\/#\\\/schema\\\/person\\\/cd7dc81253b2db33748afb7355378e8b\",\"name\":\"Stephane Gantzer\",\"image\":{\"@type\":\"ImageObject\",\"inLanguage\":\"fr-FR\",\"@id\":\"https:\\\/\\\/secure.gravatar.com\\\/avatar\\\/a026a9ac79640a4084e74bf3c5273fdf14b3d26d08f476fcfd36c1d77261b730?s=96&d=mm&r=g\",\"url\":\"https:\\\/\\\/secure.gravatar.com\\\/avatar\\\/a026a9ac79640a4084e74bf3c5273fdf14b3d26d08f476fcfd36c1d77261b730?s=96&d=mm&r=g\",\"contentUrl\":\"https:\\\/\\\/secure.gravatar.com\\\/avatar\\\/a026a9ac79640a4084e74bf3c5273fdf14b3d26d08f476fcfd36c1d77261b730?s=96&d=mm&r=g\",\"caption\":\"Stephane Gantzer\"},\"url\":\"https:\\\/\\\/www.elecyt.org\\\/blog\\\/author\\\/stephane-gantzer\\\/\"}]}<\/script>\n<!-- \/ Yoast SEO plugin. -->","yoast_head_json":{"title":"Bien utiliser Zoom pour r\u00e9ussir vos r\u00e9unions virtuelles - Fa\u00e7ons de parler","robots":{"index":"index","follow":"follow","max-snippet":"max-snippet:-1","max-image-preview":"max-image-preview:large","max-video-preview":"max-video-preview:-1"},"canonical":"https:\/\/www.elecyt.org\/blog\/2022\/06\/01\/bien-utiliser-zoom-pour-reussir-vos-reunions-virtuelles\/","og_locale":"fr_FR","og_type":"article","og_title":"Bien utiliser Zoom pour r\u00e9ussir vos r\u00e9unions virtuelles - Fa\u00e7ons de parler","og_description":"\u00catre le Zoom master d\u2019une soir\u00e9e Toastmasters \u00e0 distance est facile \u00e0 condition de ma\u00eetriser les fonctions avanc\u00e9es de cet outil versatile L\u2019application de visioconf\u00e9rence Zoom a permis \u00e0 nos clubs de poursuivre les r\u00e9unions hebdomadaires pendant plusieurs mois de pand\u00e9mie. Cet outil est maintenant rentr\u00e9 dans les m\u0153urs. En cons\u00e9quence, tout orateur digne de [&hellip;]","og_url":"https:\/\/www.elecyt.org\/blog\/2022\/06\/01\/bien-utiliser-zoom-pour-reussir-vos-reunions-virtuelles\/","og_site_name":"Fa\u00e7ons de parler","article_published_time":"2022-06-01T20:03:38+00:00","article_modified_time":"2022-06-07T10:50:18+00:00","og_image":[{"url":"https:\/\/www.elecyt.org\/blog\/wp-content\/uploads\/2022\/06\/Post_76_photo_1.png","type":"","width":"","height":""}],"author":"Stephane Gantzer","twitter_card":"summary_large_image","twitter_misc":{"\u00c9crit par":"Stephane Gantzer","Dur\u00e9e de lecture estim\u00e9e":"3 minutes"},"schema":{"@context":"https:\/\/schema.org","@graph":[{"@type":"Article","@id":"https:\/\/www.elecyt.org\/blog\/2022\/06\/01\/bien-utiliser-zoom-pour-reussir-vos-reunions-virtuelles\/#article","isPartOf":{"@id":"https:\/\/www.elecyt.org\/blog\/2022\/06\/01\/bien-utiliser-zoom-pour-reussir-vos-reunions-virtuelles\/"},"author":{"name":"Stephane Gantzer","@id":"https:\/\/www.elecyt.org\/blog\/#\/schema\/person\/cd7dc81253b2db33748afb7355378e8b"},"headline":"Bien utiliser Zoom pour r\u00e9ussir vos r\u00e9unions virtuelles","datePublished":"2022-06-01T20:03:38+00:00","dateModified":"2022-06-07T10:50:18+00:00","mainEntityOfPage":{"@id":"https:\/\/www.elecyt.org\/blog\/2022\/06\/01\/bien-utiliser-zoom-pour-reussir-vos-reunions-virtuelles\/"},"wordCount":526,"commentCount":0,"publisher":{"@id":"https:\/\/www.elecyt.org\/blog\/#organization"},"image":{"@id":"https:\/\/www.elecyt.org\/blog\/2022\/06\/01\/bien-utiliser-zoom-pour-reussir-vos-reunions-virtuelles\/#primaryimage"},"thumbnailUrl":"https:\/\/www.elecyt.org\/blog\/wp-content\/uploads\/2022\/06\/Post_76_photo_1.png","articleSection":["Communication","Toastmasters"],"inLanguage":"fr-FR","potentialAction":[{"@type":"CommentAction","name":"Comment","target":["https:\/\/www.elecyt.org\/blog\/2022\/06\/01\/bien-utiliser-zoom-pour-reussir-vos-reunions-virtuelles\/#respond"]}]},{"@type":"WebPage","@id":"https:\/\/www.elecyt.org\/blog\/2022\/06\/01\/bien-utiliser-zoom-pour-reussir-vos-reunions-virtuelles\/","url":"https:\/\/www.elecyt.org\/blog\/2022\/06\/01\/bien-utiliser-zoom-pour-reussir-vos-reunions-virtuelles\/","name":"Bien utiliser Zoom pour r\u00e9ussir vos r\u00e9unions virtuelles - Fa\u00e7ons de parler","isPartOf":{"@id":"https:\/\/www.elecyt.org\/blog\/#website"},"primaryImageOfPage":{"@id":"https:\/\/www.elecyt.org\/blog\/2022\/06\/01\/bien-utiliser-zoom-pour-reussir-vos-reunions-virtuelles\/#primaryimage"},"image":{"@id":"https:\/\/www.elecyt.org\/blog\/2022\/06\/01\/bien-utiliser-zoom-pour-reussir-vos-reunions-virtuelles\/#primaryimage"},"thumbnailUrl":"https:\/\/www.elecyt.org\/blog\/wp-content\/uploads\/2022\/06\/Post_76_photo_1.png","datePublished":"2022-06-01T20:03:38+00:00","dateModified":"2022-06-07T10:50:18+00:00","breadcrumb":{"@id":"https:\/\/www.elecyt.org\/blog\/2022\/06\/01\/bien-utiliser-zoom-pour-reussir-vos-reunions-virtuelles\/#breadcrumb"},"inLanguage":"fr-FR","potentialAction":[{"@type":"ReadAction","target":["https:\/\/www.elecyt.org\/blog\/2022\/06\/01\/bien-utiliser-zoom-pour-reussir-vos-reunions-virtuelles\/"]}]},{"@type":"ImageObject","inLanguage":"fr-FR","@id":"https:\/\/www.elecyt.org\/blog\/2022\/06\/01\/bien-utiliser-zoom-pour-reussir-vos-reunions-virtuelles\/#primaryimage","url":"https:\/\/www.elecyt.org\/blog\/wp-content\/uploads\/2022\/06\/Post_76_photo_1.png","contentUrl":"https:\/\/www.elecyt.org\/blog\/wp-content\/uploads\/2022\/06\/Post_76_photo_1.png","width":565,"height":499},{"@type":"BreadcrumbList","@id":"https:\/\/www.elecyt.org\/blog\/2022\/06\/01\/bien-utiliser-zoom-pour-reussir-vos-reunions-virtuelles\/#breadcrumb","itemListElement":[{"@type":"ListItem","position":1,"name":"Accueil","item":"https:\/\/www.elecyt.org\/blog\/"},{"@type":"ListItem","position":2,"name":"Bien utiliser Zoom pour r\u00e9ussir vos r\u00e9unions virtuelles"}]},{"@type":"WebSite","@id":"https:\/\/www.elecyt.org\/blog\/#website","url":"https:\/\/www.elecyt.org\/blog\/","name":"Fa\u00e7ons de parler","description":"La communication par la pratique","publisher":{"@id":"https:\/\/www.elecyt.org\/blog\/#organization"},"potentialAction":[{"@type":"SearchAction","target":{"@type":"EntryPoint","urlTemplate":"https:\/\/www.elecyt.org\/blog\/?s={search_term_string}"},"query-input":{"@type":"PropertyValueSpecification","valueRequired":true,"valueName":"search_term_string"}}],"inLanguage":"fr-FR"},{"@type":"Organization","@id":"https:\/\/www.elecyt.org\/blog\/#organization","name":"Fa\u00e7ons de parler","url":"https:\/\/www.elecyt.org\/blog\/","logo":{"@type":"ImageObject","inLanguage":"fr-FR","@id":"https:\/\/www.elecyt.org\/blog\/#\/schema\/logo\/image\/","url":"https:\/\/www.elecyt.org\/blog\/wp-content\/uploads\/2021\/10\/cropped-Logo-ELECYT-CMJN.jpg","contentUrl":"https:\/\/www.elecyt.org\/blog\/wp-content\/uploads\/2021\/10\/cropped-Logo-ELECYT-CMJN.jpg","width":966,"height":369,"caption":"Fa\u00e7ons de parler"},"image":{"@id":"https:\/\/www.elecyt.org\/blog\/#\/schema\/logo\/image\/"}},{"@type":"Person","@id":"https:\/\/www.elecyt.org\/blog\/#\/schema\/person\/cd7dc81253b2db33748afb7355378e8b","name":"Stephane Gantzer","image":{"@type":"ImageObject","inLanguage":"fr-FR","@id":"https:\/\/secure.gravatar.com\/avatar\/a026a9ac79640a4084e74bf3c5273fdf14b3d26d08f476fcfd36c1d77261b730?s=96&d=mm&r=g","url":"https:\/\/secure.gravatar.com\/avatar\/a026a9ac79640a4084e74bf3c5273fdf14b3d26d08f476fcfd36c1d77261b730?s=96&d=mm&r=g","contentUrl":"https:\/\/secure.gravatar.com\/avatar\/a026a9ac79640a4084e74bf3c5273fdf14b3d26d08f476fcfd36c1d77261b730?s=96&d=mm&r=g","caption":"Stephane Gantzer"},"url":"https:\/\/www.elecyt.org\/blog\/author\/stephane-gantzer\/"}]}},"_links":{"self":[{"href":"https:\/\/www.elecyt.org\/blog\/wp-json\/wp\/v2\/posts\/397","targetHints":{"allow":["GET"]}}],"collection":[{"href":"https:\/\/www.elecyt.org\/blog\/wp-json\/wp\/v2\/posts"}],"about":[{"href":"https:\/\/www.elecyt.org\/blog\/wp-json\/wp\/v2\/types\/post"}],"author":[{"embeddable":true,"href":"https:\/\/www.elecyt.org\/blog\/wp-json\/wp\/v2\/users\/2"}],"replies":[{"embeddable":true,"href":"https:\/\/www.elecyt.org\/blog\/wp-json\/wp\/v2\/comments?post=397"}],"version-history":[{"count":5,"href":"https:\/\/www.elecyt.org\/blog\/wp-json\/wp\/v2\/posts\/397\/revisions"}],"predecessor-version":[{"id":404,"href":"https:\/\/www.elecyt.org\/blog\/wp-json\/wp\/v2\/posts\/397\/revisions\/404"}],"wp:attachment":[{"href":"https:\/\/www.elecyt.org\/blog\/wp-json\/wp\/v2\/media?parent=397"}],"wp:term":[{"taxonomy":"category","embeddable":true,"href":"https:\/\/www.elecyt.org\/blog\/wp-json\/wp\/v2\/categories?post=397"},{"taxonomy":"post_tag","embeddable":true,"href":"https:\/\/www.elecyt.org\/blog\/wp-json\/wp\/v2\/tags?post=397"}],"curies":[{"name":"wp","href":"https:\/\/api.w.org\/{rel}","templated":true}]}}