{"id":379,"date":"2022-02-08T18:19:09","date_gmt":"2022-02-08T17:19:09","guid":{"rendered":"https:\/\/www.elecyt.org\/blog\/?p=379"},"modified":"2022-05-26T08:38:24","modified_gmt":"2022-05-26T06:38:24","slug":"comment-bien-organiser-son-discours-2eme-partie","status":"publish","type":"post","link":"https:\/\/www.elecyt.org\/blog\/2022\/02\/08\/comment-bien-organiser-son-discours-2eme-partie\/","title":{"rendered":"Comment bien organiser son discours (2\u00e8me partie) ?"},"content":{"rendered":"<h5 style=\"text-align: center;\"><strong>La structure est l\u2019\u00e9l\u00e9ment essentiel d\u2019un bon discours, qui en renforce l\u2019efficacit\u00e9. Voici l\u2019approche pour mettre ses principes <\/strong><strong>en pratique <\/strong><\/h5>\n<p><img loading=\"lazy\" decoding=\"async\" class=\"aligncenter wp-image-380 size-full\" src=\"https:\/\/www.elecyt.org\/blog\/wp-content\/uploads\/2022\/02\/Post_36_image_1.jpg\" alt=\"\" width=\"604\" height=\"340\" srcset=\"https:\/\/www.elecyt.org\/blog\/wp-content\/uploads\/2022\/02\/Post_36_image_1.jpg 604w, https:\/\/www.elecyt.org\/blog\/wp-content\/uploads\/2022\/02\/Post_36_image_1-400x225.jpg 400w\" sizes=\"auto, (max-width: 604px) 100vw, 604px\" \/><\/p>\n<p class=\"has-drop-cap\">Apr\u00e8s avoir abord\u00e9 les principes d&rsquo;une bonne structuration dans l\u2019<a href=\"https:\/\/www.elecyt.org\/blog\/2022\/02\/07\/comment-bien-organiser-son-discours-1ere-partie\/\" target=\"_blank\" rel=\"noopener\">article pr\u00e9c\u00e9dent<\/a>, nous allons \u00e0 pr\u00e9sent d\u00e9tailler les 4 \u00e9tapes pour bien structurer son discours.<\/p>\n<h6><strong>PREMI\u00c8RE \u00c9TAPE: RASSEMBLER LES ID\u00c9ES<br \/>\n<\/strong><\/h6>\n<p>Il est rare de commencer un discours sans aucune id\u00e9e au d\u00e9part. Tenir un journal o\u00f9 sont not\u00e9es toutes les id\u00e9es qui peuvent nous traverser l&rsquo;esprit permet de disposer d\u2019un solide capital de d\u00e9part. De m\u00eame un brainstorming favorise le jaillissement de la cr\u00e9ativit\u00e9. Pour cela, j&rsquo;utilise tr\u00e8s souvent une carte mentale comme <a href=\"https:\/\/1drv.ms\/b\/s!Ap23OVd6Iw4i1xh2H2y4QQXdUUz1?e=IhCn6f\" target=\"_blank\" rel=\"noopener\">celle-ci<\/a>, faite par un de mes coll\u00e8gues anglophones. Ainsi, au centre, se situe le th\u00e8me g\u00e9n\u00e9ral du discours (ici la gestion du temps) et l\u2019on place les premi\u00e8res id\u00e9es \u00e0 partir de ce point central. Puis, de fil en aiguille, les id\u00e9es qui viennent spontan\u00e9ment trouvent leur place dans la carte. Avec un peu d&rsquo;entra\u00eenement, un quart d&rsquo;heure suffit pour g\u00e9n\u00e9rer quantit\u00e9 d\u2019id\u00e9es nouvelles.<\/p>\n<h6><strong>DEUXI\u00c8ME \u00c9TAPE: D\u00c9FINIR LA PROPOSITION DU DISCOURS<br \/>\n<\/strong><\/h6>\n<p>Comme nous l\u2019avons vu <a href=\"https:\/\/www.elecyt.org\/blog\/?p=257&amp;preview=true\" target=\"_blank\" rel=\"noopener\">pr\u00e9c\u00e9demment<\/a>, un bon discours se doit d&rsquo;avoir une proposition que l&rsquo;on va d\u00e9fendre, et qui constituera la colonne vert\u00e9brale du discours. Ainsi, d\u00e9marrer par cette proposition est, pour l\u2019orateur, un bon moyen d&rsquo;\u00e9viter le vertige de la page blanche qui nous saisit quand on commence par l&rsquo;introduction. Il sera toujours temps de r\u00e9diger celle-ci apr\u00e8s coup.<\/p>\n<p>Une bonne proposition, comme son \u00e9quivalent grammatical, doit d&rsquo;abord avoir au moins un sujet, un verbe et un compl\u00e9ment. Ce n&rsquo;est pas le cas, par exemple, pour \u201cMes vacances favorites\u201d. En revanche, \u00e7a l&rsquo;est pour \u201cMes vacances favorites m\u2019ont appris \u00e0 prendre des risques\u201d.<\/p>\n<p>Une bonne proposition ne doit \u00eatre ni une \u00e9vidence, ni une banalit\u00e9. Deux questions permettent de la tester: \u201cAi-je besoin de moins d&rsquo;une minute pour d\u00e9fendre ma proposition?\u201d Si oui, c&rsquo;est une banalit\u00e9. \u201cPeut-on d\u00e9fendre raisonnablement la proposition inverse ?\u201d Si non, c&rsquo;est une \u00e9vidence. Ainsi, \u201cLes glaces, c&rsquo;est d\u00e9licieux\u201d est une banalit\u00e9 qui ne m\u00e8nera pas d&rsquo;\u00e9laboration int\u00e9ressante, tandis que \u201cLes glaces sont un des desserts les plus pratiques de l\u2019\u00e9t\u00e9\u201d permet de d\u00e9velopper : quels sont les desserts de l\u2019\u00e9t\u00e9 ? Pourquoi la glace est-elle plus pratique que les autres desserts ? Et ainsi de suite.<\/p>\n<h6><strong>TROISI\u00c8ME \u00c9TAPE: SOUTENIR LA PROPOSITION<br \/>\n<\/strong><\/h6>\n<p>Les id\u00e9es venant du brainstorming aident \u00e0 trouver les arguments qui viendront soutenir la proposition. Il s&rsquo;agit d&rsquo;en s\u00e9lectionner entre trois et cinq. Se poser la question \u201cPourquoi la proposition est-elle vraie ?\u201d est une fa\u00e7on de proc\u00e9der. Ces arguments vont constituer les futures parties du discours.<\/p>\n<p>Il y a quelques temps, j&rsquo;ai pr\u00e9par\u00e9 un discours sur le th\u00e8me de l&rsquo;amour. Pour cela, j&rsquo;avais choisi la proposition \u201cL&rsquo;amour dure plus de trois ans, \u00e0 condition d&rsquo;y mettre les moyens\u201d. Les id\u00e9es ont \u00e9t\u00e9 class\u00e9es selon trois ressorts possibles de l\u2019amour : physiologique, psychologique, po\u00e9tique qui ont constitu\u00e9 les trois parties de mon discours.<\/p>\n<h6><strong>QUATRI\u00c8ME \u00c9TAPE: \u00c9TAYER LES ARGUMENTS<br \/>\n<\/strong><\/h6>\n<p>Exemples, anecdotes, statistiques, concepts\u2026, la liste est infinie pour \u00e9tayer les arguments. Exemples et anecdotes apportent du concret, de l&rsquo;\u00e9motion, au d\u00e9triment cependant de l&rsquo;universalit\u00e9. Les statistiques donnent du s\u00e9rieux \u00e0 condition de les illustrer pour \u00e9viter leur aridit\u00e9. Les concepts, eux, ont besoin d&rsquo;\u00eatre bien expliqu\u00e9s.<\/p>\n<p>L&rsquo;encha\u00eenement de ces id\u00e9es vient ensuite naturellement: il peut \u00eatre logique dans le cas d&rsquo;une d\u00e9monstration, chronologique dans le cas d\u2019un r\u00e9cit ou encore dialectique (th\u00e8se\/antith\u00e8se\/synth\u00e8se). Au terme de cette \u00e9tape, il est possible d&rsquo;\u00e9baucher le plan du discours.<\/p>\n<p>Pour reprendre l\u2019exemple du discours sur l&rsquo;amour, dans la partie sur la psychologie de l&rsquo;amour, j&rsquo;ai utilis\u00e9 le livre d&rsquo;un psychologue am\u00e9ricain, John Gottman, qui a d\u00e9couvert une formule quasi-math\u00e9matique permettant de pr\u00e9dire si un couple va rester ensemble et qui en a d\u00e9duit une s\u00e9rie de principes.<\/p>\n<p>Il ne reste plus qu&rsquo;\u00e0 passer \u00e0 la r\u00e9daction, en commen\u00e7ant par l&rsquo;introduction, puis la conclusion et en prenant garde aux transitions.<\/p>\n<h6><strong>POUR ALLER PLUS LOIN<br \/>\n<\/strong><\/h6>\n<p>L&rsquo;organisation de vos discours facilite la vie de votre public et les rend m\u00e9morables. Mettez fin au chaos de votre expression en structurant vos discours ! Et si vous voulez entendre des exemples de discours bien construits, alors n\u2019h\u00e9sitez pas \u00e0 nous <a href=\"https:\/\/club-etincelle.org\/ou-nous-trouver\/\" target=\"_blank\" rel=\"noopener\">rendre visite<\/a>.<\/p>\n<h5 style=\"text-align: center;\"><strong>\u00a0<\/strong><\/h5>\n","protected":false},"excerpt":{"rendered":"<p>La structure est l\u2019\u00e9l\u00e9ment essentiel d\u2019un bon discours, qui en renforce l\u2019efficacit\u00e9. Voici l\u2019approche pour mettre ses principes en pratique Apr\u00e8s avoir abord\u00e9 les principes d&rsquo;une bonne structuration dans l\u2019article pr\u00e9c\u00e9dent, nous allons \u00e0 pr\u00e9sent d\u00e9tailler les 4 \u00e9tapes pour bien structurer son discours. PREMI\u00c8RE \u00c9TAPE: RASSEMBLER LES ID\u00c9ES Il est rare de commencer un [&hellip;]<\/p>\n","protected":false},"author":2,"featured_media":0,"comment_status":"open","ping_status":"open","sticky":false,"template":"","format":"standard","meta":{"_monsterinsights_skip_tracking":false,"_monsterinsights_sitenote_active":false,"_monsterinsights_sitenote_note":"","_monsterinsights_sitenote_category":0,"footnotes":""},"categories":[8,2],"tags":[],"class_list":["post-379","post","type-post","status-publish","format-standard","hentry","category-communication","category-toastmasters"],"yoast_head":"<!-- This site is optimized with the Yoast SEO plugin v27.4 - https:\/\/yoast.com\/product\/yoast-seo-wordpress\/ -->\n<title>Comment bien organiser son discours (2\u00e8me partie) ? - Fa\u00e7ons de parler<\/title>\n<meta name=\"robots\" content=\"index, follow, max-snippet:-1, max-image-preview:large, max-video-preview:-1\" \/>\n<link rel=\"canonical\" href=\"https:\/\/www.elecyt.org\/blog\/2022\/02\/08\/comment-bien-organiser-son-discours-2eme-partie\/\" \/>\n<meta property=\"og:locale\" content=\"fr_FR\" \/>\n<meta property=\"og:type\" content=\"article\" \/>\n<meta property=\"og:title\" content=\"Comment bien organiser son discours (2\u00e8me partie) ? - Fa\u00e7ons de parler\" \/>\n<meta property=\"og:description\" content=\"La structure est l\u2019\u00e9l\u00e9ment essentiel d\u2019un bon discours, qui en renforce l\u2019efficacit\u00e9. Voici l\u2019approche pour mettre ses principes en pratique Apr\u00e8s avoir abord\u00e9 les principes d&rsquo;une bonne structuration dans l\u2019article pr\u00e9c\u00e9dent, nous allons \u00e0 pr\u00e9sent d\u00e9tailler les 4 \u00e9tapes pour bien structurer son discours. PREMI\u00c8RE \u00c9TAPE: RASSEMBLER LES ID\u00c9ES Il est rare de commencer un [&hellip;]\" \/>\n<meta property=\"og:url\" content=\"https:\/\/www.elecyt.org\/blog\/2022\/02\/08\/comment-bien-organiser-son-discours-2eme-partie\/\" \/>\n<meta property=\"og:site_name\" content=\"Fa\u00e7ons de parler\" \/>\n<meta property=\"article:published_time\" content=\"2022-02-08T17:19:09+00:00\" \/>\n<meta property=\"article:modified_time\" content=\"2022-05-26T06:38:24+00:00\" \/>\n<meta property=\"og:image\" content=\"https:\/\/www.elecyt.org\/blog\/wp-content\/uploads\/2022\/02\/Post_36_image_1.jpg\" \/>\n<meta name=\"author\" content=\"Stephane Gantzer\" \/>\n<meta name=\"twitter:card\" content=\"summary_large_image\" \/>\n<meta name=\"twitter:label1\" content=\"\u00c9crit par\" \/>\n\t<meta name=\"twitter:data1\" content=\"Stephane Gantzer\" \/>\n\t<meta name=\"twitter:label2\" content=\"Dur\u00e9e de lecture estim\u00e9e\" \/>\n\t<meta name=\"twitter:data2\" content=\"4 minutes\" \/>\n<script type=\"application\/ld+json\" class=\"yoast-schema-graph\">{\"@context\":\"https:\\\/\\\/schema.org\",\"@graph\":[{\"@type\":\"Article\",\"@id\":\"https:\\\/\\\/www.elecyt.org\\\/blog\\\/2022\\\/02\\\/08\\\/comment-bien-organiser-son-discours-2eme-partie\\\/#article\",\"isPartOf\":{\"@id\":\"https:\\\/\\\/www.elecyt.org\\\/blog\\\/2022\\\/02\\\/08\\\/comment-bien-organiser-son-discours-2eme-partie\\\/\"},\"author\":{\"name\":\"Stephane Gantzer\",\"@id\":\"https:\\\/\\\/www.elecyt.org\\\/blog\\\/#\\\/schema\\\/person\\\/cd7dc81253b2db33748afb7355378e8b\"},\"headline\":\"Comment bien organiser son discours (2\u00e8me partie) ?\",\"datePublished\":\"2022-02-08T17:19:09+00:00\",\"dateModified\":\"2022-05-26T06:38:24+00:00\",\"mainEntityOfPage\":{\"@id\":\"https:\\\/\\\/www.elecyt.org\\\/blog\\\/2022\\\/02\\\/08\\\/comment-bien-organiser-son-discours-2eme-partie\\\/\"},\"wordCount\":782,\"commentCount\":0,\"publisher\":{\"@id\":\"https:\\\/\\\/www.elecyt.org\\\/blog\\\/#organization\"},\"image\":{\"@id\":\"https:\\\/\\\/www.elecyt.org\\\/blog\\\/2022\\\/02\\\/08\\\/comment-bien-organiser-son-discours-2eme-partie\\\/#primaryimage\"},\"thumbnailUrl\":\"https:\\\/\\\/www.elecyt.org\\\/blog\\\/wp-content\\\/uploads\\\/2022\\\/02\\\/Post_36_image_1.jpg\",\"articleSection\":[\"Communication\",\"Toastmasters\"],\"inLanguage\":\"fr-FR\",\"potentialAction\":[{\"@type\":\"CommentAction\",\"name\":\"Comment\",\"target\":[\"https:\\\/\\\/www.elecyt.org\\\/blog\\\/2022\\\/02\\\/08\\\/comment-bien-organiser-son-discours-2eme-partie\\\/#respond\"]}]},{\"@type\":\"WebPage\",\"@id\":\"https:\\\/\\\/www.elecyt.org\\\/blog\\\/2022\\\/02\\\/08\\\/comment-bien-organiser-son-discours-2eme-partie\\\/\",\"url\":\"https:\\\/\\\/www.elecyt.org\\\/blog\\\/2022\\\/02\\\/08\\\/comment-bien-organiser-son-discours-2eme-partie\\\/\",\"name\":\"Comment bien organiser son discours (2\u00e8me partie) ? - Fa\u00e7ons de parler\",\"isPartOf\":{\"@id\":\"https:\\\/\\\/www.elecyt.org\\\/blog\\\/#website\"},\"primaryImageOfPage\":{\"@id\":\"https:\\\/\\\/www.elecyt.org\\\/blog\\\/2022\\\/02\\\/08\\\/comment-bien-organiser-son-discours-2eme-partie\\\/#primaryimage\"},\"image\":{\"@id\":\"https:\\\/\\\/www.elecyt.org\\\/blog\\\/2022\\\/02\\\/08\\\/comment-bien-organiser-son-discours-2eme-partie\\\/#primaryimage\"},\"thumbnailUrl\":\"https:\\\/\\\/www.elecyt.org\\\/blog\\\/wp-content\\\/uploads\\\/2022\\\/02\\\/Post_36_image_1.jpg\",\"datePublished\":\"2022-02-08T17:19:09+00:00\",\"dateModified\":\"2022-05-26T06:38:24+00:00\",\"breadcrumb\":{\"@id\":\"https:\\\/\\\/www.elecyt.org\\\/blog\\\/2022\\\/02\\\/08\\\/comment-bien-organiser-son-discours-2eme-partie\\\/#breadcrumb\"},\"inLanguage\":\"fr-FR\",\"potentialAction\":[{\"@type\":\"ReadAction\",\"target\":[\"https:\\\/\\\/www.elecyt.org\\\/blog\\\/2022\\\/02\\\/08\\\/comment-bien-organiser-son-discours-2eme-partie\\\/\"]}]},{\"@type\":\"ImageObject\",\"inLanguage\":\"fr-FR\",\"@id\":\"https:\\\/\\\/www.elecyt.org\\\/blog\\\/2022\\\/02\\\/08\\\/comment-bien-organiser-son-discours-2eme-partie\\\/#primaryimage\",\"url\":\"https:\\\/\\\/www.elecyt.org\\\/blog\\\/wp-content\\\/uploads\\\/2022\\\/02\\\/Post_36_image_1.jpg\",\"contentUrl\":\"https:\\\/\\\/www.elecyt.org\\\/blog\\\/wp-content\\\/uploads\\\/2022\\\/02\\\/Post_36_image_1.jpg\",\"width\":604,\"height\":340},{\"@type\":\"BreadcrumbList\",\"@id\":\"https:\\\/\\\/www.elecyt.org\\\/blog\\\/2022\\\/02\\\/08\\\/comment-bien-organiser-son-discours-2eme-partie\\\/#breadcrumb\",\"itemListElement\":[{\"@type\":\"ListItem\",\"position\":1,\"name\":\"Accueil\",\"item\":\"https:\\\/\\\/www.elecyt.org\\\/blog\\\/\"},{\"@type\":\"ListItem\",\"position\":2,\"name\":\"Comment bien organiser son discours (2\u00e8me partie) ?\"}]},{\"@type\":\"WebSite\",\"@id\":\"https:\\\/\\\/www.elecyt.org\\\/blog\\\/#website\",\"url\":\"https:\\\/\\\/www.elecyt.org\\\/blog\\\/\",\"name\":\"Fa\u00e7ons de parler\",\"description\":\"La communication par la pratique\",\"publisher\":{\"@id\":\"https:\\\/\\\/www.elecyt.org\\\/blog\\\/#organization\"},\"potentialAction\":[{\"@type\":\"SearchAction\",\"target\":{\"@type\":\"EntryPoint\",\"urlTemplate\":\"https:\\\/\\\/www.elecyt.org\\\/blog\\\/?s={search_term_string}\"},\"query-input\":{\"@type\":\"PropertyValueSpecification\",\"valueRequired\":true,\"valueName\":\"search_term_string\"}}],\"inLanguage\":\"fr-FR\"},{\"@type\":\"Organization\",\"@id\":\"https:\\\/\\\/www.elecyt.org\\\/blog\\\/#organization\",\"name\":\"Fa\u00e7ons de parler\",\"url\":\"https:\\\/\\\/www.elecyt.org\\\/blog\\\/\",\"logo\":{\"@type\":\"ImageObject\",\"inLanguage\":\"fr-FR\",\"@id\":\"https:\\\/\\\/www.elecyt.org\\\/blog\\\/#\\\/schema\\\/logo\\\/image\\\/\",\"url\":\"https:\\\/\\\/www.elecyt.org\\\/blog\\\/wp-content\\\/uploads\\\/2021\\\/10\\\/cropped-Logo-ELECYT-CMJN.jpg\",\"contentUrl\":\"https:\\\/\\\/www.elecyt.org\\\/blog\\\/wp-content\\\/uploads\\\/2021\\\/10\\\/cropped-Logo-ELECYT-CMJN.jpg\",\"width\":966,\"height\":369,\"caption\":\"Fa\u00e7ons de parler\"},\"image\":{\"@id\":\"https:\\\/\\\/www.elecyt.org\\\/blog\\\/#\\\/schema\\\/logo\\\/image\\\/\"}},{\"@type\":\"Person\",\"@id\":\"https:\\\/\\\/www.elecyt.org\\\/blog\\\/#\\\/schema\\\/person\\\/cd7dc81253b2db33748afb7355378e8b\",\"name\":\"Stephane Gantzer\",\"image\":{\"@type\":\"ImageObject\",\"inLanguage\":\"fr-FR\",\"@id\":\"https:\\\/\\\/secure.gravatar.com\\\/avatar\\\/a026a9ac79640a4084e74bf3c5273fdf14b3d26d08f476fcfd36c1d77261b730?s=96&d=mm&r=g\",\"url\":\"https:\\\/\\\/secure.gravatar.com\\\/avatar\\\/a026a9ac79640a4084e74bf3c5273fdf14b3d26d08f476fcfd36c1d77261b730?s=96&d=mm&r=g\",\"contentUrl\":\"https:\\\/\\\/secure.gravatar.com\\\/avatar\\\/a026a9ac79640a4084e74bf3c5273fdf14b3d26d08f476fcfd36c1d77261b730?s=96&d=mm&r=g\",\"caption\":\"Stephane Gantzer\"},\"url\":\"https:\\\/\\\/www.elecyt.org\\\/blog\\\/author\\\/stephane-gantzer\\\/\"}]}<\/script>\n<!-- \/ Yoast SEO plugin. -->","yoast_head_json":{"title":"Comment bien organiser son discours (2\u00e8me partie) ? - Fa\u00e7ons de parler","robots":{"index":"index","follow":"follow","max-snippet":"max-snippet:-1","max-image-preview":"max-image-preview:large","max-video-preview":"max-video-preview:-1"},"canonical":"https:\/\/www.elecyt.org\/blog\/2022\/02\/08\/comment-bien-organiser-son-discours-2eme-partie\/","og_locale":"fr_FR","og_type":"article","og_title":"Comment bien organiser son discours (2\u00e8me partie) ? - Fa\u00e7ons de parler","og_description":"La structure est l\u2019\u00e9l\u00e9ment essentiel d\u2019un bon discours, qui en renforce l\u2019efficacit\u00e9. Voici l\u2019approche pour mettre ses principes en pratique Apr\u00e8s avoir abord\u00e9 les principes d&rsquo;une bonne structuration dans l\u2019article pr\u00e9c\u00e9dent, nous allons \u00e0 pr\u00e9sent d\u00e9tailler les 4 \u00e9tapes pour bien structurer son discours. PREMI\u00c8RE \u00c9TAPE: RASSEMBLER LES ID\u00c9ES Il est rare de commencer un [&hellip;]","og_url":"https:\/\/www.elecyt.org\/blog\/2022\/02\/08\/comment-bien-organiser-son-discours-2eme-partie\/","og_site_name":"Fa\u00e7ons de parler","article_published_time":"2022-02-08T17:19:09+00:00","article_modified_time":"2022-05-26T06:38:24+00:00","og_image":[{"url":"https:\/\/www.elecyt.org\/blog\/wp-content\/uploads\/2022\/02\/Post_36_image_1.jpg","type":"","width":"","height":""}],"author":"Stephane Gantzer","twitter_card":"summary_large_image","twitter_misc":{"\u00c9crit par":"Stephane Gantzer","Dur\u00e9e de lecture estim\u00e9e":"4 minutes"},"schema":{"@context":"https:\/\/schema.org","@graph":[{"@type":"Article","@id":"https:\/\/www.elecyt.org\/blog\/2022\/02\/08\/comment-bien-organiser-son-discours-2eme-partie\/#article","isPartOf":{"@id":"https:\/\/www.elecyt.org\/blog\/2022\/02\/08\/comment-bien-organiser-son-discours-2eme-partie\/"},"author":{"name":"Stephane Gantzer","@id":"https:\/\/www.elecyt.org\/blog\/#\/schema\/person\/cd7dc81253b2db33748afb7355378e8b"},"headline":"Comment bien organiser son discours (2\u00e8me partie) ?","datePublished":"2022-02-08T17:19:09+00:00","dateModified":"2022-05-26T06:38:24+00:00","mainEntityOfPage":{"@id":"https:\/\/www.elecyt.org\/blog\/2022\/02\/08\/comment-bien-organiser-son-discours-2eme-partie\/"},"wordCount":782,"commentCount":0,"publisher":{"@id":"https:\/\/www.elecyt.org\/blog\/#organization"},"image":{"@id":"https:\/\/www.elecyt.org\/blog\/2022\/02\/08\/comment-bien-organiser-son-discours-2eme-partie\/#primaryimage"},"thumbnailUrl":"https:\/\/www.elecyt.org\/blog\/wp-content\/uploads\/2022\/02\/Post_36_image_1.jpg","articleSection":["Communication","Toastmasters"],"inLanguage":"fr-FR","potentialAction":[{"@type":"CommentAction","name":"Comment","target":["https:\/\/www.elecyt.org\/blog\/2022\/02\/08\/comment-bien-organiser-son-discours-2eme-partie\/#respond"]}]},{"@type":"WebPage","@id":"https:\/\/www.elecyt.org\/blog\/2022\/02\/08\/comment-bien-organiser-son-discours-2eme-partie\/","url":"https:\/\/www.elecyt.org\/blog\/2022\/02\/08\/comment-bien-organiser-son-discours-2eme-partie\/","name":"Comment bien organiser son discours (2\u00e8me partie) ? - Fa\u00e7ons de parler","isPartOf":{"@id":"https:\/\/www.elecyt.org\/blog\/#website"},"primaryImageOfPage":{"@id":"https:\/\/www.elecyt.org\/blog\/2022\/02\/08\/comment-bien-organiser-son-discours-2eme-partie\/#primaryimage"},"image":{"@id":"https:\/\/www.elecyt.org\/blog\/2022\/02\/08\/comment-bien-organiser-son-discours-2eme-partie\/#primaryimage"},"thumbnailUrl":"https:\/\/www.elecyt.org\/blog\/wp-content\/uploads\/2022\/02\/Post_36_image_1.jpg","datePublished":"2022-02-08T17:19:09+00:00","dateModified":"2022-05-26T06:38:24+00:00","breadcrumb":{"@id":"https:\/\/www.elecyt.org\/blog\/2022\/02\/08\/comment-bien-organiser-son-discours-2eme-partie\/#breadcrumb"},"inLanguage":"fr-FR","potentialAction":[{"@type":"ReadAction","target":["https:\/\/www.elecyt.org\/blog\/2022\/02\/08\/comment-bien-organiser-son-discours-2eme-partie\/"]}]},{"@type":"ImageObject","inLanguage":"fr-FR","@id":"https:\/\/www.elecyt.org\/blog\/2022\/02\/08\/comment-bien-organiser-son-discours-2eme-partie\/#primaryimage","url":"https:\/\/www.elecyt.org\/blog\/wp-content\/uploads\/2022\/02\/Post_36_image_1.jpg","contentUrl":"https:\/\/www.elecyt.org\/blog\/wp-content\/uploads\/2022\/02\/Post_36_image_1.jpg","width":604,"height":340},{"@type":"BreadcrumbList","@id":"https:\/\/www.elecyt.org\/blog\/2022\/02\/08\/comment-bien-organiser-son-discours-2eme-partie\/#breadcrumb","itemListElement":[{"@type":"ListItem","position":1,"name":"Accueil","item":"https:\/\/www.elecyt.org\/blog\/"},{"@type":"ListItem","position":2,"name":"Comment bien organiser son discours (2\u00e8me partie) ?"}]},{"@type":"WebSite","@id":"https:\/\/www.elecyt.org\/blog\/#website","url":"https:\/\/www.elecyt.org\/blog\/","name":"Fa\u00e7ons de parler","description":"La communication par la pratique","publisher":{"@id":"https:\/\/www.elecyt.org\/blog\/#organization"},"potentialAction":[{"@type":"SearchAction","target":{"@type":"EntryPoint","urlTemplate":"https:\/\/www.elecyt.org\/blog\/?s={search_term_string}"},"query-input":{"@type":"PropertyValueSpecification","valueRequired":true,"valueName":"search_term_string"}}],"inLanguage":"fr-FR"},{"@type":"Organization","@id":"https:\/\/www.elecyt.org\/blog\/#organization","name":"Fa\u00e7ons de parler","url":"https:\/\/www.elecyt.org\/blog\/","logo":{"@type":"ImageObject","inLanguage":"fr-FR","@id":"https:\/\/www.elecyt.org\/blog\/#\/schema\/logo\/image\/","url":"https:\/\/www.elecyt.org\/blog\/wp-content\/uploads\/2021\/10\/cropped-Logo-ELECYT-CMJN.jpg","contentUrl":"https:\/\/www.elecyt.org\/blog\/wp-content\/uploads\/2021\/10\/cropped-Logo-ELECYT-CMJN.jpg","width":966,"height":369,"caption":"Fa\u00e7ons de parler"},"image":{"@id":"https:\/\/www.elecyt.org\/blog\/#\/schema\/logo\/image\/"}},{"@type":"Person","@id":"https:\/\/www.elecyt.org\/blog\/#\/schema\/person\/cd7dc81253b2db33748afb7355378e8b","name":"Stephane Gantzer","image":{"@type":"ImageObject","inLanguage":"fr-FR","@id":"https:\/\/secure.gravatar.com\/avatar\/a026a9ac79640a4084e74bf3c5273fdf14b3d26d08f476fcfd36c1d77261b730?s=96&d=mm&r=g","url":"https:\/\/secure.gravatar.com\/avatar\/a026a9ac79640a4084e74bf3c5273fdf14b3d26d08f476fcfd36c1d77261b730?s=96&d=mm&r=g","contentUrl":"https:\/\/secure.gravatar.com\/avatar\/a026a9ac79640a4084e74bf3c5273fdf14b3d26d08f476fcfd36c1d77261b730?s=96&d=mm&r=g","caption":"Stephane Gantzer"},"url":"https:\/\/www.elecyt.org\/blog\/author\/stephane-gantzer\/"}]}},"_links":{"self":[{"href":"https:\/\/www.elecyt.org\/blog\/wp-json\/wp\/v2\/posts\/379","targetHints":{"allow":["GET"]}}],"collection":[{"href":"https:\/\/www.elecyt.org\/blog\/wp-json\/wp\/v2\/posts"}],"about":[{"href":"https:\/\/www.elecyt.org\/blog\/wp-json\/wp\/v2\/types\/post"}],"author":[{"embeddable":true,"href":"https:\/\/www.elecyt.org\/blog\/wp-json\/wp\/v2\/users\/2"}],"replies":[{"embeddable":true,"href":"https:\/\/www.elecyt.org\/blog\/wp-json\/wp\/v2\/comments?post=379"}],"version-history":[{"count":5,"href":"https:\/\/www.elecyt.org\/blog\/wp-json\/wp\/v2\/posts\/379\/revisions"}],"predecessor-version":[{"id":396,"href":"https:\/\/www.elecyt.org\/blog\/wp-json\/wp\/v2\/posts\/379\/revisions\/396"}],"wp:attachment":[{"href":"https:\/\/www.elecyt.org\/blog\/wp-json\/wp\/v2\/media?parent=379"}],"wp:term":[{"taxonomy":"category","embeddable":true,"href":"https:\/\/www.elecyt.org\/blog\/wp-json\/wp\/v2\/categories?post=379"},{"taxonomy":"post_tag","embeddable":true,"href":"https:\/\/www.elecyt.org\/blog\/wp-json\/wp\/v2\/tags?post=379"}],"curies":[{"name":"wp","href":"https:\/\/api.w.org\/{rel}","templated":true}]}}