{"id":320,"date":"2021-10-28T15:00:04","date_gmt":"2021-10-28T13:00:04","guid":{"rendered":"https:\/\/www.elecyt.org\/blog\/?p=320"},"modified":"2021-10-29T12:38:03","modified_gmt":"2021-10-29T10:38:03","slug":"le-palais-de-la-memoire","status":"publish","type":"post","link":"https:\/\/www.elecyt.org\/blog\/2021\/10\/28\/le-palais-de-la-memoire\/","title":{"rendered":"Le palais de la m\u00e9moire"},"content":{"rendered":"<h5 style=\"text-align: center;\"><strong>La m\u00e9moire est pr\u00e9cieuse \u00e0 l\u2019orateur. Le palais de la m\u00e9moire est un outil de choix pour l\u2019optimiser.<\/strong><\/h5>\n<p><img loading=\"lazy\" decoding=\"async\" class=\"aligncenter wp-image-323 size-full\" src=\"https:\/\/www.elecyt.org\/blog\/wp-content\/uploads\/2021\/10\/Post_28_photo_1.png\" alt=\"\" width=\"1830\" height=\"1220\" srcset=\"https:\/\/www.elecyt.org\/blog\/wp-content\/uploads\/2021\/10\/Post_28_photo_1.png 1830w, https:\/\/www.elecyt.org\/blog\/wp-content\/uploads\/2021\/10\/Post_28_photo_1-400x267.png 400w, https:\/\/www.elecyt.org\/blog\/wp-content\/uploads\/2021\/10\/Post_28_photo_1-1024x683.png 1024w, https:\/\/www.elecyt.org\/blog\/wp-content\/uploads\/2021\/10\/Post_28_photo_1-768x512.png 768w, https:\/\/www.elecyt.org\/blog\/wp-content\/uploads\/2021\/10\/Post_28_photo_1-1536x1024.png 1536w, https:\/\/www.elecyt.org\/blog\/wp-content\/uploads\/2021\/10\/Post_28_photo_1-1200x800.png 1200w\" sizes=\"auto, (max-width: 1830px) 100vw, 1830px\" \/><\/p>\n<p class=\"has-drop-cap\">Beaucoup de mes id\u00e9es de discours me viennent pendant mes courses \u00e0 pied dans le bois de Vincennes. Jusqu\u2019\u00e0 une \u00e9poque r\u00e9cente, comme je ne m\u00e9morisais pas ces id\u00e9es, elles \u00e9taient perdues pour toujours. Le palais de la m\u00e9moire a r\u00e9solu ce probl\u00e8me. Je peux d\u00e9sormais emmagasiner toutes les id\u00e9es qui me viennent \u00e0 l&rsquo;esprit. Dans ce billet, apr\u00e8s un aper\u00e7u historique de cette m\u00e9thode presqu\u2019aussi vieille que la rh\u00e9torique, nous d\u00e9couvrirons une approche pratique pour construire et utiliser son palais de la m\u00e9moire.<\/p>\n<h6><strong>UNE PRATIQUE QUI REMONTE A L\u2019ANTIQUIT\u00c9<\/strong><\/h6>\n<p>L\u2019origine du palais de la m\u00e9moire, encore appel\u00e9e m\u00e9thode des loci ou des lieux remonte l&rsquo;Antiquit\u00e9 grecque. Elle se base sur le souvenir de lieux d\u00e9j\u00e0 bien connus, auxquels on associe, par divers moyens, les \u00e9l\u00e9ments nouveaux que l&rsquo;on souhaite m\u00e9moriser. Attribu\u00e9e \u00e0 tort \u00e0 Cic\u00e9ron, cette m\u00e9thode aurait \u00e9t\u00e9 d\u00e9couverte par un Grec, Simonide de C\u00e9os, quand il fut amen\u00e9 \u00e0 identifier le corps de ses amis d\u00e9cim\u00e9s par un tremblement de terre. Cet art fut ensuite pratiqu\u00e9 par les premiers moines et devint la principale m\u00e9thode de lecture de la Bible. Il a donn\u00e9 naissance aux expressions comme \u201cEn premier lieu,\u2026en second lieu\u201d.<\/p>\n<p>Il existe plusieurs variantes de cette m\u00e9thode, qu\u2019on peut r\u00e9sumer en cinq \u00e9tapes :<\/p>\n<h6><strong>\u00c9TAPE 1 : CHOISIR LE PALAIS<\/strong><\/h6>\n<p>Il faut choisir un lieu suffisamment familier pour \u00eatre visualis\u00e9 en fermant les yeux. Les pr\u00eates juifs avaient l&rsquo;habitude d&rsquo;utiliser la description dans la Bible de lieux saints comme le temple de Salomon ou le Tabernacle. Si, comme Carlos Ghosn, vous \u00eates un peu snob, vous choisirez le ch\u00e2teau de Versailles. Plus prosa\u00efquement, votre propre habitation fera parfaitement l\u2019affaire, m\u00eame si c\u2019est une coloc ! Plus le lieu est grand, plus vous pourrez ranger d&rsquo;informations<\/p>\n<h6><strong>\u00c9TAPE 2 : IDENTIFIER LES DIFF\u00c9RENTES PI\u00c8CES DU PALAIS<\/strong><\/h6>\n<p>Si votre palais se trouve dans un b\u00e2timent, vous pourriez envisager de ranger vos informations dans des pi\u00e8ces diff\u00e9rentes. Ensuite, \u00e0 l&rsquo;int\u00e9rieur de chaque pi\u00e8ce, vous pouvez identifier des emplacements plus petits, par exemple un tableau, des meubles ou des \u00e9l\u00e9ments de d\u00e9coration.<\/p>\n<h6><strong>\u00c9TAPE 3 : D\u00c9FINIR UN PARCOURS<\/strong><\/h6>\n<p>Vous d\u00e9finissez le chemin que vous allez parcourir dans votre palais. Entrez-vous par la porte d&rsquo;entr\u00e9e ? Quel couloir allez-vous prendre ? Dans quelles pi\u00e8ces vous rendez-vous ? Si vous devez vous souvenir de ces choses dans un certain ordre, suivez un chemin en particulier, autant dans votre t\u00eate que dans la r\u00e9alit\u00e9.<\/p>\n<h6><strong>\u00c9TAPE 4 : D\u00c9POSER LES INFORMATIONS A M\u00c9MORISER<\/strong><\/h6>\n<p>Tout ce que vous avez \u00e0 faire est de poser dans chaque emplacement du palais une information qui va activer votre m\u00e9moire et vous amener \u00e0 vous souvenir des informations que vous ne voulez pas oublier. Par exemple, si vous essayez de vous souvenir d&rsquo;un bateau, vous pouvez visualiser une ancre sur votre canap\u00e9. Si ce bateau est le Titanic, vous pouvez imaginer un iceberg \u00e0 c\u00f4t\u00e9 de l&rsquo;ancre. Les images que vous choisissez doivent \u00eatre faciles \u00e0 retenir. En g\u00e9n\u00e9ral, vous aurez plus de facilit\u00e9 \u00e0 vous les rappeler si elles sortent de l&rsquo;ordinaire. Ou si elles ont un lien avec une \u00e9motion forte ou une exp\u00e9rience personnelle. Optez pour des images saugrenues, voire obsc\u00e8nes. C\u2019est d\u2019ailleurs une des raisons pour lesquelles l\u2019\u00c9glise \u00e9tait r\u00e9ticente \u00e0 employer cette m\u00e9thode.<\/p>\n<h6><strong>\u00c9TAPE 5 : EXPLORER VOTRE PALAIS<\/strong><\/h6>\n<p>Passer un quart d&rsquo;heure par jour \u00e0 explorer votre palais. Plus vous vous y promenez et plus vous y passez du temps, plus il vous sera facile de vous souvenir des informations que vous y rangez. Votre exercice de visualisation doit vous sembler tr\u00e8s facile et naturel.<\/p>\n<h6><strong>DES R\u00c9SULTATS PRODIGIEUX<\/strong><\/h6>\n<p>Ce processus donne des r\u00e9sultats impressionnants. Le recordman du monde de la m\u00e9morisation de cartes est capable de retenir l\u2019ordre d\u2019un jeu de 52 cartes en 20\u201c, c\u2019est-\u00e0-dire moins de 3\/10 de seconde par carte\u00a0! Un autre champion a \u00e9t\u00e9 capable de m\u00e9moriser une s\u00e9quence de 1.040 chiffres en une demi-heure avec 300 points d\u2019arr\u00eat dans son palais de la m\u00e9moire.<\/p>\n<p>Pour ma part, j\u2019utilise r\u00e9guli\u00e8rement cette m\u00e9thode pour retenir les id\u00e9es qui me viennent n&rsquo;importe quand. Je range les informations dans chacune des pi\u00e8ces de mon logement en essayant de trouver une image frappante. Hier, par exemple, je devais me rappeler de regarder les horaires et les prix d\u2019un vol vers la Guyane que je dois effectuer cet automne. L\u2019image \u00e9tait celle d\u2019un papillon, pour \u00e9voquer le fameux bagnard de l\u2019\u00cele du Diable, Henri Charri\u00e8re, pos\u00e9 sur une maquette d\u2019avion dans le couloir de l\u2019entr\u00e9e. J\u2019ai la chance d\u2019habiter une grande habitation. Mon record personnel, certes modeste, est de 20 \u00e9l\u00e9ments diff\u00e9rents !<\/p>\n<h6><strong>POUR ALLER PLUS LOIN<\/strong><\/h6>\n<p>En conclusion, cette m\u00e9thode est tr\u00e8s utile \u00e0 l&rsquo; orateur, que ce soit pour retenir un discours (les images correspondent aux diff\u00e9rentes parties du discours) ou pour faire une \u00e9valuation sans note. Et pour se souvenir de nous rendre visite pour une prochaine <a href=\"https:\/\/club-etincelle.org\/ou-nous-trouver\/\" target=\"_blank\" rel=\"noopener\">r\u00e9union<\/a>.<\/p>\n<p>&nbsp;<\/p>\n","protected":false},"excerpt":{"rendered":"<p>La m\u00e9moire est pr\u00e9cieuse \u00e0 l\u2019orateur. Le palais de la m\u00e9moire est un outil de choix pour l\u2019optimiser. Beaucoup de mes id\u00e9es de discours me viennent pendant mes courses \u00e0 pied dans le bois de Vincennes. Jusqu\u2019\u00e0 une \u00e9poque r\u00e9cente, comme je ne m\u00e9morisais pas ces id\u00e9es, elles \u00e9taient perdues pour toujours. Le palais de [&hellip;]<\/p>\n","protected":false},"author":2,"featured_media":0,"comment_status":"open","ping_status":"open","sticky":false,"template":"","format":"standard","meta":{"_monsterinsights_skip_tracking":false,"_monsterinsights_sitenote_active":false,"_monsterinsights_sitenote_note":"","_monsterinsights_sitenote_category":0,"footnotes":""},"categories":[8,2],"tags":[],"class_list":["post-320","post","type-post","status-publish","format-standard","hentry","category-communication","category-toastmasters"],"yoast_head":"<!-- This site is optimized with the Yoast SEO plugin v27.4 - https:\/\/yoast.com\/product\/yoast-seo-wordpress\/ -->\n<title>Le palais de la m\u00e9moire - Fa\u00e7ons de parler<\/title>\n<meta name=\"robots\" content=\"index, follow, max-snippet:-1, max-image-preview:large, max-video-preview:-1\" \/>\n<link rel=\"canonical\" href=\"https:\/\/www.elecyt.org\/blog\/2021\/10\/28\/le-palais-de-la-memoire\/\" \/>\n<meta property=\"og:locale\" content=\"fr_FR\" \/>\n<meta property=\"og:type\" content=\"article\" \/>\n<meta property=\"og:title\" content=\"Le palais de la m\u00e9moire - Fa\u00e7ons de parler\" \/>\n<meta property=\"og:description\" content=\"La m\u00e9moire est pr\u00e9cieuse \u00e0 l\u2019orateur. Le palais de la m\u00e9moire est un outil de choix pour l\u2019optimiser. Beaucoup de mes id\u00e9es de discours me viennent pendant mes courses \u00e0 pied dans le bois de Vincennes. Jusqu\u2019\u00e0 une \u00e9poque r\u00e9cente, comme je ne m\u00e9morisais pas ces id\u00e9es, elles \u00e9taient perdues pour toujours. Le palais de [&hellip;]\" \/>\n<meta property=\"og:url\" content=\"https:\/\/www.elecyt.org\/blog\/2021\/10\/28\/le-palais-de-la-memoire\/\" \/>\n<meta property=\"og:site_name\" content=\"Fa\u00e7ons de parler\" \/>\n<meta property=\"article:published_time\" content=\"2021-10-28T13:00:04+00:00\" \/>\n<meta property=\"article:modified_time\" content=\"2021-10-29T10:38:03+00:00\" \/>\n<meta property=\"og:image\" content=\"https:\/\/www.elecyt.org\/blog\/wp-content\/uploads\/2021\/10\/Post_28_photo_1.png\" \/>\n<meta name=\"author\" content=\"Stephane Gantzer\" \/>\n<meta name=\"twitter:card\" content=\"summary_large_image\" \/>\n<meta name=\"twitter:label1\" content=\"\u00c9crit par\" \/>\n\t<meta name=\"twitter:data1\" content=\"Stephane Gantzer\" \/>\n\t<meta name=\"twitter:label2\" content=\"Dur\u00e9e de lecture estim\u00e9e\" \/>\n\t<meta name=\"twitter:data2\" content=\"4 minutes\" \/>\n<script type=\"application\/ld+json\" class=\"yoast-schema-graph\">{\"@context\":\"https:\\\/\\\/schema.org\",\"@graph\":[{\"@type\":\"Article\",\"@id\":\"https:\\\/\\\/www.elecyt.org\\\/blog\\\/2021\\\/10\\\/28\\\/le-palais-de-la-memoire\\\/#article\",\"isPartOf\":{\"@id\":\"https:\\\/\\\/www.elecyt.org\\\/blog\\\/2021\\\/10\\\/28\\\/le-palais-de-la-memoire\\\/\"},\"author\":{\"name\":\"Stephane Gantzer\",\"@id\":\"https:\\\/\\\/www.elecyt.org\\\/blog\\\/#\\\/schema\\\/person\\\/cd7dc81253b2db33748afb7355378e8b\"},\"headline\":\"Le palais de la m\u00e9moire\",\"datePublished\":\"2021-10-28T13:00:04+00:00\",\"dateModified\":\"2021-10-29T10:38:03+00:00\",\"mainEntityOfPage\":{\"@id\":\"https:\\\/\\\/www.elecyt.org\\\/blog\\\/2021\\\/10\\\/28\\\/le-palais-de-la-memoire\\\/\"},\"wordCount\":905,\"commentCount\":0,\"publisher\":{\"@id\":\"https:\\\/\\\/www.elecyt.org\\\/blog\\\/#organization\"},\"image\":{\"@id\":\"https:\\\/\\\/www.elecyt.org\\\/blog\\\/2021\\\/10\\\/28\\\/le-palais-de-la-memoire\\\/#primaryimage\"},\"thumbnailUrl\":\"https:\\\/\\\/www.elecyt.org\\\/blog\\\/wp-content\\\/uploads\\\/2021\\\/10\\\/Post_28_photo_1.png\",\"articleSection\":[\"Communication\",\"Toastmasters\"],\"inLanguage\":\"fr-FR\",\"potentialAction\":[{\"@type\":\"CommentAction\",\"name\":\"Comment\",\"target\":[\"https:\\\/\\\/www.elecyt.org\\\/blog\\\/2021\\\/10\\\/28\\\/le-palais-de-la-memoire\\\/#respond\"]}]},{\"@type\":\"WebPage\",\"@id\":\"https:\\\/\\\/www.elecyt.org\\\/blog\\\/2021\\\/10\\\/28\\\/le-palais-de-la-memoire\\\/\",\"url\":\"https:\\\/\\\/www.elecyt.org\\\/blog\\\/2021\\\/10\\\/28\\\/le-palais-de-la-memoire\\\/\",\"name\":\"Le palais de la m\u00e9moire - Fa\u00e7ons de parler\",\"isPartOf\":{\"@id\":\"https:\\\/\\\/www.elecyt.org\\\/blog\\\/#website\"},\"primaryImageOfPage\":{\"@id\":\"https:\\\/\\\/www.elecyt.org\\\/blog\\\/2021\\\/10\\\/28\\\/le-palais-de-la-memoire\\\/#primaryimage\"},\"image\":{\"@id\":\"https:\\\/\\\/www.elecyt.org\\\/blog\\\/2021\\\/10\\\/28\\\/le-palais-de-la-memoire\\\/#primaryimage\"},\"thumbnailUrl\":\"https:\\\/\\\/www.elecyt.org\\\/blog\\\/wp-content\\\/uploads\\\/2021\\\/10\\\/Post_28_photo_1.png\",\"datePublished\":\"2021-10-28T13:00:04+00:00\",\"dateModified\":\"2021-10-29T10:38:03+00:00\",\"breadcrumb\":{\"@id\":\"https:\\\/\\\/www.elecyt.org\\\/blog\\\/2021\\\/10\\\/28\\\/le-palais-de-la-memoire\\\/#breadcrumb\"},\"inLanguage\":\"fr-FR\",\"potentialAction\":[{\"@type\":\"ReadAction\",\"target\":[\"https:\\\/\\\/www.elecyt.org\\\/blog\\\/2021\\\/10\\\/28\\\/le-palais-de-la-memoire\\\/\"]}]},{\"@type\":\"ImageObject\",\"inLanguage\":\"fr-FR\",\"@id\":\"https:\\\/\\\/www.elecyt.org\\\/blog\\\/2021\\\/10\\\/28\\\/le-palais-de-la-memoire\\\/#primaryimage\",\"url\":\"https:\\\/\\\/www.elecyt.org\\\/blog\\\/wp-content\\\/uploads\\\/2021\\\/10\\\/Post_28_photo_1.png\",\"contentUrl\":\"https:\\\/\\\/www.elecyt.org\\\/blog\\\/wp-content\\\/uploads\\\/2021\\\/10\\\/Post_28_photo_1.png\",\"width\":1830,\"height\":1220},{\"@type\":\"BreadcrumbList\",\"@id\":\"https:\\\/\\\/www.elecyt.org\\\/blog\\\/2021\\\/10\\\/28\\\/le-palais-de-la-memoire\\\/#breadcrumb\",\"itemListElement\":[{\"@type\":\"ListItem\",\"position\":1,\"name\":\"Accueil\",\"item\":\"https:\\\/\\\/www.elecyt.org\\\/blog\\\/\"},{\"@type\":\"ListItem\",\"position\":2,\"name\":\"Le palais de la m\u00e9moire\"}]},{\"@type\":\"WebSite\",\"@id\":\"https:\\\/\\\/www.elecyt.org\\\/blog\\\/#website\",\"url\":\"https:\\\/\\\/www.elecyt.org\\\/blog\\\/\",\"name\":\"Fa\u00e7ons de parler\",\"description\":\"La communication par la pratique\",\"publisher\":{\"@id\":\"https:\\\/\\\/www.elecyt.org\\\/blog\\\/#organization\"},\"potentialAction\":[{\"@type\":\"SearchAction\",\"target\":{\"@type\":\"EntryPoint\",\"urlTemplate\":\"https:\\\/\\\/www.elecyt.org\\\/blog\\\/?s={search_term_string}\"},\"query-input\":{\"@type\":\"PropertyValueSpecification\",\"valueRequired\":true,\"valueName\":\"search_term_string\"}}],\"inLanguage\":\"fr-FR\"},{\"@type\":\"Organization\",\"@id\":\"https:\\\/\\\/www.elecyt.org\\\/blog\\\/#organization\",\"name\":\"Fa\u00e7ons de parler\",\"url\":\"https:\\\/\\\/www.elecyt.org\\\/blog\\\/\",\"logo\":{\"@type\":\"ImageObject\",\"inLanguage\":\"fr-FR\",\"@id\":\"https:\\\/\\\/www.elecyt.org\\\/blog\\\/#\\\/schema\\\/logo\\\/image\\\/\",\"url\":\"https:\\\/\\\/www.elecyt.org\\\/blog\\\/wp-content\\\/uploads\\\/2021\\\/10\\\/cropped-Logo-ELECYT-CMJN.jpg\",\"contentUrl\":\"https:\\\/\\\/www.elecyt.org\\\/blog\\\/wp-content\\\/uploads\\\/2021\\\/10\\\/cropped-Logo-ELECYT-CMJN.jpg\",\"width\":966,\"height\":369,\"caption\":\"Fa\u00e7ons de parler\"},\"image\":{\"@id\":\"https:\\\/\\\/www.elecyt.org\\\/blog\\\/#\\\/schema\\\/logo\\\/image\\\/\"}},{\"@type\":\"Person\",\"@id\":\"https:\\\/\\\/www.elecyt.org\\\/blog\\\/#\\\/schema\\\/person\\\/cd7dc81253b2db33748afb7355378e8b\",\"name\":\"Stephane Gantzer\",\"image\":{\"@type\":\"ImageObject\",\"inLanguage\":\"fr-FR\",\"@id\":\"https:\\\/\\\/secure.gravatar.com\\\/avatar\\\/a026a9ac79640a4084e74bf3c5273fdf14b3d26d08f476fcfd36c1d77261b730?s=96&d=mm&r=g\",\"url\":\"https:\\\/\\\/secure.gravatar.com\\\/avatar\\\/a026a9ac79640a4084e74bf3c5273fdf14b3d26d08f476fcfd36c1d77261b730?s=96&d=mm&r=g\",\"contentUrl\":\"https:\\\/\\\/secure.gravatar.com\\\/avatar\\\/a026a9ac79640a4084e74bf3c5273fdf14b3d26d08f476fcfd36c1d77261b730?s=96&d=mm&r=g\",\"caption\":\"Stephane Gantzer\"},\"url\":\"https:\\\/\\\/www.elecyt.org\\\/blog\\\/author\\\/stephane-gantzer\\\/\"}]}<\/script>\n<!-- \/ Yoast SEO plugin. -->","yoast_head_json":{"title":"Le palais de la m\u00e9moire - Fa\u00e7ons de parler","robots":{"index":"index","follow":"follow","max-snippet":"max-snippet:-1","max-image-preview":"max-image-preview:large","max-video-preview":"max-video-preview:-1"},"canonical":"https:\/\/www.elecyt.org\/blog\/2021\/10\/28\/le-palais-de-la-memoire\/","og_locale":"fr_FR","og_type":"article","og_title":"Le palais de la m\u00e9moire - Fa\u00e7ons de parler","og_description":"La m\u00e9moire est pr\u00e9cieuse \u00e0 l\u2019orateur. Le palais de la m\u00e9moire est un outil de choix pour l\u2019optimiser. Beaucoup de mes id\u00e9es de discours me viennent pendant mes courses \u00e0 pied dans le bois de Vincennes. Jusqu\u2019\u00e0 une \u00e9poque r\u00e9cente, comme je ne m\u00e9morisais pas ces id\u00e9es, elles \u00e9taient perdues pour toujours. Le palais de [&hellip;]","og_url":"https:\/\/www.elecyt.org\/blog\/2021\/10\/28\/le-palais-de-la-memoire\/","og_site_name":"Fa\u00e7ons de parler","article_published_time":"2021-10-28T13:00:04+00:00","article_modified_time":"2021-10-29T10:38:03+00:00","og_image":[{"url":"https:\/\/www.elecyt.org\/blog\/wp-content\/uploads\/2021\/10\/Post_28_photo_1.png","type":"","width":"","height":""}],"author":"Stephane Gantzer","twitter_card":"summary_large_image","twitter_misc":{"\u00c9crit par":"Stephane Gantzer","Dur\u00e9e de lecture estim\u00e9e":"4 minutes"},"schema":{"@context":"https:\/\/schema.org","@graph":[{"@type":"Article","@id":"https:\/\/www.elecyt.org\/blog\/2021\/10\/28\/le-palais-de-la-memoire\/#article","isPartOf":{"@id":"https:\/\/www.elecyt.org\/blog\/2021\/10\/28\/le-palais-de-la-memoire\/"},"author":{"name":"Stephane Gantzer","@id":"https:\/\/www.elecyt.org\/blog\/#\/schema\/person\/cd7dc81253b2db33748afb7355378e8b"},"headline":"Le palais de la m\u00e9moire","datePublished":"2021-10-28T13:00:04+00:00","dateModified":"2021-10-29T10:38:03+00:00","mainEntityOfPage":{"@id":"https:\/\/www.elecyt.org\/blog\/2021\/10\/28\/le-palais-de-la-memoire\/"},"wordCount":905,"commentCount":0,"publisher":{"@id":"https:\/\/www.elecyt.org\/blog\/#organization"},"image":{"@id":"https:\/\/www.elecyt.org\/blog\/2021\/10\/28\/le-palais-de-la-memoire\/#primaryimage"},"thumbnailUrl":"https:\/\/www.elecyt.org\/blog\/wp-content\/uploads\/2021\/10\/Post_28_photo_1.png","articleSection":["Communication","Toastmasters"],"inLanguage":"fr-FR","potentialAction":[{"@type":"CommentAction","name":"Comment","target":["https:\/\/www.elecyt.org\/blog\/2021\/10\/28\/le-palais-de-la-memoire\/#respond"]}]},{"@type":"WebPage","@id":"https:\/\/www.elecyt.org\/blog\/2021\/10\/28\/le-palais-de-la-memoire\/","url":"https:\/\/www.elecyt.org\/blog\/2021\/10\/28\/le-palais-de-la-memoire\/","name":"Le palais de la m\u00e9moire - Fa\u00e7ons de parler","isPartOf":{"@id":"https:\/\/www.elecyt.org\/blog\/#website"},"primaryImageOfPage":{"@id":"https:\/\/www.elecyt.org\/blog\/2021\/10\/28\/le-palais-de-la-memoire\/#primaryimage"},"image":{"@id":"https:\/\/www.elecyt.org\/blog\/2021\/10\/28\/le-palais-de-la-memoire\/#primaryimage"},"thumbnailUrl":"https:\/\/www.elecyt.org\/blog\/wp-content\/uploads\/2021\/10\/Post_28_photo_1.png","datePublished":"2021-10-28T13:00:04+00:00","dateModified":"2021-10-29T10:38:03+00:00","breadcrumb":{"@id":"https:\/\/www.elecyt.org\/blog\/2021\/10\/28\/le-palais-de-la-memoire\/#breadcrumb"},"inLanguage":"fr-FR","potentialAction":[{"@type":"ReadAction","target":["https:\/\/www.elecyt.org\/blog\/2021\/10\/28\/le-palais-de-la-memoire\/"]}]},{"@type":"ImageObject","inLanguage":"fr-FR","@id":"https:\/\/www.elecyt.org\/blog\/2021\/10\/28\/le-palais-de-la-memoire\/#primaryimage","url":"https:\/\/www.elecyt.org\/blog\/wp-content\/uploads\/2021\/10\/Post_28_photo_1.png","contentUrl":"https:\/\/www.elecyt.org\/blog\/wp-content\/uploads\/2021\/10\/Post_28_photo_1.png","width":1830,"height":1220},{"@type":"BreadcrumbList","@id":"https:\/\/www.elecyt.org\/blog\/2021\/10\/28\/le-palais-de-la-memoire\/#breadcrumb","itemListElement":[{"@type":"ListItem","position":1,"name":"Accueil","item":"https:\/\/www.elecyt.org\/blog\/"},{"@type":"ListItem","position":2,"name":"Le palais de la m\u00e9moire"}]},{"@type":"WebSite","@id":"https:\/\/www.elecyt.org\/blog\/#website","url":"https:\/\/www.elecyt.org\/blog\/","name":"Fa\u00e7ons de parler","description":"La communication par la pratique","publisher":{"@id":"https:\/\/www.elecyt.org\/blog\/#organization"},"potentialAction":[{"@type":"SearchAction","target":{"@type":"EntryPoint","urlTemplate":"https:\/\/www.elecyt.org\/blog\/?s={search_term_string}"},"query-input":{"@type":"PropertyValueSpecification","valueRequired":true,"valueName":"search_term_string"}}],"inLanguage":"fr-FR"},{"@type":"Organization","@id":"https:\/\/www.elecyt.org\/blog\/#organization","name":"Fa\u00e7ons de parler","url":"https:\/\/www.elecyt.org\/blog\/","logo":{"@type":"ImageObject","inLanguage":"fr-FR","@id":"https:\/\/www.elecyt.org\/blog\/#\/schema\/logo\/image\/","url":"https:\/\/www.elecyt.org\/blog\/wp-content\/uploads\/2021\/10\/cropped-Logo-ELECYT-CMJN.jpg","contentUrl":"https:\/\/www.elecyt.org\/blog\/wp-content\/uploads\/2021\/10\/cropped-Logo-ELECYT-CMJN.jpg","width":966,"height":369,"caption":"Fa\u00e7ons de parler"},"image":{"@id":"https:\/\/www.elecyt.org\/blog\/#\/schema\/logo\/image\/"}},{"@type":"Person","@id":"https:\/\/www.elecyt.org\/blog\/#\/schema\/person\/cd7dc81253b2db33748afb7355378e8b","name":"Stephane Gantzer","image":{"@type":"ImageObject","inLanguage":"fr-FR","@id":"https:\/\/secure.gravatar.com\/avatar\/a026a9ac79640a4084e74bf3c5273fdf14b3d26d08f476fcfd36c1d77261b730?s=96&d=mm&r=g","url":"https:\/\/secure.gravatar.com\/avatar\/a026a9ac79640a4084e74bf3c5273fdf14b3d26d08f476fcfd36c1d77261b730?s=96&d=mm&r=g","contentUrl":"https:\/\/secure.gravatar.com\/avatar\/a026a9ac79640a4084e74bf3c5273fdf14b3d26d08f476fcfd36c1d77261b730?s=96&d=mm&r=g","caption":"Stephane Gantzer"},"url":"https:\/\/www.elecyt.org\/blog\/author\/stephane-gantzer\/"}]}},"_links":{"self":[{"href":"https:\/\/www.elecyt.org\/blog\/wp-json\/wp\/v2\/posts\/320","targetHints":{"allow":["GET"]}}],"collection":[{"href":"https:\/\/www.elecyt.org\/blog\/wp-json\/wp\/v2\/posts"}],"about":[{"href":"https:\/\/www.elecyt.org\/blog\/wp-json\/wp\/v2\/types\/post"}],"author":[{"embeddable":true,"href":"https:\/\/www.elecyt.org\/blog\/wp-json\/wp\/v2\/users\/2"}],"replies":[{"embeddable":true,"href":"https:\/\/www.elecyt.org\/blog\/wp-json\/wp\/v2\/comments?post=320"}],"version-history":[{"count":3,"href":"https:\/\/www.elecyt.org\/blog\/wp-json\/wp\/v2\/posts\/320\/revisions"}],"predecessor-version":[{"id":324,"href":"https:\/\/www.elecyt.org\/blog\/wp-json\/wp\/v2\/posts\/320\/revisions\/324"}],"wp:attachment":[{"href":"https:\/\/www.elecyt.org\/blog\/wp-json\/wp\/v2\/media?parent=320"}],"wp:term":[{"taxonomy":"category","embeddable":true,"href":"https:\/\/www.elecyt.org\/blog\/wp-json\/wp\/v2\/categories?post=320"},{"taxonomy":"post_tag","embeddable":true,"href":"https:\/\/www.elecyt.org\/blog\/wp-json\/wp\/v2\/tags?post=320"}],"curies":[{"name":"wp","href":"https:\/\/api.w.org\/{rel}","templated":true}]}}