{"id":273,"date":"2021-07-30T09:59:10","date_gmt":"2021-07-30T07:59:10","guid":{"rendered":"https:\/\/www.elecyt.org\/blog\/?p=273"},"modified":"2024-01-23T15:28:40","modified_gmt":"2024-01-23T14:28:40","slug":"melenchon-un-tribun-du-peuple","status":"publish","type":"post","link":"https:\/\/www.elecyt.org\/blog\/2021\/07\/30\/melenchon-un-tribun-du-peuple\/","title":{"rendered":"M\u00e9lenchon : un tribun du peuple ?"},"content":{"rendered":"<h5 style=\"text-align: center;\"><strong>Sans forc\u00e9ment partager ses id\u00e9es, force est de reconna\u00eetre les qualit\u00e9s d\u2019orateur de Jean-Luc M\u00e9lenchon<\/strong><\/h5>\n<p><img loading=\"lazy\" decoding=\"async\" class=\"aligncenter wp-image-274 size-full\" src=\"https:\/\/www.elecyt.org\/blog\/wp-content\/uploads\/2021\/07\/Post_23_photo_1.png\" alt=\"\" width=\"627\" height=\"392\" srcset=\"https:\/\/www.elecyt.org\/blog\/wp-content\/uploads\/2021\/07\/Post_23_photo_1.png 627w, https:\/\/www.elecyt.org\/blog\/wp-content\/uploads\/2021\/07\/Post_23_photo_1-400x250.png 400w\" sizes=\"auto, (max-width: 627px) 100vw, 627px\" \/><\/p>\n<p class=\"has-drop-cap\">Lors de la campagne pr\u00e9sidentielle de 2017, les journaux ne tarissaient pas d\u2019\u00e9loges \u00e0 l\u2019\u00e9gard des qualit\u00e9s d\u2019orateur de Jean-Luc M\u00e9lenchon. \u201cFlamboyant, lettr\u00e9 et \u00e9rudit, le candidat de la France Insoumise est celui qui manie le mieux la langue fran\u00e7aise\u201d n\u2019h\u00e9sitait pas \u00e0 \u00e9crire le Parisien. Gr\u00e2ce \u00e0 la La m\u00e9thode Toastmasters d\u2019<a href=\"https:\/\/club-scintille.org\/2021\/01\/29\/evaluer-un-discours-mode-demploi\/\">\u00e9valuation,<\/a> nous allons v\u00e9rifier cette affirmation, en prenant l\u2019exemple d\u2019un discours important de sa campagne, celui de Lille du 16 Octobre 2016.<\/p>\n<p><iframe loading=\"lazy\" title=\"YouTube video player\" src=\"https:\/\/www.youtube.com\/embed\/-iC9UDYir8c?si=T_flFR9EnzO-dgLi&amp;controls=0\" width=\"560\" height=\"315\" frameborder=\"0\" allowfullscreen=\"allowfullscreen\"><\/iframe><\/p>\n<h6>Un discours destin\u00e9 \u00e0 inspirer et \u00e0 persuader<\/h6>\n<p>Ce discours cl\u00f4turait la convention de la France Insoumise, sorte de congr\u00e8s du parti r\u00e9unissant 600 d\u00e9l\u00e9gu\u00e9s de toute la France. Pour M\u00e9lenchon, il fallait galvaniser cet auditoire pour qu\u2019\u00e0 leur tour, les militants portent la bonne parole. En m\u00eame temps, le discours a \u00e9t\u00e9 film\u00e9 pour \u00eatre diffus\u00e9 sur Internet et s\u2019adresser \u00e0 un public plus large, pas forc\u00e9ment acquis aux id\u00e9es de LFI. Il fallait donc convaincre ce public.<\/p>\n<p>Pour atteindre ce double objectif, le discours rec\u00e8le de nombreuses qualit\u00e9s.<\/p>\n<h6>Affirmer sa cr\u00e9dibilit\u00e9<\/h6>\n<p>Dans un discours de ce genre, l\u2019orateur doit inspirer confiance et, pour cela, d\u00e9montrer sa cr\u00e9dibilit\u00e9. M\u00e9lenchon y parvient gr\u00e2ce \u00e0 un phras\u00e9 sans aucune h\u00e9sitation, performance d\u2019autant plus remarquable qu\u2019il parle sans notes. La rectitude grammaticale le rapproche des grandes figures de la litt\u00e9rature du 19\u00e8me si\u00e8cle, comme Hugo ou Zola. N\u00e9anmoins, il reste humain, puisqu\u2019il admet des doutes par exemple dans la partie consacr\u00e9e \u00e0 la ferme aux 70 vaches.<\/p>\n<h6>Se connecter avec le public et susciter son int\u00e9r\u00eat<\/h6>\n<p>Face \u00e0 une assembl\u00e9e h\u00e9t\u00e9rog\u00e8ne, surtout si l\u2019on tient compte des internautes, le leader de LFI sait varier les registres : populaire, en utilisant l\u2019argot ou le parler de la rue (\u201cdes fois\u201d, \u201cle peuple se m\u00eale de ses affaires\u201d) allant jusqu\u2019\u00e0 adopter des accents coluchiens, par exemple, \u00e0 <a href=\"https:\/\/youtu.be\/kNwnKsVsuxI?t=2084\">35:00<\/a> \u201cle jambon sans antibiotique\u2026il m\u2019en reste du pas pourri\u201d. Mais il sait aussi manier les concepts philosophiques \u2013 la philosophie est sa formation d\u2019origine \u2013 comme la vertu. Ou la po\u00e9sie avec Maurice Car\u00eame.<\/p>\n<p>Il sait faire participer son public, gr\u00e2ce \u00e0 l\u2019humour (\u201cLe principal organe qui fonctionne chez eux, c&rsquo;est la glande lacrymale, c&rsquo;est pas le cerveau\u201d) ou bien en faisant siffler Macron (<a href=\"https:\/\/youtu.be\/kNwnKsVsuxI?t=962\">16:00<\/a>). M\u00e9lenchon utilise souvent des images \u00e9vocatrices comme \u201cles sapins de plaine qui poussent comme des poireaux\u201d. Il module sa voix en force (par exemple \u00e0 <a href=\"https:\/\/youtu.be\/kNwnKsVsuxI?t=350\">06:00<\/a>) et en rythme avec des ralentissements et des acc\u00e9l\u00e9rations. Enfin, il ma\u00eetrise bien ses d\u00e9placements malgr\u00e9 la configuration probl\u00e9matique de la salle, en forme d\u2019ar\u00e8ne.<\/p>\n<h6>Inspirer par le style<\/h6>\n<p>L\u2019inspiration de l\u2019auditoire provient \u00e9galement de son sens de la formule comme \u201cl\u2019engagement est une implication individuelle qui se renouvelle \u00e0 chaque instant\u201d, de l\u2019utilisation d\u2019images comme celle du \u201crem\u00e8de de rebouteux qui d\u00e9truira le patient \u00e0 la fin\u201d, ou bien des figures de style, comme l\u2019anaphore \u201cparce qu\u2019on\u201d (<a href=\"https:\/\/youtu.be\/kNwnKsVsuxI?t=843\">14:00<\/a>).<\/p>\n<p>Pour illustrer certaines propositions de son programme, trop abstraites, il utilise des histoires. Ainsi, la ferme bretonne \u00e9voque la n\u00e9cessit\u00e9 d\u2019une fili\u00e8re de formation de 400.000 agriculteurs. Pour unifier son auditoire contre les ennemis communs, il joue l\u2019indignation, comme \u00e0 <a href=\"https:\/\/youtu.be\/kNwnKsVsuxI?t=2631\">44:00<\/a> sur la planification\u00a0: \u201cj\u2019en ai ras-le-bol\u00a0: ils mettent un euro et \u00e7a d\u00e9bite tout le chapelet\u201d ou encore \u201cje ne veux pas d\u2019instituteur de 70 ans pour mes petits-enfants\u201d (<a href=\"https:\/\/youtu.be\/kNwnKsVsuxI?t=3076\">52:00<\/a>). Les formules servent \u00e0 cimenter le discours anti-\u00e9lite\u00a0: \u201cles t\u00eates d\u2019\u0153uf sortis des \u00e9coles de commerce\u201d. Le sarcasme a toute sa place\u00a0: \u201cles capitalistes, ils ne compteraient que le temps que la machine tourne\u00a0; le temps de respiration, \u00e7a ne compte pas\u201d.<\/p>\n<h6>Convaincre par la p\u00e9dagogie concr\u00e8te<\/h6>\n<p>Le discours sait aussi se faire p\u00e9dagogique, pour mieux convaincre. Par exemple, sur le r\u00e9chauffement climatique avec l\u2019histoire du sable au large de Lannion ou bien sur la signification du nouveau logo de la France Insoumise (<a href=\"https:\/\/youtu.be\/kNwnKsVsuxI?t=5346\">01:29:00<\/a>) en citant au passage Victor Hugo.<\/p>\n<p>Les chiffres qui marquent servent \u00e0 susciter l\u2019attention et l\u2019adh\u00e9sion, comme (<a href=\"https:\/\/youtu.be\/kNwnKsVsuxI?t=2157\">36:00<\/a>) \u201c40% de la production agricole est jet\u00e9e parce qu\u2019elle n\u2019a pas la bonne forme\u201d. Les exemples sont aussi appel\u00e9s \u00e0 la rescousse pour r\u00e9soudre des dilemmes, comme l\u2019alternative \u00e9cologie ou retour aux cavernes, avec l\u2019exemple des algues danoises (<a href=\"https:\/\/youtu.be\/kNwnKsVsuxI?t=2603\">43:00<\/a>).<\/p>\n<p>Un tr\u00e8s bon discours donc. Est-il pour autant exempt de faiblesses ? Non et sous trois aspects.<\/p>\n<h6>Une vision d\u2019ensemble \u00e0 affirmer<\/h6>\n<p>Le discours semble manquer d\u2019une vision globale, un souffle qui donnerait une coh\u00e9rence \u00e0 l\u2019ensemble. Au fond, qu\u2019est-ce que la France Insoumise ? Une \u201cr\u00e9volution citoyenne\u201d ? L\u2019expression para\u00eet un peu galvaud\u00e9e, reprise en partie par Macron dans un livre sorti \u00e0 la m\u00eame \u00e9poque. Une vision de la sorte permettrait d\u2019articuler la \u201cproposition du discours\u201d (comme nous l\u2019avons \u00e9voqu\u00e9 dans ce <a href=\"https:\/\/www.elecyt.org\/blog\/2021\/05\/28\/comment-affuter-votre-prise-de-parole-avec-une-bonne-proposition\/\">post<\/a>) qui lui servirait de fil rouge.<\/p>\n<h6>Une structure qui laisse \u00e0 d\u00e9sirer<\/h6>\n<p>M\u00e9lenchon donne l\u2019impression de sauter sans arr\u00eat du coq \u00e0 l\u2019\u00e2ne. Pour \u00e9viter cela, il pourrait \u00e9tablir la liste des id\u00e9es qu\u2019il veut faire passer. Ajust\u00e9es dans un plan coh\u00e9rent, elles soutiendrait le message de M\u00e9lenchon. ayant comme colonne vert\u00e9brale la proposition. Il n&rsquo;y aurait plus qu&rsquo;\u00e0 concevoir des transitions fluides entre les parties. Cela permettrait au public de mieux s\u2019orienter dans un discours foisonnant.<\/p>\n<h6>Quelques obscurit\u00e9s<\/h6>\n<p>Enfin, il devrait clarifier quelques obscurit\u00e9s, comme par exemple, \u00e0 <a href=\"https:\/\/youtu.be\/kNwnKsVsuxI?t=3908\">01:05:00<\/a>, ce qu\u2019il m\u00e9lange les droits et les devoirs, la libert\u00e9 individuelle, le tabac et Tony Blair, en expliquant mieux, avec, par exemple, une histoire comme il sait le faire, ou \u00e0 <a href=\"https:\/\/youtu.be\/kNwnKsVsuxI?t=4319\">01:12:00<\/a> quand il entame un long monologue sur la guerre g\u00e9n\u00e9ralis\u00e9e et l\u2019immigration.<\/p>\n<h6>Pour aller plus loin<\/h6>\n<p>En conclusion, M\u00e9lenchon a clairement les attributs d\u2019un tribun du peuple. Il est capable de motiver et de persuader son auditoire en utilisant tous les outils de la rh\u00e9torique. Il manque \u00e0 son discours (et \u00e0 son projet ?) une vision d\u2019ensemble pour lui permettre de devenir un orateur exceptionnel.<\/p>\n<p>Voulez-vous aussi apprendre \u00e0 d\u00e9crypter la rh\u00e9torique de nos dirigeants\u00a0? Venez donc nous rendre visite lors d\u2019une de nos prochaines r\u00e9unions <a href=\"https:\/\/club-scintille.org\/ou-trouver-toastmasters-paris-scintille\/\">ici<\/a>.<\/p>\n","protected":false},"excerpt":{"rendered":"<p>Sans forc\u00e9ment partager ses id\u00e9es, force est de reconna\u00eetre les qualit\u00e9s d\u2019orateur de Jean-Luc M\u00e9lenchon Lors de la campagne pr\u00e9sidentielle de 2017, les journaux ne tarissaient pas d\u2019\u00e9loges \u00e0 l\u2019\u00e9gard des qualit\u00e9s d\u2019orateur de Jean-Luc M\u00e9lenchon. \u201cFlamboyant, lettr\u00e9 et \u00e9rudit, le candidat de la France Insoumise est celui qui manie le mieux la langue fran\u00e7aise\u201d [&hellip;]<\/p>\n","protected":false},"author":2,"featured_media":0,"comment_status":"open","ping_status":"open","sticky":false,"template":"","format":"standard","meta":{"_monsterinsights_skip_tracking":false,"_monsterinsights_sitenote_active":false,"_monsterinsights_sitenote_note":"","_monsterinsights_sitenote_category":0,"footnotes":""},"categories":[8,2],"tags":[],"class_list":["post-273","post","type-post","status-publish","format-standard","hentry","category-communication","category-toastmasters"],"yoast_head":"<!-- This site is optimized with the Yoast SEO plugin v27.4 - https:\/\/yoast.com\/product\/yoast-seo-wordpress\/ -->\n<title>M\u00e9lenchon : un tribun du peuple ? - Fa\u00e7ons de parler<\/title>\n<meta name=\"robots\" content=\"index, follow, max-snippet:-1, max-image-preview:large, max-video-preview:-1\" \/>\n<link rel=\"canonical\" href=\"https:\/\/www.elecyt.org\/blog\/2021\/07\/30\/melenchon-un-tribun-du-peuple\/\" \/>\n<meta property=\"og:locale\" content=\"fr_FR\" \/>\n<meta property=\"og:type\" content=\"article\" \/>\n<meta property=\"og:title\" content=\"M\u00e9lenchon : un tribun du peuple ? - Fa\u00e7ons de parler\" \/>\n<meta property=\"og:description\" content=\"Sans forc\u00e9ment partager ses id\u00e9es, force est de reconna\u00eetre les qualit\u00e9s d\u2019orateur de Jean-Luc M\u00e9lenchon Lors de la campagne pr\u00e9sidentielle de 2017, les journaux ne tarissaient pas d\u2019\u00e9loges \u00e0 l\u2019\u00e9gard des qualit\u00e9s d\u2019orateur de Jean-Luc M\u00e9lenchon. \u201cFlamboyant, lettr\u00e9 et \u00e9rudit, le candidat de la France Insoumise est celui qui manie le mieux la langue fran\u00e7aise\u201d [&hellip;]\" \/>\n<meta property=\"og:url\" content=\"https:\/\/www.elecyt.org\/blog\/2021\/07\/30\/melenchon-un-tribun-du-peuple\/\" \/>\n<meta property=\"og:site_name\" content=\"Fa\u00e7ons de parler\" \/>\n<meta property=\"article:published_time\" content=\"2021-07-30T07:59:10+00:00\" \/>\n<meta property=\"article:modified_time\" content=\"2024-01-23T14:28:40+00:00\" \/>\n<meta property=\"og:image\" content=\"https:\/\/www.elecyt.org\/blog\/wp-content\/uploads\/2021\/07\/Post_23_photo_1.png\" \/>\n<meta name=\"author\" content=\"Stephane Gantzer\" \/>\n<meta name=\"twitter:card\" content=\"summary_large_image\" \/>\n<meta name=\"twitter:label1\" content=\"\u00c9crit par\" \/>\n\t<meta name=\"twitter:data1\" content=\"Stephane Gantzer\" \/>\n\t<meta name=\"twitter:label2\" content=\"Dur\u00e9e de lecture estim\u00e9e\" \/>\n\t<meta name=\"twitter:data2\" content=\"6 minutes\" \/>\n<script type=\"application\/ld+json\" class=\"yoast-schema-graph\">{\"@context\":\"https:\\\/\\\/schema.org\",\"@graph\":[{\"@type\":\"Article\",\"@id\":\"https:\\\/\\\/www.elecyt.org\\\/blog\\\/2021\\\/07\\\/30\\\/melenchon-un-tribun-du-peuple\\\/#article\",\"isPartOf\":{\"@id\":\"https:\\\/\\\/www.elecyt.org\\\/blog\\\/2021\\\/07\\\/30\\\/melenchon-un-tribun-du-peuple\\\/\"},\"author\":{\"name\":\"Stephane Gantzer\",\"@id\":\"https:\\\/\\\/www.elecyt.org\\\/blog\\\/#\\\/schema\\\/person\\\/cd7dc81253b2db33748afb7355378e8b\"},\"headline\":\"M\u00e9lenchon : un tribun du peuple ?\",\"datePublished\":\"2021-07-30T07:59:10+00:00\",\"dateModified\":\"2024-01-23T14:28:40+00:00\",\"mainEntityOfPage\":{\"@id\":\"https:\\\/\\\/www.elecyt.org\\\/blog\\\/2021\\\/07\\\/30\\\/melenchon-un-tribun-du-peuple\\\/\"},\"wordCount\":1089,\"commentCount\":0,\"publisher\":{\"@id\":\"https:\\\/\\\/www.elecyt.org\\\/blog\\\/#organization\"},\"image\":{\"@id\":\"https:\\\/\\\/www.elecyt.org\\\/blog\\\/2021\\\/07\\\/30\\\/melenchon-un-tribun-du-peuple\\\/#primaryimage\"},\"thumbnailUrl\":\"https:\\\/\\\/www.elecyt.org\\\/blog\\\/wp-content\\\/uploads\\\/2021\\\/07\\\/Post_23_photo_1.png\",\"articleSection\":[\"Communication\",\"Toastmasters\"],\"inLanguage\":\"fr-FR\",\"potentialAction\":[{\"@type\":\"CommentAction\",\"name\":\"Comment\",\"target\":[\"https:\\\/\\\/www.elecyt.org\\\/blog\\\/2021\\\/07\\\/30\\\/melenchon-un-tribun-du-peuple\\\/#respond\"]}]},{\"@type\":\"WebPage\",\"@id\":\"https:\\\/\\\/www.elecyt.org\\\/blog\\\/2021\\\/07\\\/30\\\/melenchon-un-tribun-du-peuple\\\/\",\"url\":\"https:\\\/\\\/www.elecyt.org\\\/blog\\\/2021\\\/07\\\/30\\\/melenchon-un-tribun-du-peuple\\\/\",\"name\":\"M\u00e9lenchon : un tribun du peuple ? - Fa\u00e7ons de parler\",\"isPartOf\":{\"@id\":\"https:\\\/\\\/www.elecyt.org\\\/blog\\\/#website\"},\"primaryImageOfPage\":{\"@id\":\"https:\\\/\\\/www.elecyt.org\\\/blog\\\/2021\\\/07\\\/30\\\/melenchon-un-tribun-du-peuple\\\/#primaryimage\"},\"image\":{\"@id\":\"https:\\\/\\\/www.elecyt.org\\\/blog\\\/2021\\\/07\\\/30\\\/melenchon-un-tribun-du-peuple\\\/#primaryimage\"},\"thumbnailUrl\":\"https:\\\/\\\/www.elecyt.org\\\/blog\\\/wp-content\\\/uploads\\\/2021\\\/07\\\/Post_23_photo_1.png\",\"datePublished\":\"2021-07-30T07:59:10+00:00\",\"dateModified\":\"2024-01-23T14:28:40+00:00\",\"breadcrumb\":{\"@id\":\"https:\\\/\\\/www.elecyt.org\\\/blog\\\/2021\\\/07\\\/30\\\/melenchon-un-tribun-du-peuple\\\/#breadcrumb\"},\"inLanguage\":\"fr-FR\",\"potentialAction\":[{\"@type\":\"ReadAction\",\"target\":[\"https:\\\/\\\/www.elecyt.org\\\/blog\\\/2021\\\/07\\\/30\\\/melenchon-un-tribun-du-peuple\\\/\"]}]},{\"@type\":\"ImageObject\",\"inLanguage\":\"fr-FR\",\"@id\":\"https:\\\/\\\/www.elecyt.org\\\/blog\\\/2021\\\/07\\\/30\\\/melenchon-un-tribun-du-peuple\\\/#primaryimage\",\"url\":\"https:\\\/\\\/www.elecyt.org\\\/blog\\\/wp-content\\\/uploads\\\/2021\\\/07\\\/Post_23_photo_1.png\",\"contentUrl\":\"https:\\\/\\\/www.elecyt.org\\\/blog\\\/wp-content\\\/uploads\\\/2021\\\/07\\\/Post_23_photo_1.png\",\"width\":627,\"height\":392},{\"@type\":\"BreadcrumbList\",\"@id\":\"https:\\\/\\\/www.elecyt.org\\\/blog\\\/2021\\\/07\\\/30\\\/melenchon-un-tribun-du-peuple\\\/#breadcrumb\",\"itemListElement\":[{\"@type\":\"ListItem\",\"position\":1,\"name\":\"Accueil\",\"item\":\"https:\\\/\\\/www.elecyt.org\\\/blog\\\/\"},{\"@type\":\"ListItem\",\"position\":2,\"name\":\"M\u00e9lenchon : un tribun du peuple ?\"}]},{\"@type\":\"WebSite\",\"@id\":\"https:\\\/\\\/www.elecyt.org\\\/blog\\\/#website\",\"url\":\"https:\\\/\\\/www.elecyt.org\\\/blog\\\/\",\"name\":\"Fa\u00e7ons de parler\",\"description\":\"La communication par la pratique\",\"publisher\":{\"@id\":\"https:\\\/\\\/www.elecyt.org\\\/blog\\\/#organization\"},\"potentialAction\":[{\"@type\":\"SearchAction\",\"target\":{\"@type\":\"EntryPoint\",\"urlTemplate\":\"https:\\\/\\\/www.elecyt.org\\\/blog\\\/?s={search_term_string}\"},\"query-input\":{\"@type\":\"PropertyValueSpecification\",\"valueRequired\":true,\"valueName\":\"search_term_string\"}}],\"inLanguage\":\"fr-FR\"},{\"@type\":\"Organization\",\"@id\":\"https:\\\/\\\/www.elecyt.org\\\/blog\\\/#organization\",\"name\":\"Fa\u00e7ons de parler\",\"url\":\"https:\\\/\\\/www.elecyt.org\\\/blog\\\/\",\"logo\":{\"@type\":\"ImageObject\",\"inLanguage\":\"fr-FR\",\"@id\":\"https:\\\/\\\/www.elecyt.org\\\/blog\\\/#\\\/schema\\\/logo\\\/image\\\/\",\"url\":\"https:\\\/\\\/www.elecyt.org\\\/blog\\\/wp-content\\\/uploads\\\/2021\\\/10\\\/cropped-Logo-ELECYT-CMJN.jpg\",\"contentUrl\":\"https:\\\/\\\/www.elecyt.org\\\/blog\\\/wp-content\\\/uploads\\\/2021\\\/10\\\/cropped-Logo-ELECYT-CMJN.jpg\",\"width\":966,\"height\":369,\"caption\":\"Fa\u00e7ons de parler\"},\"image\":{\"@id\":\"https:\\\/\\\/www.elecyt.org\\\/blog\\\/#\\\/schema\\\/logo\\\/image\\\/\"}},{\"@type\":\"Person\",\"@id\":\"https:\\\/\\\/www.elecyt.org\\\/blog\\\/#\\\/schema\\\/person\\\/cd7dc81253b2db33748afb7355378e8b\",\"name\":\"Stephane Gantzer\",\"image\":{\"@type\":\"ImageObject\",\"inLanguage\":\"fr-FR\",\"@id\":\"https:\\\/\\\/secure.gravatar.com\\\/avatar\\\/a026a9ac79640a4084e74bf3c5273fdf14b3d26d08f476fcfd36c1d77261b730?s=96&d=mm&r=g\",\"url\":\"https:\\\/\\\/secure.gravatar.com\\\/avatar\\\/a026a9ac79640a4084e74bf3c5273fdf14b3d26d08f476fcfd36c1d77261b730?s=96&d=mm&r=g\",\"contentUrl\":\"https:\\\/\\\/secure.gravatar.com\\\/avatar\\\/a026a9ac79640a4084e74bf3c5273fdf14b3d26d08f476fcfd36c1d77261b730?s=96&d=mm&r=g\",\"caption\":\"Stephane Gantzer\"},\"url\":\"https:\\\/\\\/www.elecyt.org\\\/blog\\\/author\\\/stephane-gantzer\\\/\"}]}<\/script>\n<!-- \/ Yoast SEO plugin. -->","yoast_head_json":{"title":"M\u00e9lenchon : un tribun du peuple ? - Fa\u00e7ons de parler","robots":{"index":"index","follow":"follow","max-snippet":"max-snippet:-1","max-image-preview":"max-image-preview:large","max-video-preview":"max-video-preview:-1"},"canonical":"https:\/\/www.elecyt.org\/blog\/2021\/07\/30\/melenchon-un-tribun-du-peuple\/","og_locale":"fr_FR","og_type":"article","og_title":"M\u00e9lenchon : un tribun du peuple ? - Fa\u00e7ons de parler","og_description":"Sans forc\u00e9ment partager ses id\u00e9es, force est de reconna\u00eetre les qualit\u00e9s d\u2019orateur de Jean-Luc M\u00e9lenchon Lors de la campagne pr\u00e9sidentielle de 2017, les journaux ne tarissaient pas d\u2019\u00e9loges \u00e0 l\u2019\u00e9gard des qualit\u00e9s d\u2019orateur de Jean-Luc M\u00e9lenchon. \u201cFlamboyant, lettr\u00e9 et \u00e9rudit, le candidat de la France Insoumise est celui qui manie le mieux la langue fran\u00e7aise\u201d [&hellip;]","og_url":"https:\/\/www.elecyt.org\/blog\/2021\/07\/30\/melenchon-un-tribun-du-peuple\/","og_site_name":"Fa\u00e7ons de parler","article_published_time":"2021-07-30T07:59:10+00:00","article_modified_time":"2024-01-23T14:28:40+00:00","og_image":[{"url":"https:\/\/www.elecyt.org\/blog\/wp-content\/uploads\/2021\/07\/Post_23_photo_1.png","type":"","width":"","height":""}],"author":"Stephane Gantzer","twitter_card":"summary_large_image","twitter_misc":{"\u00c9crit par":"Stephane Gantzer","Dur\u00e9e de lecture estim\u00e9e":"6 minutes"},"schema":{"@context":"https:\/\/schema.org","@graph":[{"@type":"Article","@id":"https:\/\/www.elecyt.org\/blog\/2021\/07\/30\/melenchon-un-tribun-du-peuple\/#article","isPartOf":{"@id":"https:\/\/www.elecyt.org\/blog\/2021\/07\/30\/melenchon-un-tribun-du-peuple\/"},"author":{"name":"Stephane Gantzer","@id":"https:\/\/www.elecyt.org\/blog\/#\/schema\/person\/cd7dc81253b2db33748afb7355378e8b"},"headline":"M\u00e9lenchon : un tribun du peuple ?","datePublished":"2021-07-30T07:59:10+00:00","dateModified":"2024-01-23T14:28:40+00:00","mainEntityOfPage":{"@id":"https:\/\/www.elecyt.org\/blog\/2021\/07\/30\/melenchon-un-tribun-du-peuple\/"},"wordCount":1089,"commentCount":0,"publisher":{"@id":"https:\/\/www.elecyt.org\/blog\/#organization"},"image":{"@id":"https:\/\/www.elecyt.org\/blog\/2021\/07\/30\/melenchon-un-tribun-du-peuple\/#primaryimage"},"thumbnailUrl":"https:\/\/www.elecyt.org\/blog\/wp-content\/uploads\/2021\/07\/Post_23_photo_1.png","articleSection":["Communication","Toastmasters"],"inLanguage":"fr-FR","potentialAction":[{"@type":"CommentAction","name":"Comment","target":["https:\/\/www.elecyt.org\/blog\/2021\/07\/30\/melenchon-un-tribun-du-peuple\/#respond"]}]},{"@type":"WebPage","@id":"https:\/\/www.elecyt.org\/blog\/2021\/07\/30\/melenchon-un-tribun-du-peuple\/","url":"https:\/\/www.elecyt.org\/blog\/2021\/07\/30\/melenchon-un-tribun-du-peuple\/","name":"M\u00e9lenchon : un tribun du peuple ? - Fa\u00e7ons de parler","isPartOf":{"@id":"https:\/\/www.elecyt.org\/blog\/#website"},"primaryImageOfPage":{"@id":"https:\/\/www.elecyt.org\/blog\/2021\/07\/30\/melenchon-un-tribun-du-peuple\/#primaryimage"},"image":{"@id":"https:\/\/www.elecyt.org\/blog\/2021\/07\/30\/melenchon-un-tribun-du-peuple\/#primaryimage"},"thumbnailUrl":"https:\/\/www.elecyt.org\/blog\/wp-content\/uploads\/2021\/07\/Post_23_photo_1.png","datePublished":"2021-07-30T07:59:10+00:00","dateModified":"2024-01-23T14:28:40+00:00","breadcrumb":{"@id":"https:\/\/www.elecyt.org\/blog\/2021\/07\/30\/melenchon-un-tribun-du-peuple\/#breadcrumb"},"inLanguage":"fr-FR","potentialAction":[{"@type":"ReadAction","target":["https:\/\/www.elecyt.org\/blog\/2021\/07\/30\/melenchon-un-tribun-du-peuple\/"]}]},{"@type":"ImageObject","inLanguage":"fr-FR","@id":"https:\/\/www.elecyt.org\/blog\/2021\/07\/30\/melenchon-un-tribun-du-peuple\/#primaryimage","url":"https:\/\/www.elecyt.org\/blog\/wp-content\/uploads\/2021\/07\/Post_23_photo_1.png","contentUrl":"https:\/\/www.elecyt.org\/blog\/wp-content\/uploads\/2021\/07\/Post_23_photo_1.png","width":627,"height":392},{"@type":"BreadcrumbList","@id":"https:\/\/www.elecyt.org\/blog\/2021\/07\/30\/melenchon-un-tribun-du-peuple\/#breadcrumb","itemListElement":[{"@type":"ListItem","position":1,"name":"Accueil","item":"https:\/\/www.elecyt.org\/blog\/"},{"@type":"ListItem","position":2,"name":"M\u00e9lenchon : un tribun du peuple ?"}]},{"@type":"WebSite","@id":"https:\/\/www.elecyt.org\/blog\/#website","url":"https:\/\/www.elecyt.org\/blog\/","name":"Fa\u00e7ons de parler","description":"La communication par la pratique","publisher":{"@id":"https:\/\/www.elecyt.org\/blog\/#organization"},"potentialAction":[{"@type":"SearchAction","target":{"@type":"EntryPoint","urlTemplate":"https:\/\/www.elecyt.org\/blog\/?s={search_term_string}"},"query-input":{"@type":"PropertyValueSpecification","valueRequired":true,"valueName":"search_term_string"}}],"inLanguage":"fr-FR"},{"@type":"Organization","@id":"https:\/\/www.elecyt.org\/blog\/#organization","name":"Fa\u00e7ons de parler","url":"https:\/\/www.elecyt.org\/blog\/","logo":{"@type":"ImageObject","inLanguage":"fr-FR","@id":"https:\/\/www.elecyt.org\/blog\/#\/schema\/logo\/image\/","url":"https:\/\/www.elecyt.org\/blog\/wp-content\/uploads\/2021\/10\/cropped-Logo-ELECYT-CMJN.jpg","contentUrl":"https:\/\/www.elecyt.org\/blog\/wp-content\/uploads\/2021\/10\/cropped-Logo-ELECYT-CMJN.jpg","width":966,"height":369,"caption":"Fa\u00e7ons de parler"},"image":{"@id":"https:\/\/www.elecyt.org\/blog\/#\/schema\/logo\/image\/"}},{"@type":"Person","@id":"https:\/\/www.elecyt.org\/blog\/#\/schema\/person\/cd7dc81253b2db33748afb7355378e8b","name":"Stephane Gantzer","image":{"@type":"ImageObject","inLanguage":"fr-FR","@id":"https:\/\/secure.gravatar.com\/avatar\/a026a9ac79640a4084e74bf3c5273fdf14b3d26d08f476fcfd36c1d77261b730?s=96&d=mm&r=g","url":"https:\/\/secure.gravatar.com\/avatar\/a026a9ac79640a4084e74bf3c5273fdf14b3d26d08f476fcfd36c1d77261b730?s=96&d=mm&r=g","contentUrl":"https:\/\/secure.gravatar.com\/avatar\/a026a9ac79640a4084e74bf3c5273fdf14b3d26d08f476fcfd36c1d77261b730?s=96&d=mm&r=g","caption":"Stephane Gantzer"},"url":"https:\/\/www.elecyt.org\/blog\/author\/stephane-gantzer\/"}]}},"_links":{"self":[{"href":"https:\/\/www.elecyt.org\/blog\/wp-json\/wp\/v2\/posts\/273","targetHints":{"allow":["GET"]}}],"collection":[{"href":"https:\/\/www.elecyt.org\/blog\/wp-json\/wp\/v2\/posts"}],"about":[{"href":"https:\/\/www.elecyt.org\/blog\/wp-json\/wp\/v2\/types\/post"}],"author":[{"embeddable":true,"href":"https:\/\/www.elecyt.org\/blog\/wp-json\/wp\/v2\/users\/2"}],"replies":[{"embeddable":true,"href":"https:\/\/www.elecyt.org\/blog\/wp-json\/wp\/v2\/comments?post=273"}],"version-history":[{"count":11,"href":"https:\/\/www.elecyt.org\/blog\/wp-json\/wp\/v2\/posts\/273\/revisions"}],"predecessor-version":[{"id":276,"href":"https:\/\/www.elecyt.org\/blog\/wp-json\/wp\/v2\/posts\/273\/revisions\/276"}],"wp:attachment":[{"href":"https:\/\/www.elecyt.org\/blog\/wp-json\/wp\/v2\/media?parent=273"}],"wp:term":[{"taxonomy":"category","embeddable":true,"href":"https:\/\/www.elecyt.org\/blog\/wp-json\/wp\/v2\/categories?post=273"},{"taxonomy":"post_tag","embeddable":true,"href":"https:\/\/www.elecyt.org\/blog\/wp-json\/wp\/v2\/tags?post=273"}],"curies":[{"name":"wp","href":"https:\/\/api.w.org\/{rel}","templated":true}]}}